{"id":88,"date":"2012-10-16T20:18:29","date_gmt":"2012-10-16T20:18:29","guid":{"rendered":"https:\/\/www.hospitaldelinares.gob.cl\/?p=88"},"modified":"2012-12-20T15:48:54","modified_gmt":"2012-12-20T18:48:54","slug":"eligen-representantes-ante-el-ccu","status":"publish","type":"post","link":"https:\/\/www.hospitaldelinares.gob.cl\/?p=88","title":{"rendered":"ELIGEN REPRESENTANTES ANTE EL CCU"},"content":{"rendered":"<p>Con\u00a0participaci\u00f3n se efectu\u00f3 la elecci\u00f3n de los dos representantes de los funcionarios del Hospital de Linares en el Consejo Consultivo de Usuarios.<\/p>\n<p>Paola Castillo, Jefe OIRS y Presidenta del TRICEL indic\u00f3 que se emitieron 442 sufragios,\u00a0 arrojando los siguientes resultados:<\/p>\n<p>&#8211;\u00a0Iv\u00e1n Rojas P\u00e9rez, 270 votos (1\u00aa mayor\u00eda)<\/p>\n<p>&#8211;\u00a0Gladys Cancino Barros, 210 votos (2\u00aa mayor\u00eda)<\/p>\n<p>&#8211;\u00a0Soledad Fari\u00f1a Rojas, 117 votos (3\u00aa mayor\u00eda)<\/p>\n<p>&#8211;\u00a0Jos\u00e9 Rifo Matus, 117 votos (4\u00aa mayor\u00eda)<\/p>\n<p>Por lo anterior asumir\u00e1n en calidad de Titulares\u00a0 por los pr\u00f3ximos tres a\u00f1os los funcionarios Iv\u00e1n Rojas P\u00e9rez y Gladys Cancino Barros.<br \/>\n<a target=\"_blank\" href=\"http:\/\/www.hospitaldelinares.gob.cl\/wp-content\/uploads\/2012\/10\/elecciones-ccu-1.jpg\" rel=\"lightbox\" title=\"ELIGEN REPRESENTANTES ANTE EL CCU\" rel=\"attachment wp-att-89\"><img loading=\"lazy\" decoding=\"async\" class=\"aligncenter size-full wp-image-89\" title=\"Elecciones CCU\" src=\"\/hoslina\/wp-content\/uploads\/2012\/10\/elecciones-ccu-1.jpg\" alt=\"\" width=\"2048\" height=\"1536\" srcset=\"https:\/\/www.hospitaldelinares.gob.cl\/wp-content\/uploads\/2012\/10\/elecciones-ccu-1.jpg 2048w, https:\/\/www.hospitaldelinares.gob.cl\/wp-content\/uploads\/2012\/10\/elecciones-ccu-1-300x225.jpg 300w, https:\/\/www.hospitaldelinares.gob.cl\/wp-content\/uploads\/2012\/10\/elecciones-ccu-1-1024x768.jpg 1024w\" sizes=\"auto, (max-width: 2048px) 100vw, 2048px\" \/><\/a><\/p>\n","protected":false},"excerpt":{"rendered":"<p>Con\u00a0participaci\u00f3n se efectu\u00f3 la elecci\u00f3n de los dos representantes de los funcionarios del Hospital de Linares en el Consejo Consultivo de Usuarios. Paola Castillo, Jefe OIRS y Presidenta del TRICEL indic\u00f3 que se emitieron 442 [&hellip;]<\/p>\n","protected":false},"author":2,"featured_media":89,"comment_status":"open","ping_status":"open","sticky":false,"template":"","format":"standard","meta":{"footnotes":""},"categories":[5],"tags":[],"class_list":["post-88","post","type-post","status-publish","format-standard","hentry","category-destacados"],"_links":{"self":[{"href":"https:\/\/www.hospitaldelinares.gob.cl\/index.php?rest_route=\/wp\/v2\/posts\/88","targetHints":{"allow":["GET"]}}],"collection":[{"href":"https:\/\/www.hospitaldelinares.gob.cl\/index.php?rest_route=\/wp\/v2\/posts"}],"about":[{"href":"https:\/\/www.hospitaldelinares.gob.cl\/index.php?rest_route=\/wp\/v2\/types\/post"}],"author":[{"embeddable":true,"href":"https:\/\/www.hospitaldelinares.gob.cl\/index.php?rest_route=\/wp\/v2\/users\/2"}],"replies":[{"embeddable":true,"href":"https:\/\/www.hospitaldelinares.gob.cl\/index.php?rest_route=%2Fwp%2Fv2%2Fcomments&post=88"}],"version-history":[{"count":6,"href":"https:\/\/www.hospitaldelinares.gob.cl\/index.php?rest_route=\/wp\/v2\/posts\/88\/revisions"}],"predecessor-version":[{"id":967,"href":"https:\/\/www.hospitaldelinares.gob.cl\/index.php?rest_route=\/wp\/v2\/posts\/88\/revisions\/967"}],"wp:featuredmedia":[{"embeddable":true,"href":"https:\/\/www.hospitaldelinares.gob.cl\/index.php?rest_route=\/wp\/v2\/media\/89"}],"wp:attachment":[{"href":"https:\/\/www.hospitaldelinares.gob.cl\/index.php?rest_route=%2Fwp%2Fv2%2Fmedia&parent=88"}],"wp:term":[{"taxonomy":"category","embeddable":true,"href":"https:\/\/www.hospitaldelinares.gob.cl\/index.php?rest_route=%2Fwp%2Fv2%2Fcategories&post=88"},{"taxonomy":"post_tag","embeddable":true,"href":"https:\/\/www.hospitaldelinares.gob.cl\/index.php?rest_route=%2Fwp%2Fv2%2Ftags&post=88"}],"curies":[{"name":"wp","href":"https:\/\/api.w.org\/{rel}","templated":true}]}}