{"id":7621,"date":"2016-10-17T16:39:04","date_gmt":"2016-10-17T19:39:04","guid":{"rendered":"https:\/\/www.hospitaldelinares.gob.cl\/?p=7621"},"modified":"2017-11-06T09:06:40","modified_gmt":"2017-11-06T12:06:40","slug":"procedimiento-de-acumulacion-de-feriados-legales","status":"publish","type":"post","link":"https:\/\/www.hospitaldelinares.gob.cl\/?p=7621","title":{"rendered":"Procedimiento de Acumulaci\u00f3n de Feriados Legales"},"content":{"rendered":"<p>Conforme a lo se\u00f1alado en el actual Art. N\u00b0 104 inciso tercero de la Ley 18.834 Sobre Estatuto Administrativo, las personas que no pudieran hacer uso del feriado \u00a0en la anualidad correspondiente, podr\u00e1n solicitar su acumulaci\u00f3n para el a\u00f1o siguiente, la fracci\u00f3n que queda pendiente, siempre que ello no implique exceder \u00a0en conjunto de un total de 30, 40 o 50 d\u00edas h\u00e1biles, seg\u00fan sea el caso.<\/p>\n<p>Para lo anterior, primeramente la\/el funcionaria\/o deber\u00e1 completar y firmar el Formulario de Feriado y Permisos, y luego presentar a su jefatura, quien debe rechazar,\u00a0colocando en un extremo inferior el lema:<strong>\u00bb se postergan por razones de buen servicio\u00bb. <\/strong>En segundo t\u00e9rmino, la jefatura debe completar y firmar la Solicitud de Traspaso, conjuntamente con el\/la funcionario\/a, adjuntando el formulario de Feriado y permiso postergado. Ambos documentos deben ser remitidos a la Direcci\u00f3n del Hospital o en su defecto al Departamento de Gesti\u00f3n de las Personas, para el V\u00b0 B\u00b0 del Director del establecimiento.<\/p>\n<p><a href=\"\/hoslina\/wp-content\/uploads\/2016\/10\/SOLICITUD-ACUMULACION-FERIADO-1.doc\">SOLICITUD-ACUMULACION-FERIADO<\/a><\/p>\n<p><a href=\"\/hoslina\/wp-content\/uploads\/2016\/10\/FORMULARIO-DE-FERIADO-Y-PERMISOS.doc\">FORMULARIO DE FERIADO Y PERMISOS<\/a><\/p>\n<p><strong>Nota:<\/strong> Se\u00f1alar que conforme a Dict\u00e1menes de la Contraloria General de la Rep\u00fablica, no procede que la\/el funcionaria\/o \u00a0acumule \u00a0el feriado que \u00a0no pudo hacer uso\u00a0por encontrarse con \u00a0Licencia M\u00e9dica. (Dictamen N\u00b0 22.927 del 24.03.2016).<\/p>\n<p>&nbsp;<\/p>\n<pre id=\"pre_8652471\"><\/pre>\n<p>&nbsp;<\/p>\n","protected":false},"excerpt":{"rendered":"<p>Conforme a lo se\u00f1alado en el actual Art. N\u00b0 104 inciso tercero de la Ley 18.834 Sobre Estatuto Administrativo, las personas que no pudieran hacer uso del feriado \u00a0en la anualidad correspondiente, podr\u00e1n solicitar su [&hellip;]<\/p>\n","protected":false},"author":14,"featured_media":0,"comment_status":"closed","ping_status":"closed","sticky":false,"template":"","format":"standard","meta":{"footnotes":""},"categories":[84],"tags":[],"class_list":["post-7621","post","type-post","status-publish","format-standard","hentry","category-_gestionpersonas-archivos"],"_links":{"self":[{"href":"https:\/\/www.hospitaldelinares.gob.cl\/index.php?rest_route=\/wp\/v2\/posts\/7621","targetHints":{"allow":["GET"]}}],"collection":[{"href":"https:\/\/www.hospitaldelinares.gob.cl\/index.php?rest_route=\/wp\/v2\/posts"}],"about":[{"href":"https:\/\/www.hospitaldelinares.gob.cl\/index.php?rest_route=\/wp\/v2\/types\/post"}],"author":[{"embeddable":true,"href":"https:\/\/www.hospitaldelinares.gob.cl\/index.php?rest_route=\/wp\/v2\/users\/14"}],"replies":[{"embeddable":true,"href":"https:\/\/www.hospitaldelinares.gob.cl\/index.php?rest_route=%2Fwp%2Fv2%2Fcomments&post=7621"}],"version-history":[{"count":6,"href":"https:\/\/www.hospitaldelinares.gob.cl\/index.php?rest_route=\/wp\/v2\/posts\/7621\/revisions"}],"predecessor-version":[{"id":8780,"href":"https:\/\/www.hospitaldelinares.gob.cl\/index.php?rest_route=\/wp\/v2\/posts\/7621\/revisions\/8780"}],"wp:attachment":[{"href":"https:\/\/www.hospitaldelinares.gob.cl\/index.php?rest_route=%2Fwp%2Fv2%2Fmedia&parent=7621"}],"wp:term":[{"taxonomy":"category","embeddable":true,"href":"https:\/\/www.hospitaldelinares.gob.cl\/index.php?rest_route=%2Fwp%2Fv2%2Fcategories&post=7621"},{"taxonomy":"post_tag","embeddable":true,"href":"https:\/\/www.hospitaldelinares.gob.cl\/index.php?rest_route=%2Fwp%2Fv2%2Ftags&post=7621"}],"curies":[{"name":"wp","href":"https:\/\/api.w.org\/{rel}","templated":true}]}}