{"id":3488,"date":"2014-03-18T10:25:59","date_gmt":"2014-03-18T13:25:59","guid":{"rendered":"https:\/\/www.hospitaldelinares.gob.cl\/?p=3488"},"modified":"2014-03-18T10:25:59","modified_gmt":"2014-03-18T13:25:59","slug":"hospital-y-universidad-autonoma-fortalecen-formacion-de-futuros-medicos-en-linares","status":"publish","type":"post","link":"https:\/\/www.hospitaldelinares.gob.cl\/?p=3488","title":{"rendered":"Hospital y Universidad Aut\u00f3noma Fortalecen Formaci\u00f3n de Futuros M\u00e9dicos en Linares"},"content":{"rendered":"<p><em>Con el ingreso de estudiantes en pr\u00e1ctica al servicio asistencial linarense, las instituciones esperan mejorar la formaci\u00f3n en terreno de los futuros m\u00e9dicos.<\/em><\/p>\n<p><a href=\"\/hoslina\/wp-content\/uploads\/2014\/03\/Bienvenida-alumnos-UA-.jpg\" rel=\"lightbox\" title=\"Hospital y Universidad Aut\u00f3noma Fortalecen Formaci\u00f3n de Futuros M\u00e9dicos en Linares\"><img loading=\"lazy\" decoding=\"async\" class=\"alignleft size-medium wp-image-3489\" src=\"\/hoslina\/wp-content\/uploads\/2014\/03\/Bienvenida-alumnos-UA--464x320.jpg\" alt=\"\" width=\"464\" height=\"320\" srcset=\"https:\/\/www.hospitaldelinares.gob.cl\/wp-content\/uploads\/2014\/03\/Bienvenida-alumnos-UA--464x320.jpg 464w, https:\/\/www.hospitaldelinares.gob.cl\/wp-content\/uploads\/2014\/03\/Bienvenida-alumnos-UA-.jpg 640w\" sizes=\"auto, (max-width: 464px) 100vw, 464px\" \/><\/a><\/p>\n<p>En el sal\u00f3n auditorio del Hospital de Linares se llev\u00f3 a cabo la ceremonia de bienvenida a los alumnos de 3\u00ba a\u00f1o de medicina de la Universidad Aut\u00f3noma sede Talca, 62 estudiantes que hacen sus primeros acercamientos al trabajo pr\u00e1ctico profesional.<\/p>\n<p><a href=\"\/hoslina\/wp-content\/uploads\/2014\/03\/Bienvenida-alumnos-UA.jpg\" rel=\"lightbox\" title=\"Hospital y Universidad Aut\u00f3noma Fortalecen Formaci\u00f3n de Futuros M\u00e9dicos en Linares\"><img loading=\"lazy\" decoding=\"async\" class=\"alignleft size-medium wp-image-3490\" src=\"\/hoslina\/wp-content\/uploads\/2014\/03\/Bienvenida-alumnos-UA-479x320.jpg\" alt=\"\" width=\"479\" height=\"320\" srcset=\"https:\/\/www.hospitaldelinares.gob.cl\/wp-content\/uploads\/2014\/03\/Bienvenida-alumnos-UA-479x320.jpg 479w, https:\/\/www.hospitaldelinares.gob.cl\/wp-content\/uploads\/2014\/03\/Bienvenida-alumnos-UA.jpg 640w\" sizes=\"auto, (max-width: 479px) 100vw, 479px\" \/><\/a><\/p>\n<p>En la oportunidad, el Subdirector m\u00e9dico del Hospital Dr. Crist\u00f3bal Campos dio la bienvenida\u00a0 a los j\u00f3venes inst\u00e1ndolos a vincularse con el servicio siempre manteniendo como horizonte el respeto y mejor atenci\u00f3n de los usuarios \u201cya que si no se entiende el fundamento social de la funci\u00f3n m\u00e9dica, dif\u00edcil es cumplir con la funci\u00f3n profesional de mejorar la calidad de vida de las personas\u201d subray\u00f3.<\/p>\n<p>Por su parte el Dr. Luis Vera, Director de la Carrera de Medicina de la UA, indic\u00f3 que estos alumnos de 3\u00ba a\u00f1o, inician su proceso de pr\u00e1ctica donde se espera que conozcan el funcionamiento hospitalario, estructuras y procedimientos, con la intenci\u00f3n de que en los pr\u00f3ximos a\u00f1os realicen su internado que les permita la atenci\u00f3n de usuarios y completar su formaci\u00f3n acad\u00e9mica puntualiz\u00f3.<\/p>\n<p>Cabe se\u00f1alar que estos alumnos est\u00e1n en constante acompa\u00f1amiento de m\u00e9dicos tutores que como docentes complementan su formaci\u00f3n. Esto, gracias al convenio suscrito entre las instituciones, que hacen del Hospital de Linares una instituci\u00f3n de docencia en beneficio de la comunidad.<\/p>\n","protected":false},"excerpt":{"rendered":"<p>Con el ingreso de estudiantes en pr\u00e1ctica al servicio asistencial linarense, las instituciones esperan mejorar la formaci\u00f3n en terreno de los futuros m\u00e9dicos. En el sal\u00f3n auditorio del Hospital de Linares se llev\u00f3 a cabo [&hellip;]<\/p>\n","protected":false},"author":8,"featured_media":3489,"comment_status":"closed","ping_status":"closed","sticky":false,"template":"","format":"standard","meta":{"footnotes":""},"categories":[5],"tags":[],"class_list":["post-3488","post","type-post","status-publish","format-standard","hentry","category-destacados"],"_links":{"self":[{"href":"https:\/\/www.hospitaldelinares.gob.cl\/index.php?rest_route=\/wp\/v2\/posts\/3488","targetHints":{"allow":["GET"]}}],"collection":[{"href":"https:\/\/www.hospitaldelinares.gob.cl\/index.php?rest_route=\/wp\/v2\/posts"}],"about":[{"href":"https:\/\/www.hospitaldelinares.gob.cl\/index.php?rest_route=\/wp\/v2\/types\/post"}],"author":[{"embeddable":true,"href":"https:\/\/www.hospitaldelinares.gob.cl\/index.php?rest_route=\/wp\/v2\/users\/8"}],"replies":[{"embeddable":true,"href":"https:\/\/www.hospitaldelinares.gob.cl\/index.php?rest_route=%2Fwp%2Fv2%2Fcomments&post=3488"}],"version-history":[{"count":7,"href":"https:\/\/www.hospitaldelinares.gob.cl\/index.php?rest_route=\/wp\/v2\/posts\/3488\/revisions"}],"predecessor-version":[{"id":3497,"href":"https:\/\/www.hospitaldelinares.gob.cl\/index.php?rest_route=\/wp\/v2\/posts\/3488\/revisions\/3497"}],"wp:featuredmedia":[{"embeddable":true,"href":"https:\/\/www.hospitaldelinares.gob.cl\/index.php?rest_route=\/wp\/v2\/media\/3489"}],"wp:attachment":[{"href":"https:\/\/www.hospitaldelinares.gob.cl\/index.php?rest_route=%2Fwp%2Fv2%2Fmedia&parent=3488"}],"wp:term":[{"taxonomy":"category","embeddable":true,"href":"https:\/\/www.hospitaldelinares.gob.cl\/index.php?rest_route=%2Fwp%2Fv2%2Fcategories&post=3488"},{"taxonomy":"post_tag","embeddable":true,"href":"https:\/\/www.hospitaldelinares.gob.cl\/index.php?rest_route=%2Fwp%2Fv2%2Ftags&post=3488"}],"curies":[{"name":"wp","href":"https:\/\/api.w.org\/{rel}","templated":true}]}}