{"id":3281,"date":"2014-02-19T12:15:30","date_gmt":"2014-02-19T15:15:30","guid":{"rendered":"https:\/\/www.hospitaldelinares.gob.cl\/?p=3281"},"modified":"2014-02-19T12:15:30","modified_gmt":"2014-02-19T15:15:30","slug":"llaman-a-la-comprension-colaboracion-y-cuidado-durante-los-trabajos-de-reposicion-de-ascensores-en-e","status":"publish","type":"post","link":"https:\/\/www.hospitaldelinares.gob.cl\/?p=3281","title":{"rendered":"Llaman a la Comprensi\u00f3n, Colaboraci\u00f3n y Cuidado Durante los Trabajos de Reposici\u00f3n de Ascensores en el Hospital"},"content":{"rendered":"<p><em>Las faenas tendr\u00e1n una duraci\u00f3n aproximada de 4 meses, por lo que el llamado a la comunidad es a optar por el uso de las escaleras y evitar inconvenientes. <\/em><\/p>\n<p><a href=\"\/hoslina\/wp-content\/uploads\/2014\/02\/reposici\u00f3n-ascensores-web.jpg\" rel=\"lightbox\" title=\"Llaman a la Comprensi\u00f3n, Colaboraci\u00f3n y Cuidado Durante los Trabajos de Reposici\u00f3n de Ascensores en el Hospital \"><img loading=\"lazy\" decoding=\"async\" class=\"alignleft size-medium wp-image-3282\" src=\"\/hoslina\/wp-content\/uploads\/2014\/02\/reposici\u00f3n-ascensores-web-479x320.jpg\" alt=\"\" width=\"479\" height=\"320\" srcset=\"https:\/\/www.hospitaldelinares.gob.cl\/wp-content\/uploads\/2014\/02\/reposici\u00f3n-ascensores-web-479x320.jpg 479w, https:\/\/www.hospitaldelinares.gob.cl\/wp-content\/uploads\/2014\/02\/reposici\u00f3n-ascensores-web.jpg 640w\" sizes=\"auto, (max-width: 479px) 100vw, 479px\" \/><\/a><\/p>\n<p>&nbsp;<\/p>\n<p>&nbsp;<\/p>\n<p>Como un importante avance calificaron los usuarios y funcionarios del servicio hospitalario de Linares, los trabajos de reposici\u00f3n de ascensores y montaplatos que se llevan a cabo para\u00a0 beneficiar los servicios, atenci\u00f3n y traslado de pacientes al interior del edificio.<\/p>\n<p>La reposici\u00f3n de los equipos\u00a0 corresponde a 2 ascensores de 1500 kg y 1725 kg para el transporte de personas y 2 montaplatos con capacidad para 300 kg. Cuya finalidad es la distribuci\u00f3n de la alimentaci\u00f3n en los distintos niveles del centro de atenci\u00f3n de salud.<\/p>\n<p>El Director (s) del Hospital linarense Dr. Francisco Mart\u00ednez Cavalla, hizo un llamado a la comunidad a la comprensi\u00f3n y colaboraci\u00f3n en este proceso de reposici\u00f3n de equipamientos, \u201cya que se ver\u00e1n directamente beneficiados los pacientes y sus familias\u201d destac\u00f3.<\/p>\n<p><strong>\u201cEn estos momentos se encuentra en funcionamiento un s\u00f3lo elevador, por lo que el traslado de pacientes y funcionamiento propio del servicio no se ver\u00e1 alterado, una vez instalado un equipo se procede con el otro, por ello es importante que las personas que visitan a un familiar sean capaces de trasladarse por las escaleras a fin de evitar inconvenientes\u201d,<\/strong> puntualiz\u00f3 la autoridad.<\/p>\n<p>Los trabajos que realiza la empresa Ascensores Schindler S.A. significan una inversi\u00f3n de 285 millones de pesos, con lo cual se reemplazar\u00e1n los antiguos equipos que datan de 1962 y se espera concluyan las obras durante el mes de junio, por lo que se reitera el llamado a la comprensi\u00f3n y cuidado durante las faenas por parte de los usuarios, usando de manera preferencial el elevador, personas de la tercera edad, discapacitados y embarazadas.<\/p>\n","protected":false},"excerpt":{"rendered":"<p>Las faenas tendr\u00e1n una duraci\u00f3n aproximada de 4 meses, por lo que el llamado a la comunidad es a optar por el uso de las escaleras y evitar inconvenientes. &nbsp; &nbsp; Como un importante avance [&hellip;]<\/p>\n","protected":false},"author":8,"featured_media":3282,"comment_status":"closed","ping_status":"closed","sticky":false,"template":"","format":"standard","meta":{"footnotes":""},"categories":[5],"tags":[],"class_list":["post-3281","post","type-post","status-publish","format-standard","hentry","category-destacados"],"_links":{"self":[{"href":"https:\/\/www.hospitaldelinares.gob.cl\/index.php?rest_route=\/wp\/v2\/posts\/3281","targetHints":{"allow":["GET"]}}],"collection":[{"href":"https:\/\/www.hospitaldelinares.gob.cl\/index.php?rest_route=\/wp\/v2\/posts"}],"about":[{"href":"https:\/\/www.hospitaldelinares.gob.cl\/index.php?rest_route=\/wp\/v2\/types\/post"}],"author":[{"embeddable":true,"href":"https:\/\/www.hospitaldelinares.gob.cl\/index.php?rest_route=\/wp\/v2\/users\/8"}],"replies":[{"embeddable":true,"href":"https:\/\/www.hospitaldelinares.gob.cl\/index.php?rest_route=%2Fwp%2Fv2%2Fcomments&post=3281"}],"version-history":[{"count":4,"href":"https:\/\/www.hospitaldelinares.gob.cl\/index.php?rest_route=\/wp\/v2\/posts\/3281\/revisions"}],"predecessor-version":[{"id":3286,"href":"https:\/\/www.hospitaldelinares.gob.cl\/index.php?rest_route=\/wp\/v2\/posts\/3281\/revisions\/3286"}],"wp:featuredmedia":[{"embeddable":true,"href":"https:\/\/www.hospitaldelinares.gob.cl\/index.php?rest_route=\/wp\/v2\/media\/3282"}],"wp:attachment":[{"href":"https:\/\/www.hospitaldelinares.gob.cl\/index.php?rest_route=%2Fwp%2Fv2%2Fmedia&parent=3281"}],"wp:term":[{"taxonomy":"category","embeddable":true,"href":"https:\/\/www.hospitaldelinares.gob.cl\/index.php?rest_route=%2Fwp%2Fv2%2Fcategories&post=3281"},{"taxonomy":"post_tag","embeddable":true,"href":"https:\/\/www.hospitaldelinares.gob.cl\/index.php?rest_route=%2Fwp%2Fv2%2Ftags&post=3281"}],"curies":[{"name":"wp","href":"https:\/\/api.w.org\/{rel}","templated":true}]}}