{"id":3176,"date":"2014-01-10T15:15:31","date_gmt":"2014-01-10T18:15:31","guid":{"rendered":"https:\/\/www.hospitaldelinares.gob.cl\/?p=3176"},"modified":"2014-01-13T09:41:24","modified_gmt":"2014-01-13T12:41:24","slug":"distinguen-a-funcionarios-y-unidades-por-el-reconocimiento-como-mejor-hospital-autogestionado-del-pa","status":"publish","type":"post","link":"https:\/\/www.hospitaldelinares.gob.cl\/?p=3176","title":{"rendered":"Distinguen a Funcionarios y Unidades por el Reconocimiento como \u201cMejor Hospital Autogestionado del Pa\u00eds en Cuanto a Satisfacci\u00f3n Usuaria\u201d"},"content":{"rendered":"<p>La distinci\u00f3n del Hospital de Linares respecto de mejor trato al usuario, se obtuvo tras una medici\u00f3n realizada por el ministerio de Salud en todos los recintos asistenciales del Pa\u00eds.<\/p>\n<p><a href=\"\/hoslina\/wp-content\/uploads\/2014\/01\/reconocimiento-1\u00ba-lugar1.jpg\" rel=\"lightbox\" title=\"Distinguen a Funcionarios y Unidades por el Reconocimiento como \u201cMejor Hospital Autogestionado del Pa\u00eds en Cuanto a Satisfacci\u00f3n Usuaria\u201d \"><img loading=\"lazy\" decoding=\"async\" class=\"alignleft size-full wp-image-3203\" src=\"\/hoslina\/wp-content\/uploads\/2014\/01\/reconocimiento-1\u00ba-lugar1.jpg\" alt=\"\" width=\"448\" height=\"310\" \/><\/a><\/p>\n<p>&nbsp;<\/p>\n<p>Entusiasmo y alegr\u00eda se vivi\u00f3 en la ceremonia de reconocimiento a los funcionarios y unidades del Hospital de Linares, tras la obtenci\u00f3n del primer lugar del pa\u00eds, respecto del trato al usuario en la categor\u00eda autogestionado.<\/p>\n<p>En la oportunidad el Director del establecimiento Dr. Francisco Mart\u00ednez, agradeci\u00f3 y reconoci\u00f3 a cada uno de los servicios y unidades por el trabajo realizado. \u201cDesempe\u00f1o y esfuerzos que permitieron alcanzar los mejores resultados\u201d, subray\u00f3.<\/p>\n<p>Cabe destacar que la evaluaci\u00f3n fue realizada por el Ministerio de Salud a todos los recintos asistenciales del pa\u00eds, donde el hospital de Linares result\u00f3 ser el mejor de los 40 hospitales autogestionados existentes en cuanto a satisfacci\u00f3n usuaria, junto a destacar con el\u00a07\u00ba lugar del total de los servicios\u00a0del pa\u00eds.<\/p>\n<p>La medici\u00f3n se realiz\u00f3 a pacientes dados de alta y tuvo por objetivo determinar el grado de satisfacci\u00f3n de la poblaci\u00f3n, tomando en cuenta toda la cadena de atenci\u00f3n, desde su ingreso, al alta hospitalaria.<\/p>\n<p>Durante la ceremonia los funcionarios se mostraron agradecidos por el reconocimiento, Sandra Machuca, T\u00e9cnico Param\u00e9dico manifest\u00f3 que, \u201cesto hace sentirse bien, porque se valoriza el trabajo que hacemos los funcionarios. Es un reconocimiento merecido por el compromiso y sacrificio que hacemos d\u00eda\u00a0 a d\u00eda, a pesar de las dificultades, lo cual se refleja en la buena atenci\u00f3n que se da a los usuarios\u201d.<\/p>\n\n\t\t<style type=\"text\/css\">\n\t\t\t#gallery-1 {\n\t\t\t\tmargin: auto;\n\t\t\t}\n\t\t\t#gallery-1 .gallery-item {\n\t\t\t\tfloat: left;\n\t\t\t\tmargin-top: 10px;\n\t\t\t\ttext-align: center;\n\t\t\t\twidth: 33%;\n\t\t\t}\n\t\t\t#gallery-1 img {\n\t\t\t\tborder: 2px solid #cfcfcf;\n\t\t\t}\n\t\t\t#gallery-1 .gallery-caption {\n\t\t\t\tmargin-left: 0;\n\t\t\t}\n\t\t\t\/* see gallery_shortcode() in wp-includes\/media.php *\/\n\t\t<\/style>\n\t\t<div id='gallery-1' class='gallery galleryid-3176 gallery-columns-3 gallery-size-thumbnail'><dl class='gallery-item'>\n\t\t\t<dt class='gallery-icon landscape'>\n\t\t\t\t<a href='\/wp-content\/uploads\/2014\/01\/reconocimiento-1\u00ba-lugar1.jpg' rel=\"lightbox[3176]\"><img loading=\"lazy\" decoding=\"async\" width=\"150\" height=\"150\" src=\"\/wp-content\/uploads\/2014\/01\/reconocimiento-1\u00ba-lugar1-150x150.jpg\" class=\"attachment-thumbnail size-thumbnail\" alt=\"\" \/><\/a>\n\t\t\t<\/dt><\/dl><dl class='gallery-item'>\n\t\t\t<dt class='gallery-icon landscape'>\n\t\t\t\t<a href='\/wp-content\/uploads\/2014\/01\/2.jpg' rel=\"lightbox[3176]\"><img loading=\"lazy\" decoding=\"async\" width=\"150\" height=\"150\" src=\"\/wp-content\/uploads\/2014\/01\/2-150x150.jpg\" class=\"attachment-thumbnail size-thumbnail\" alt=\"\" \/><\/a>\n\t\t\t<\/dt><\/dl><dl class='gallery-item'>\n\t\t\t<dt class='gallery-icon landscape'>\n\t\t\t\t<a href='\/wp-content\/uploads\/2014\/01\/4.jpg' rel=\"lightbox[3176]\"><img loading=\"lazy\" decoding=\"async\" width=\"150\" height=\"150\" src=\"\/wp-content\/uploads\/2014\/01\/4-150x150.jpg\" class=\"attachment-thumbnail size-thumbnail\" alt=\"\" \/><\/a>\n\t\t\t<\/dt><\/dl><br style=\"clear: both\" \/><dl class='gallery-item'>\n\t\t\t<dt class='gallery-icon landscape'>\n\t\t\t\t<a href='\/wp-content\/uploads\/2014\/01\/3.jpg' rel=\"lightbox[3176]\"><img loading=\"lazy\" decoding=\"async\" width=\"150\" height=\"150\" src=\"\/wp-content\/uploads\/2014\/01\/3-150x150.jpg\" class=\"attachment-thumbnail size-thumbnail\" alt=\"\" \/><\/a>\n\t\t\t<\/dt><\/dl><dl class='gallery-item'>\n\t\t\t<dt class='gallery-icon landscape'>\n\t\t\t\t<a href='\/wp-content\/uploads\/2014\/01\/1.jpg' rel=\"lightbox[3176]\"><img loading=\"lazy\" decoding=\"async\" width=\"150\" height=\"150\" src=\"\/wp-content\/uploads\/2014\/01\/1-150x150.jpg\" class=\"attachment-thumbnail size-thumbnail\" alt=\"\" \/><\/a>\n\t\t\t<\/dt><\/dl>\n\t\t\t<br style='clear: both' \/>\n\t\t<\/div>\n\n<p>&nbsp;<\/p>\n<p>&nbsp;<\/p>\n","protected":false},"excerpt":{"rendered":"<p>La distinci\u00f3n del Hospital de Linares respecto de mejor trato al usuario, se obtuvo tras una medici\u00f3n realizada por el ministerio de Salud en todos los recintos asistenciales del Pa\u00eds. &nbsp; Entusiasmo y alegr\u00eda se [&hellip;]<\/p>\n","protected":false},"author":8,"featured_media":3203,"comment_status":"closed","ping_status":"closed","sticky":false,"template":"","format":"standard","meta":{"footnotes":""},"categories":[5],"tags":[],"class_list":["post-3176","post","type-post","status-publish","format-standard","hentry","category-destacados"],"_links":{"self":[{"href":"https:\/\/www.hospitaldelinares.gob.cl\/index.php?rest_route=\/wp\/v2\/posts\/3176","targetHints":{"allow":["GET"]}}],"collection":[{"href":"https:\/\/www.hospitaldelinares.gob.cl\/index.php?rest_route=\/wp\/v2\/posts"}],"about":[{"href":"https:\/\/www.hospitaldelinares.gob.cl\/index.php?rest_route=\/wp\/v2\/types\/post"}],"author":[{"embeddable":true,"href":"https:\/\/www.hospitaldelinares.gob.cl\/index.php?rest_route=\/wp\/v2\/users\/8"}],"replies":[{"embeddable":true,"href":"https:\/\/www.hospitaldelinares.gob.cl\/index.php?rest_route=%2Fwp%2Fv2%2Fcomments&post=3176"}],"version-history":[{"count":19,"href":"https:\/\/www.hospitaldelinares.gob.cl\/index.php?rest_route=\/wp\/v2\/posts\/3176\/revisions"}],"predecessor-version":[{"id":3204,"href":"https:\/\/www.hospitaldelinares.gob.cl\/index.php?rest_route=\/wp\/v2\/posts\/3176\/revisions\/3204"}],"wp:featuredmedia":[{"embeddable":true,"href":"https:\/\/www.hospitaldelinares.gob.cl\/index.php?rest_route=\/wp\/v2\/media\/3203"}],"wp:attachment":[{"href":"https:\/\/www.hospitaldelinares.gob.cl\/index.php?rest_route=%2Fwp%2Fv2%2Fmedia&parent=3176"}],"wp:term":[{"taxonomy":"category","embeddable":true,"href":"https:\/\/www.hospitaldelinares.gob.cl\/index.php?rest_route=%2Fwp%2Fv2%2Fcategories&post=3176"},{"taxonomy":"post_tag","embeddable":true,"href":"https:\/\/www.hospitaldelinares.gob.cl\/index.php?rest_route=%2Fwp%2Fv2%2Ftags&post=3176"}],"curies":[{"name":"wp","href":"https:\/\/api.w.org\/{rel}","templated":true}]}}