{"id":3089,"date":"2013-12-06T16:08:23","date_gmt":"2013-12-06T19:08:23","guid":{"rendered":"https:\/\/www.hospitaldelinares.gob.cl\/?p=3089"},"modified":"2013-12-06T16:10:23","modified_gmt":"2013-12-06T19:10:23","slug":"presentan-maqueta-del-nuevo-hospital-de-linares-2","status":"publish","type":"post","link":"https:\/\/www.hospitaldelinares.gob.cl\/?p=3089","title":{"rendered":"Presentan Maqueta del Nuevo Hospital a la Comunidad"},"content":{"rendered":"<p>Con una masiva participaci\u00f3n de autoridades locales y regionales, adem\u00e1s de representantes de la comunidad, se llev\u00f3 a cabo la presentaci\u00f3n oficial de la maqueta del nuevo hospital de Linares.<\/p>\n<p>La actividad se realiz\u00f3 en el auditorio del hospital y estuvo encabezada por su director, Dr. Francisco Mart\u00ednez; \u00a0el director del Servicio de Salud Maule, Dr. Francisco Uribe; \u00a0el diputado Romilio \u00a0Guti\u00e9rrez; el alcalde de Linares, Rolando Renter\u00eda y el jefe de gabinete de la Gobernaci\u00f3n de Linares, Ra\u00fal Droghetti, adem\u00e1s de los integrantes del Consejo Consultivo del Hospital, Magdalena Leiva e Iv\u00e1n Rojas.<\/p>\n<p>\u201cEsta es la culminaci\u00f3n de un proceso que ha durado 2 a\u00f1os. Ten\u00edamos el compromiso de construir un hospital nuevo y ya tenemos el dise\u00f1o de la arquitectura, los estudios de ingenier\u00eda y hoy presentamos la maqueta oficial del nuevo recinto asistencial\u201d, indic\u00f3 el Dr. Uribe.<\/p>\n<p>El edificio tendr\u00e1 una superficie de m\u00e1s de 60 mil metros cuadrados y representar\u00e1 una inversi\u00f3n de 100 mil millones de pesos, los que ser\u00e1n financiados en su totalidad por el Estado, a trav\u00e9s del modelo de concesiones. De acuerdo al proyecto, el hospital tendr\u00e1 400 camas, 12 pabellones; 7 salas de intervenci\u00f3n menor, 3 salas de parto integral, 27 box de consultas m\u00e9dicas y un helipuerto.<\/p>\n<p>\u201cDadas las caracter\u00edsticas de alta complejidad de este centro asistencial, su emplazamiento debe ser cercano a la carretera, ya que no solo es un hospital para la Provincia de Linares, sino que tambi\u00e9n debe estar al servicio de cualquier otra regi\u00f3n en caso de una emergencia\u201d, indic\u00f3 el Dr. Uribe. Adem\u00e1s destac\u00f3 que \u201cesto es un punto sin retorno, es un hecho concreto que el hospital se construye. Vamos a tener un hospital de alta complejidad\u201d, enfatiz\u00f3 el director.<\/p>\n<p>En tanto el Dr. Francisco Mart\u00ednez destac\u00f3 la presentaci\u00f3n de la maqueta como un hecho de alta importancia, ya que refleja el proyecto de un \u201chospital moderno, con tecnolog\u00eda para resolver muchos problemas en el nivel local. Vamos a poder realizar procedimientos m\u00e9dicos y de cirug\u00eda que antes no pod\u00edamos\u201d, se\u00f1al\u00f3.<\/p>\n<p>En tanto el diputado Romilio Guti\u00e9rrez, uno de los principales impulsores de esta medida junto al senador Hern\u00e1n Larra\u00edn y el Intendente Rodrigo Galilea, valor\u00f3 el compromiso del actual Gobierno de impulsar el proyecto del nuevo hospital. \u201cConstruir el hospital fue una decisi\u00f3n de este Gobierno. Considerarlo en el plan de renovaci\u00f3n de infraestructura hospitalaria fue una decisi\u00f3n que se adopt\u00f3 tomando en cuenta las enormes necesidades que ten\u00eda la poblaci\u00f3n y que hoy se ven cumplidas con la materializaci\u00f3n de este proyecto\u201d, indic\u00f3 el diputado Romilio Guti\u00e9rrez.<\/p>\n<p>La construcci\u00f3n del hospital comenzar\u00e1 durante el segundo semestre del pr\u00f3ximo a\u00f1o y deber\u00eda estar finalizado el 2017.<\/p>\n<p>&nbsp;<\/p>\n<p><a href=\"\/hoslina\/wp-content\/uploads\/2013\/12\/maqueta1.jpg\" rel=\"lightbox\" title=\"Presentan Maqueta del Nuevo Hospital a la Comunidad \"><img loading=\"lazy\" decoding=\"async\" class=\"alignnone size-medium wp-image-3091\" src=\"\/hoslina\/wp-content\/uploads\/2013\/12\/maqueta1-426x320.jpg\" alt=\"\" width=\"426\" height=\"320\" \/><\/a><\/p>\n<p>&nbsp;<\/p>\n<p><a href=\"\/hoslina\/wp-content\/uploads\/2013\/12\/maqueta-22.jpg\" rel=\"lightbox\" title=\"Presentan Maqueta del Nuevo Hospital a la Comunidad \"><img loading=\"lazy\" decoding=\"async\" class=\"alignnone size-medium wp-image-3092\" src=\"\/hoslina\/wp-content\/uploads\/2013\/12\/maqueta-22-426x320.jpg\" alt=\"\" width=\"426\" height=\"320\" \/><\/a><\/p>\n","protected":false},"excerpt":{"rendered":"<p>Con una masiva participaci\u00f3n de autoridades locales y regionales, adem\u00e1s de representantes de la comunidad, se llev\u00f3 a cabo la presentaci\u00f3n oficial de la maqueta del nuevo hospital de Linares. La actividad se realiz\u00f3 en [&hellip;]<\/p>\n","protected":false},"author":8,"featured_media":3091,"comment_status":"closed","ping_status":"closed","sticky":false,"template":"","format":"standard","meta":{"footnotes":""},"categories":[5],"tags":[],"class_list":["post-3089","post","type-post","status-publish","format-standard","hentry","category-destacados"],"_links":{"self":[{"href":"https:\/\/www.hospitaldelinares.gob.cl\/index.php?rest_route=\/wp\/v2\/posts\/3089","targetHints":{"allow":["GET"]}}],"collection":[{"href":"https:\/\/www.hospitaldelinares.gob.cl\/index.php?rest_route=\/wp\/v2\/posts"}],"about":[{"href":"https:\/\/www.hospitaldelinares.gob.cl\/index.php?rest_route=\/wp\/v2\/types\/post"}],"author":[{"embeddable":true,"href":"https:\/\/www.hospitaldelinares.gob.cl\/index.php?rest_route=\/wp\/v2\/users\/8"}],"replies":[{"embeddable":true,"href":"https:\/\/www.hospitaldelinares.gob.cl\/index.php?rest_route=%2Fwp%2Fv2%2Fcomments&post=3089"}],"version-history":[{"count":3,"href":"https:\/\/www.hospitaldelinares.gob.cl\/index.php?rest_route=\/wp\/v2\/posts\/3089\/revisions"}],"predecessor-version":[{"id":3094,"href":"https:\/\/www.hospitaldelinares.gob.cl\/index.php?rest_route=\/wp\/v2\/posts\/3089\/revisions\/3094"}],"wp:featuredmedia":[{"embeddable":true,"href":"https:\/\/www.hospitaldelinares.gob.cl\/index.php?rest_route=\/wp\/v2\/media\/3091"}],"wp:attachment":[{"href":"https:\/\/www.hospitaldelinares.gob.cl\/index.php?rest_route=%2Fwp%2Fv2%2Fmedia&parent=3089"}],"wp:term":[{"taxonomy":"category","embeddable":true,"href":"https:\/\/www.hospitaldelinares.gob.cl\/index.php?rest_route=%2Fwp%2Fv2%2Fcategories&post=3089"},{"taxonomy":"post_tag","embeddable":true,"href":"https:\/\/www.hospitaldelinares.gob.cl\/index.php?rest_route=%2Fwp%2Fv2%2Ftags&post=3089"}],"curies":[{"name":"wp","href":"https:\/\/api.w.org\/{rel}","templated":true}]}}