{"id":3063,"date":"2013-11-26T17:02:42","date_gmt":"2013-11-26T20:02:42","guid":{"rendered":"https:\/\/www.hospitaldelinares.gob.cl\/?p=3063"},"modified":"2013-11-26T17:02:42","modified_gmt":"2013-11-26T20:02:42","slug":"asumio-nuevo-director-en-hospital-de-linares","status":"publish","type":"post","link":"https:\/\/www.hospitaldelinares.gob.cl\/?p=3063","title":{"rendered":"Asumi\u00f3 nuevo Director en Hospital de Linares"},"content":{"rendered":"<p>El Dr. Francisco Mart\u00ednez Cavalla asumi\u00f3 como nuevo director (S) del Hospital Carlos Ib\u00e1\u00f1ez del Campo de Linares en reemplazo del Dr. Jos\u00e9 Mart\u00ednez Mosqueira, quien presentara su renuncia a pocos d\u00edas de haber asumido el cargo.<\/p>\n<p>El nombramiento de la nueva autoridad estuvo encabezada por el Director del Servicio de Salud Maule, Dr. Francisco Uribe, quien se reuni\u00f3 con los jefes de servicio del hospital y posteriormente con la directiva del Consejo Consultivo.<\/p>\n<p>El Director del SSM, Dr. Francisco Uribe, se\u00f1al\u00f3 que \u201cel Dr. Mart\u00ednez Cavalla ha aceptado este gran desaf\u00edo con mucho \u00e1nimo, la tarea es grande y tiene dos trabajos importantes para los pr\u00f3ximos noventa d\u00edas, la primera es mejorar la atenci\u00f3n de urgencia y la segunda corresponde a reintegrar el trabajo en red con el resto de los hospitales de la regi\u00f3n. Para todo esto contar\u00e1 con el completo apoyo del Servicio de Salud y del Ministerio\u201d, concluy\u00f3.<\/p>\n<p>El Dr. Francisco Mart\u00ednez Cavalla es otorrinolaring\u00f3logo y funcionario del Hospital de Linares desde el a\u00f1o 2005. \u00a0\u201cAgradezco la confianza depositada en m\u00ed, trabajaremos firme y en conjunto, asumo esta tarea con responsabilidad y compromiso. El Dr. Uribe me ha designado dos tareas importantes, me esforzar\u00e9 al m\u00e1ximo por dar cumplimiento a \u00e9stas antes del plazo dado\u201d indic\u00f3.<\/p>\n<p>Sin duda se trata de un enorme desaf\u00edo que tiene por finalidad asegurar la salud de las personas, ya que se trata del recinto asistencial de mayor complejidad del Maule Sur.<\/p>\n<p>&nbsp;<\/p>\n<p>&nbsp;<\/p>\n","protected":false},"excerpt":{"rendered":"<p>El Dr. Francisco Mart\u00ednez Cavalla asumi\u00f3 como nuevo director (S) del Hospital Carlos Ib\u00e1\u00f1ez del Campo de Linares en reemplazo del Dr. Jos\u00e9 Mart\u00ednez Mosqueira, quien presentara su renuncia a pocos d\u00edas de haber asumido [&hellip;]<\/p>\n","protected":false},"author":8,"featured_media":0,"comment_status":"closed","ping_status":"closed","sticky":false,"template":"","format":"standard","meta":{"footnotes":""},"categories":[5],"tags":[],"class_list":["post-3063","post","type-post","status-publish","format-standard","hentry","category-destacados"],"_links":{"self":[{"href":"https:\/\/www.hospitaldelinares.gob.cl\/index.php?rest_route=\/wp\/v2\/posts\/3063","targetHints":{"allow":["GET"]}}],"collection":[{"href":"https:\/\/www.hospitaldelinares.gob.cl\/index.php?rest_route=\/wp\/v2\/posts"}],"about":[{"href":"https:\/\/www.hospitaldelinares.gob.cl\/index.php?rest_route=\/wp\/v2\/types\/post"}],"author":[{"embeddable":true,"href":"https:\/\/www.hospitaldelinares.gob.cl\/index.php?rest_route=\/wp\/v2\/users\/8"}],"replies":[{"embeddable":true,"href":"https:\/\/www.hospitaldelinares.gob.cl\/index.php?rest_route=%2Fwp%2Fv2%2Fcomments&post=3063"}],"version-history":[{"count":2,"href":"https:\/\/www.hospitaldelinares.gob.cl\/index.php?rest_route=\/wp\/v2\/posts\/3063\/revisions"}],"predecessor-version":[{"id":3067,"href":"https:\/\/www.hospitaldelinares.gob.cl\/index.php?rest_route=\/wp\/v2\/posts\/3063\/revisions\/3067"}],"wp:attachment":[{"href":"https:\/\/www.hospitaldelinares.gob.cl\/index.php?rest_route=%2Fwp%2Fv2%2Fmedia&parent=3063"}],"wp:term":[{"taxonomy":"category","embeddable":true,"href":"https:\/\/www.hospitaldelinares.gob.cl\/index.php?rest_route=%2Fwp%2Fv2%2Fcategories&post=3063"},{"taxonomy":"post_tag","embeddable":true,"href":"https:\/\/www.hospitaldelinares.gob.cl\/index.php?rest_route=%2Fwp%2Fv2%2Ftags&post=3063"}],"curies":[{"name":"wp","href":"https:\/\/api.w.org\/{rel}","templated":true}]}}