{"id":2323,"date":"2013-06-20T14:09:28","date_gmt":"2013-06-20T17:09:28","guid":{"rendered":"https:\/\/www.hospitaldelinares.gob.cl\/?p=2323"},"modified":"2013-06-20T14:09:45","modified_gmt":"2013-06-20T17:09:45","slug":"carta-de-felicitaciones-a-funcionarios-del-hospital-de-linares","status":"publish","type":"post","link":"https:\/\/www.hospitaldelinares.gob.cl\/?p=2323","title":{"rendered":"Carta de Felicitaciones a Funcionarios del Hospital de Linares"},"content":{"rendered":"<p>Se\u00f1or<br \/>\nRub\u00e9n Bravo Castillo<br \/>\nDirector Hospital de Linares<br \/>\nPresente<\/p>\n<p>De mi consideraci\u00f3n, me dirijo a Usted para exponerle que el d\u00eda 03 de Junio del a\u00f1o en curso ingres\u00e9 con mi hijo de 10 a\u00f1os de edad Joaqu\u00edn Amour Aqueveque D\u00edaz al Servicio de Urgencia, debido a lesiones de bulling recibidas en su establecimiento educacional. Al llegar solicitamos ayuda a un auxiliar (del que no recuerdo su nombre) quien hizo por m\u00ed el tr\u00e1mite administrativo, mientras el m\u00e9dico Claudio Pinto Vigueras acudi\u00f3 de inmediato en mi auxilio para entregarle la atenci\u00f3n que mi peque\u00f1o necesitaba, agilizando prontamente todo tr\u00e1mite necesario para que mi hijo recibiera una atenci\u00f3n digna, \u00e1gil y con todo su profesionalismo puesto a disposici\u00f3n del menor.<br \/>\nCabe precisar que mi peque\u00f1o ingres\u00f3 con diagn\u00f3stico de Contusi\u00f3n Cerebral, Trauma Ocular de Ojo Izquierdo y lesiones de mediana gravedad.<br \/>\nPor su intermedio quiero hacer llegar mis sinceros agradecimientos al profesional y por sobretodo al ser humano por la entrega de un servicio eficaz y eficiente, que de no haber sido as\u00ed quiz\u00e1s hoy estar\u00edamos hablando de otra historia completamente distinta. Tambi\u00e9n deseo destacar en el Servicio de Urgencias la intervenci\u00f3n del Sr. Jaime G\u00f3mez, a quien quiero destacar por su amplia disposici\u00f3n en la ayuda y asesor\u00eda que necesitamos los usuarios, especialmente en la contenci\u00f3n que se necesita en los momentos dif\u00edciles que nos toc\u00f3 enfrentar.<br \/>\nHago extensivo estos agradecimientos al Servicio de Oftalmolog\u00eda (Sra. Ruth y Srta. Patricia) adem\u00e1s del Dr. Camerati donde nos atendieron de forma brillante. Llegamos a dicha unidad por la intervenci\u00f3n y gesti\u00f3n del Dr. Pinto.<\/p>\n<p>Tambi\u00e9n quiero destacar a quienes me asistieron en el quinto piso durante su hospitalizaci\u00f3n, especialmente a personal de la UCP, quienes en forma muy atenta y amorosa nos prestaron toda su atenci\u00f3n y disposici\u00f3n (M\u00e9dicos, Enfermeras, Auxiliares de Enfermer\u00eda) sin excepci\u00f3n.<\/p>\n<p>Muchas veces y posiblemente en la mayor\u00eda de ellas, nos dedicamos a ver las falencias en el lugar y dejamos de lado lo que realmente importa como es la valoraci\u00f3n de los profesionales de la salud que diariamente entregan lo mejor de s\u00ed por salvar vidas humanas, en este caso \u2026 la de mi hijo.<\/p>\n<p>En la parte administrativa hay tambi\u00e9n honores y aqu\u00ed me detengo en dos personas. La Sra. Mar\u00eda In\u00e9s N\u00fa\u00f1ez, Jefe de Estad\u00edstica y la Sra. Claudia Bravo, Personal Administrativo por su presta atenci\u00f3n en cuanto acud\u00ed por su ayuda.<\/p>\n<p>Por lo antes expuesto, quiero solicitar que por su intermedio haga llegar las felicitaciones y agradecimientos de una seguidilla de personas que est\u00e1n detr\u00e1s de m\u00ed, avalando estos hechos que he decidido difundir en todos los estratos (Ministerio de Educaci\u00f3n, Municipio, Medios de comunicaci\u00f3n oral y escritos).<\/p>\n<p>Lo que hacen estas personas (Funcionarios) no es producto de la casualidad y es digno de destacar, ya que aqu\u00ed se evidencia la respuesta y demostraci\u00f3n de un buen trabajo en equipo en donde todos reman hacia un mismo lado en pos del beneficio de los usuarios del servicio de salud y ciudadanos de la Provincia de Linares lo que engrandece y dignifica la hermosa labor de los profesionales de la salud dirigidos bajo la venia de un grande,, Don Rub\u00e9n Bravo Castillo.<br \/>\nMis infinitos Agradecimientos<\/p>\n<p>Atentamente,<\/p>\n<p>M\u00f3nica D\u00edaz Fuentes<\/p>\n","protected":false},"excerpt":{"rendered":"<p>Se\u00f1or Rub\u00e9n Bravo Castillo Director Hospital de Linares Presente De mi consideraci\u00f3n, me dirijo a Usted para exponerle que el d\u00eda 03 de Junio del a\u00f1o en curso ingres\u00e9 con mi hijo de 10 a\u00f1os [&hellip;]<\/p>\n","protected":false},"author":8,"featured_media":0,"comment_status":"closed","ping_status":"closed","sticky":false,"template":"","format":"standard","meta":{"footnotes":""},"categories":[5],"tags":[],"class_list":["post-2323","post","type-post","status-publish","format-standard","hentry","category-destacados"],"_links":{"self":[{"href":"https:\/\/www.hospitaldelinares.gob.cl\/index.php?rest_route=\/wp\/v2\/posts\/2323","targetHints":{"allow":["GET"]}}],"collection":[{"href":"https:\/\/www.hospitaldelinares.gob.cl\/index.php?rest_route=\/wp\/v2\/posts"}],"about":[{"href":"https:\/\/www.hospitaldelinares.gob.cl\/index.php?rest_route=\/wp\/v2\/types\/post"}],"author":[{"embeddable":true,"href":"https:\/\/www.hospitaldelinares.gob.cl\/index.php?rest_route=\/wp\/v2\/users\/8"}],"replies":[{"embeddable":true,"href":"https:\/\/www.hospitaldelinares.gob.cl\/index.php?rest_route=%2Fwp%2Fv2%2Fcomments&post=2323"}],"version-history":[{"count":4,"href":"https:\/\/www.hospitaldelinares.gob.cl\/index.php?rest_route=\/wp\/v2\/posts\/2323\/revisions"}],"predecessor-version":[{"id":2331,"href":"https:\/\/www.hospitaldelinares.gob.cl\/index.php?rest_route=\/wp\/v2\/posts\/2323\/revisions\/2331"}],"wp:attachment":[{"href":"https:\/\/www.hospitaldelinares.gob.cl\/index.php?rest_route=%2Fwp%2Fv2%2Fmedia&parent=2323"}],"wp:term":[{"taxonomy":"category","embeddable":true,"href":"https:\/\/www.hospitaldelinares.gob.cl\/index.php?rest_route=%2Fwp%2Fv2%2Fcategories&post=2323"},{"taxonomy":"post_tag","embeddable":true,"href":"https:\/\/www.hospitaldelinares.gob.cl\/index.php?rest_route=%2Fwp%2Fv2%2Ftags&post=2323"}],"curies":[{"name":"wp","href":"https:\/\/api.w.org\/{rel}","templated":true}]}}