{"id":2320,"date":"2013-06-17T13:18:17","date_gmt":"2013-06-17T16:18:17","guid":{"rendered":"https:\/\/www.hospitaldelinares.gob.cl\/?p=2320"},"modified":"2013-06-17T13:18:17","modified_gmt":"2013-06-17T16:18:17","slug":"importante-capacitacion-enfatiza-el-mejoramiento-de-la-gestion-hospitalaria","status":"publish","type":"post","link":"https:\/\/www.hospitaldelinares.gob.cl\/?p=2320","title":{"rendered":"Importante capacitaci\u00f3n enfatiza el mejoramiento de la gesti\u00f3n hospitalaria"},"content":{"rendered":"<p>Una variada gama de tem\u00e1ticas fue analizada en\u00a0 reciente jornada de capacitaci\u00f3n desarrollada en dependencias del Hospital de Linares y que cont\u00f3 entre sus expositores al Dr. Emilio Santelices, Doctorado en Salud P\u00fablica y encargado del Departamento de Desarrollo Estr\u00e1tegico del Gabinete del Ministro de Salud, quien abord\u00f3 el tema \u00abAgenda de Modernizaci\u00f3n Hospitalaria\u00bb. Tambi\u00e9n se expusieron otros importantes temas como por ejemplo \u00abconceptos b\u00e1sicos del GRD y su impacto como herramienta de apoyo y a la gesti\u00f3n cl\u00ednica y financiera los que fueron abordados por el T.M. Alonso Jorquera y el Dr. Rub\u00e9n Bravo, respectivamente.<\/p>\n<p>Por su parte, la Matrona V\u00edctoria San Mart\u00edn abord\u00f3 la tem\u00e1tica desde el \u00e1rea de la Obstetricia y Ginecolog\u00eda. Otros temas presentados en la oportunidad fueron \u00bb la construcci\u00f3n de indicadores de seguridad asistencial\u00bb y \u00abel pago ajustado por riesgo\u00bb a cargo de la E.U. Ver\u00f3nica Ortega y la Importancia y Calidad en los registros cl\u00ednicos a cargo de la T. M. Mar\u00eda Eugenia Cornejo.<\/p>\n","protected":false},"excerpt":{"rendered":"<p>Una variada gama de tem\u00e1ticas fue analizada en\u00a0 reciente jornada de capacitaci\u00f3n desarrollada en dependencias del Hospital de Linares y que cont\u00f3 entre sus expositores al Dr. Emilio Santelices, Doctorado en Salud P\u00fablica y encargado [&hellip;]<\/p>\n","protected":false},"author":8,"featured_media":0,"comment_status":"closed","ping_status":"closed","sticky":false,"template":"","format":"standard","meta":{"footnotes":""},"categories":[5],"tags":[],"class_list":["post-2320","post","type-post","status-publish","format-standard","hentry","category-destacados"],"_links":{"self":[{"href":"https:\/\/www.hospitaldelinares.gob.cl\/index.php?rest_route=\/wp\/v2\/posts\/2320","targetHints":{"allow":["GET"]}}],"collection":[{"href":"https:\/\/www.hospitaldelinares.gob.cl\/index.php?rest_route=\/wp\/v2\/posts"}],"about":[{"href":"https:\/\/www.hospitaldelinares.gob.cl\/index.php?rest_route=\/wp\/v2\/types\/post"}],"author":[{"embeddable":true,"href":"https:\/\/www.hospitaldelinares.gob.cl\/index.php?rest_route=\/wp\/v2\/users\/8"}],"replies":[{"embeddable":true,"href":"https:\/\/www.hospitaldelinares.gob.cl\/index.php?rest_route=%2Fwp%2Fv2%2Fcomments&post=2320"}],"version-history":[{"count":3,"href":"https:\/\/www.hospitaldelinares.gob.cl\/index.php?rest_route=\/wp\/v2\/posts\/2320\/revisions"}],"predecessor-version":[{"id":2325,"href":"https:\/\/www.hospitaldelinares.gob.cl\/index.php?rest_route=\/wp\/v2\/posts\/2320\/revisions\/2325"}],"wp:attachment":[{"href":"https:\/\/www.hospitaldelinares.gob.cl\/index.php?rest_route=%2Fwp%2Fv2%2Fmedia&parent=2320"}],"wp:term":[{"taxonomy":"category","embeddable":true,"href":"https:\/\/www.hospitaldelinares.gob.cl\/index.php?rest_route=%2Fwp%2Fv2%2Fcategories&post=2320"},{"taxonomy":"post_tag","embeddable":true,"href":"https:\/\/www.hospitaldelinares.gob.cl\/index.php?rest_route=%2Fwp%2Fv2%2Ftags&post=2320"}],"curies":[{"name":"wp","href":"https:\/\/api.w.org\/{rel}","templated":true}]}}