{"id":15737,"date":"2026-09-03T12:45:10","date_gmt":"2026-09-03T16:45:10","guid":{"rendered":"https:\/\/www.hospitaldelinares.gob.cl\/?p=15737"},"modified":"2026-09-03T12:45:10","modified_gmt":"2026-09-03T16:45:10","slug":"hospital-de-linares-y-equipos-de-atencion-primaria-avanzan-en-plan-provincial-para-fortalecer-el-abo","status":"publish","type":"post","link":"https:\/\/www.hospitaldelinares.gob.cl\/?p=15737","title":{"rendered":"Hospital de Linares y equipos de Atenci\u00f3n Primaria avanzan en plan provincial para fortalecer el abordaje de la diabetes"},"content":{"rendered":"<p><img loading=\"lazy\" decoding=\"async\" class=\"wp-image-15738 aligncenter\" src=\"\/wp-content\/uploads\/2026\/09\/20260828_100503-569x320.jpg\" alt=\"\" width=\"823\" height=\"463\" srcset=\"https:\/\/www.hospitaldelinares.gob.cl\/wp-content\/uploads\/2026\/09\/20260828_100503-569x320.jpg 569w, https:\/\/www.hospitaldelinares.gob.cl\/wp-content\/uploads\/2026\/09\/20260828_100503-768x432.jpg 768w, https:\/\/www.hospitaldelinares.gob.cl\/wp-content\/uploads\/2026\/09\/20260828_100503-1536x864.jpg 1536w, https:\/\/www.hospitaldelinares.gob.cl\/wp-content\/uploads\/2026\/09\/20260828_100503-2048x1153.jpg 2048w\" sizes=\"auto, (max-width: 823px) 100vw, 823px\" \/><strong>La iniciativa busca fortalecer la articulaci\u00f3n de la red asistencial y mejorar los indicadores asociados a esta patolog\u00eda a nivel provincial.<\/strong><\/p>\n<p>El viernes 28 de agosto se realiz\u00f3 una nueva reuni\u00f3n de trabajo entre los Directores de Departamentos de Salud de Atenci\u00f3n Primaria de la Provincia de Linares y representantes del Hospital de Linares, instancia encabezada por el Director del establecimiento, <strong>Dr. Ren\u00e9 Espinosa Cantero<\/strong>, y que cont\u00f3 con la participaci\u00f3n del Subdirector Cl\u00ednico, <strong>Guillermo Mu\u00f1oz<\/strong>, y los asesores de la <strong>Unidad de Coordinaci\u00f3n de Redes Asistenciales (U.C.R.A.)<\/strong>.<\/p>\n<p>Durante la jornada se revis\u00f3 el <strong>Plan de Trabajo del Objetivo Com\u00fan Provincial: Diabetes<\/strong>, iniciativa orientada a fortalecer la articulaci\u00f3n entre los distintos niveles de atenci\u00f3n y contribuir a mejorar los indicadores relacionados con esta patolog\u00eda a nivel provincial.<\/p>\n<p>La actividad cont\u00f3 adem\u00e1s con la participaci\u00f3n del jefe del Departamento de Atenci\u00f3n Primaria de la Direcci\u00f3n del Servicio de Salud Maule (DSSM), <strong>Dr. Nivaldo Calabran<\/strong>, junto a las referentes asesoras <strong>Enf. Camila G\u00f3mez, Enf. Elizabeth Gatica<\/strong> y la gestora territorial, <strong>psic\u00f3loga Daniela V\u00e1squez<\/strong>.<\/p>\n<p>Asimismo, los Directores de Departamentos de Salud estuvieron acompa\u00f1ados por los referentes de los programas del Adulto y de Salud Cardiovascular, quienes aportaron desde sus respectivos \u00e1mbitos al desarrollo de esta propuesta de trabajo.<\/p>\n<p>En este contexto, el Director del Hospital de Linares, <strong>Dr. Ren\u00e9 Espinosa Cantero<\/strong>, destac\u00f3 la relevancia de continuar fortaleciendo la coordinaci\u00f3n entre el Hospital y la Atenci\u00f3n Primaria, impulsando acciones articuladas que permitan avanzar en la prevenci\u00f3n, atenci\u00f3n y control de la diabetes.<\/p>\n<p>\u201cFortalecer el trabajo coordinado de nuestra red es fundamental para abordar de manera integral las necesidades de salud de nuestra comunidad. Este tipo de instancias nos permiten establecer objetivos comunes y avanzar en estrategias que contribuyan a mejorar la atenci\u00f3n y los resultados en salud de las personas de nuestra provincia\u201d, se\u00f1al\u00f3 el Director.<\/p>\n<p>La reuni\u00f3n constituye un nuevo espacio de coordinaci\u00f3n entre el Hospital de Linares y los equipos de Atenci\u00f3n Primaria, reafirmando el compromiso de la red asistencial con el trabajo colaborativo y la implementaci\u00f3n de estrategias orientadas a entregar una atenci\u00f3n oportuna y de calidad a la comunidad.<\/p>\n<p><img loading=\"lazy\" decoding=\"async\" class=\"alignnone size-medium wp-image-15740 aligncenter\" src=\"\/wp-content\/uploads\/2026\/09\/20260828_100259-569x320.jpg\" alt=\"\" width=\"569\" height=\"320\" srcset=\"https:\/\/www.hospitaldelinares.gob.cl\/wp-content\/uploads\/2026\/09\/20260828_100259-569x320.jpg 569w, https:\/\/www.hospitaldelinares.gob.cl\/wp-content\/uploads\/2026\/09\/20260828_100259-768x432.jpg 768w, https:\/\/www.hospitaldelinares.gob.cl\/wp-content\/uploads\/2026\/09\/20260828_100259-1536x864.jpg 1536w, https:\/\/www.hospitaldelinares.gob.cl\/wp-content\/uploads\/2026\/09\/20260828_100259-2048x1153.jpg 2048w\" sizes=\"auto, (max-width: 569px) 100vw, 569px\" \/><img loading=\"lazy\" decoding=\"async\" class=\"alignnone size-medium wp-image-15739 aligncenter\" src=\"\/wp-content\/uploads\/2026\/09\/20260828_100134-569x320.jpg\" alt=\"\" width=\"569\" height=\"320\" srcset=\"https:\/\/www.hospitaldelinares.gob.cl\/wp-content\/uploads\/2026\/09\/20260828_100134-569x320.jpg 569w, https:\/\/www.hospitaldelinares.gob.cl\/wp-content\/uploads\/2026\/09\/20260828_100134-768x432.jpg 768w, https:\/\/www.hospitaldelinares.gob.cl\/wp-content\/uploads\/2026\/09\/20260828_100134-1536x864.jpg 1536w, https:\/\/www.hospitaldelinares.gob.cl\/wp-content\/uploads\/2026\/09\/20260828_100134-2048x1153.jpg 2048w\" sizes=\"auto, (max-width: 569px) 100vw, 569px\" \/> <img loading=\"lazy\" decoding=\"async\" class=\"alignnone size-medium wp-image-15741 aligncenter\" src=\"\/wp-content\/uploads\/2026\/09\/20260828_100559-569x320.jpg\" alt=\"\" width=\"569\" height=\"320\" srcset=\"https:\/\/www.hospitaldelinares.gob.cl\/wp-content\/uploads\/2026\/09\/20260828_100559-569x320.jpg 569w, https:\/\/www.hospitaldelinares.gob.cl\/wp-content\/uploads\/2026\/09\/20260828_100559-768x432.jpg 768w, https:\/\/www.hospitaldelinares.gob.cl\/wp-content\/uploads\/2026\/09\/20260828_100559-1536x864.jpg 1536w, https:\/\/www.hospitaldelinares.gob.cl\/wp-content\/uploads\/2026\/09\/20260828_100559-2048x1153.jpg 2048w\" sizes=\"auto, (max-width: 569px) 100vw, 569px\" \/> <img loading=\"lazy\" decoding=\"async\" class=\"alignnone size-medium wp-image-15744 aligncenter\" src=\"\/wp-content\/uploads\/2026\/09\/20260828_101520-569x320.jpg\" alt=\"\" width=\"569\" height=\"320\" srcset=\"https:\/\/www.hospitaldelinares.gob.cl\/wp-content\/uploads\/2026\/09\/20260828_101520-569x320.jpg 569w, https:\/\/www.hospitaldelinares.gob.cl\/wp-content\/uploads\/2026\/09\/20260828_101520-768x432.jpg 768w, https:\/\/www.hospitaldelinares.gob.cl\/wp-content\/uploads\/2026\/09\/20260828_101520-1536x864.jpg 1536w, https:\/\/www.hospitaldelinares.gob.cl\/wp-content\/uploads\/2026\/09\/20260828_101520-2048x1153.jpg 2048w\" sizes=\"auto, (max-width: 569px) 100vw, 569px\" \/><img loading=\"lazy\" decoding=\"async\" class=\"alignnone size-medium wp-image-15743 aligncenter\" src=\"\/wp-content\/uploads\/2026\/09\/20260828_100732-569x320.jpg\" alt=\"\" width=\"569\" height=\"320\" srcset=\"https:\/\/www.hospitaldelinares.gob.cl\/wp-content\/uploads\/2026\/09\/20260828_100732-569x320.jpg 569w, https:\/\/www.hospitaldelinares.gob.cl\/wp-content\/uploads\/2026\/09\/20260828_100732-768x432.jpg 768w, https:\/\/www.hospitaldelinares.gob.cl\/wp-content\/uploads\/2026\/09\/20260828_100732-1536x864.jpg 1536w, https:\/\/www.hospitaldelinares.gob.cl\/wp-content\/uploads\/2026\/09\/20260828_100732-2048x1153.jpg 2048w\" sizes=\"auto, (max-width: 569px) 100vw, 569px\" \/> <img loading=\"lazy\" decoding=\"async\" class=\"alignnone size-medium wp-image-15745 aligncenter\" src=\"\/wp-content\/uploads\/2026\/09\/20260828_101745-569x320.jpg\" alt=\"\" width=\"569\" height=\"320\" srcset=\"https:\/\/www.hospitaldelinares.gob.cl\/wp-content\/uploads\/2026\/09\/20260828_101745-569x320.jpg 569w, https:\/\/www.hospitaldelinares.gob.cl\/wp-content\/uploads\/2026\/09\/20260828_101745-768x432.jpg 768w, https:\/\/www.hospitaldelinares.gob.cl\/wp-content\/uploads\/2026\/09\/20260828_101745-1536x864.jpg 1536w, https:\/\/www.hospitaldelinares.gob.cl\/wp-content\/uploads\/2026\/09\/20260828_101745-2048x1153.jpg 2048w\" sizes=\"auto, (max-width: 569px) 100vw, 569px\" \/> <img loading=\"lazy\" decoding=\"async\" class=\"alignnone size-medium wp-image-15746 aligncenter\" src=\"\/wp-content\/uploads\/2026\/09\/20260828_101751-569x320.jpg\" alt=\"\" width=\"569\" height=\"320\" srcset=\"https:\/\/www.hospitaldelinares.gob.cl\/wp-content\/uploads\/2026\/09\/20260828_101751-569x320.jpg 569w, https:\/\/www.hospitaldelinares.gob.cl\/wp-content\/uploads\/2026\/09\/20260828_101751-768x432.jpg 768w, https:\/\/www.hospitaldelinares.gob.cl\/wp-content\/uploads\/2026\/09\/20260828_101751-1536x864.jpg 1536w, https:\/\/www.hospitaldelinares.gob.cl\/wp-content\/uploads\/2026\/09\/20260828_101751-2048x1153.jpg 2048w\" sizes=\"auto, (max-width: 569px) 100vw, 569px\" \/> <img loading=\"lazy\" decoding=\"async\" class=\"alignnone size-medium wp-image-15747 aligncenter\" src=\"\/wp-content\/uploads\/2026\/09\/20260828_101845-569x320.jpg\" alt=\"\" width=\"569\" height=\"320\" srcset=\"https:\/\/www.hospitaldelinares.gob.cl\/wp-content\/uploads\/2026\/09\/20260828_101845-569x320.jpg 569w, https:\/\/www.hospitaldelinares.gob.cl\/wp-content\/uploads\/2026\/09\/20260828_101845-768x432.jpg 768w, https:\/\/www.hospitaldelinares.gob.cl\/wp-content\/uploads\/2026\/09\/20260828_101845-1536x864.jpg 1536w, https:\/\/www.hospitaldelinares.gob.cl\/wp-content\/uploads\/2026\/09\/20260828_101845-2048x1153.jpg 2048w\" sizes=\"auto, (max-width: 569px) 100vw, 569px\" \/> <img loading=\"lazy\" decoding=\"async\" class=\"alignnone size-medium wp-image-15748 aligncenter\" src=\"\/wp-content\/uploads\/2026\/09\/20260828_101856-569x320.jpg\" alt=\"\" width=\"569\" height=\"320\" srcset=\"https:\/\/www.hospitaldelinares.gob.cl\/wp-content\/uploads\/2026\/09\/20260828_101856-569x320.jpg 569w, https:\/\/www.hospitaldelinares.gob.cl\/wp-content\/uploads\/2026\/09\/20260828_101856-768x432.jpg 768w, https:\/\/www.hospitaldelinares.gob.cl\/wp-content\/uploads\/2026\/09\/20260828_101856-1536x864.jpg 1536w, https:\/\/www.hospitaldelinares.gob.cl\/wp-content\/uploads\/2026\/09\/20260828_101856-2048x1153.jpg 2048w\" sizes=\"auto, (max-width: 569px) 100vw, 569px\" \/><\/p>\n","protected":false},"excerpt":{"rendered":"<p>La iniciativa busca fortalecer la articulaci\u00f3n de la red asistencial y mejorar los indicadores asociados a esta patolog\u00eda a nivel provincial. El viernes 28 de agosto se realiz\u00f3 una nueva reuni\u00f3n de trabajo entre los [&hellip;]<\/p>\n","protected":false},"author":8,"featured_media":0,"comment_status":"closed","ping_status":"closed","sticky":false,"template":"","format":"standard","meta":{"footnotes":""},"categories":[5],"tags":[],"class_list":["post-15737","post","type-post","status-publish","format-standard","hentry","category-destacados"],"_links":{"self":[{"href":"https:\/\/www.hospitaldelinares.gob.cl\/index.php?rest_route=\/wp\/v2\/posts\/15737","targetHints":{"allow":["GET"]}}],"collection":[{"href":"https:\/\/www.hospitaldelinares.gob.cl\/index.php?rest_route=\/wp\/v2\/posts"}],"about":[{"href":"https:\/\/www.hospitaldelinares.gob.cl\/index.php?rest_route=\/wp\/v2\/types\/post"}],"author":[{"embeddable":true,"href":"https:\/\/www.hospitaldelinares.gob.cl\/index.php?rest_route=\/wp\/v2\/users\/8"}],"replies":[{"embeddable":true,"href":"https:\/\/www.hospitaldelinares.gob.cl\/index.php?rest_route=%2Fwp%2Fv2%2Fcomments&post=15737"}],"version-history":[{"count":1,"href":"https:\/\/www.hospitaldelinares.gob.cl\/index.php?rest_route=\/wp\/v2\/posts\/15737\/revisions"}],"predecessor-version":[{"id":15750,"href":"https:\/\/www.hospitaldelinares.gob.cl\/index.php?rest_route=\/wp\/v2\/posts\/15737\/revisions\/15750"}],"wp:attachment":[{"href":"https:\/\/www.hospitaldelinares.gob.cl\/index.php?rest_route=%2Fwp%2Fv2%2Fmedia&parent=15737"}],"wp:term":[{"taxonomy":"category","embeddable":true,"href":"https:\/\/www.hospitaldelinares.gob.cl\/index.php?rest_route=%2Fwp%2Fv2%2Fcategories&post=15737"},{"taxonomy":"post_tag","embeddable":true,"href":"https:\/\/www.hospitaldelinares.gob.cl\/index.php?rest_route=%2Fwp%2Fv2%2Ftags&post=15737"}],"curies":[{"name":"wp","href":"https:\/\/api.w.org\/{rel}","templated":true}]}}