{"id":15725,"date":"2026-09-02T17:10:40","date_gmt":"2026-09-02T21:10:40","guid":{"rendered":"https:\/\/www.hospitaldelinares.gob.cl\/?p=15725"},"modified":"2026-09-02T17:10:40","modified_gmt":"2026-09-02T21:10:40","slug":"hospital-de-linares-promueve-el-autocuidado-cardiovascular-con-iniciativa-una-manzana-para-tu-corazo","status":"publish","type":"post","link":"https:\/\/www.hospitaldelinares.gob.cl\/?p=15725","title":{"rendered":"Hospital de Linares promueve el autocuidado cardiovascular con iniciativa \u201cUna manzana para tu coraz\u00f3n\u201d"},"content":{"rendered":"<p><img loading=\"lazy\" decoding=\"async\" class=\"wp-image-15726 aligncenter\" src=\"\/wp-content\/uploads\/2026\/09\/20260820_130013-569x320.jpg\" alt=\"\" width=\"861\" height=\"484\" srcset=\"https:\/\/www.hospitaldelinares.gob.cl\/wp-content\/uploads\/2026\/09\/20260820_130013-569x320.jpg 569w, https:\/\/www.hospitaldelinares.gob.cl\/wp-content\/uploads\/2026\/09\/20260820_130013-768x432.jpg 768w, https:\/\/www.hospitaldelinares.gob.cl\/wp-content\/uploads\/2026\/09\/20260820_130013-1536x864.jpg 1536w, https:\/\/www.hospitaldelinares.gob.cl\/wp-content\/uploads\/2026\/09\/20260820_130013-2048x1153.jpg 2048w\" sizes=\"auto, (max-width: 861px) 100vw, 861px\" \/><\/p>\n<p>En el marco de las actividades conmemorativas del Mes del Coraz\u00f3n, la Unidad de Salud Funcionaria del Departamento de Calidad de Vida Laboral del Hospital de Linares desarroll\u00f3 el stand \u201cUna manzana para tu \u00a0coraz\u00f3n\u201d, iniciativa que busc\u00f3 promover el autocuidado y sensibilizar sobre la importancia de incorporar h\u00e1bitos saludables para proteger la salud cardiovascular.<\/p>\n<p>A trav\u00e9s de esta actividad, se entreg\u00f3 un sencillo pero significativo mensaje a nuestra comunidad hospitalaria: el cuidado del coraz\u00f3n tambi\u00e9n comienza con peque\u00f1as decisiones cotidianas, como mantener una alimentaci\u00f3n equilibrada e incorporar frutas como parte de una vida saludable.<\/p>\n<p>La iniciativa estuvo dirigida tanto a funcionarios y funcionarias del Hospital de Linares como a usuarios, usuarias y sus familiares, permitiendo compartir un espacio de promoci\u00f3n y educaci\u00f3n en salud, acercando el mensaje del Mes del Coraz\u00f3n a quienes forman parte de nuestra comunidad.<\/p>\n<p>Desde la Unidad de Salud Funcionaria destacaron la importancia de generar este tipo de instancias, que contribuyen a fortalecer una cultura de prevenci\u00f3n, autocuidado y bienestar al interior del establecimiento.<\/p>\n<p>Finalmente, se agradeci\u00f3 a todas las personas que participaron y se acercaron al stand \u201cUna manzana para tu coraz\u00f3n\u201d, contribuyendo con su participaci\u00f3n a dar vida a esta iniciativa y reforzando el compromiso con el cuidado de la salud cardiovascular.<\/p>\n<p>Hospital de Linares contin\u00faa promoviendo acciones que contribuyen al bienestar, el autocuidado y la salud de funcionarios, usuarios y sus familias.x<img loading=\"lazy\" decoding=\"async\" class=\"size-medium wp-image-15735 aligncenter\" src=\"\/wp-content\/uploads\/2026\/09\/IMG_1217-569x320.jpeg\" alt=\"\" width=\"569\" height=\"320\" srcset=\"https:\/\/www.hospitaldelinares.gob.cl\/wp-content\/uploads\/2026\/09\/IMG_1217-569x320.jpeg 569w, https:\/\/www.hospitaldelinares.gob.cl\/wp-content\/uploads\/2026\/09\/IMG_1217-768x432.jpeg 768w, https:\/\/www.hospitaldelinares.gob.cl\/wp-content\/uploads\/2026\/09\/IMG_1217-1536x864.jpeg 1536w, https:\/\/www.hospitaldelinares.gob.cl\/wp-content\/uploads\/2026\/09\/IMG_1217-2048x1152.jpeg 2048w\" sizes=\"auto, (max-width: 569px) 100vw, 569px\" \/><img loading=\"lazy\" decoding=\"async\" class=\"alignnone size-medium wp-image-15733 aligncenter\" src=\"\/wp-content\/uploads\/2026\/09\/IMG_1223-569x320.jpeg\" alt=\"\" width=\"569\" height=\"320\" srcset=\"https:\/\/www.hospitaldelinares.gob.cl\/wp-content\/uploads\/2026\/09\/IMG_1223-569x320.jpeg 569w, https:\/\/www.hospitaldelinares.gob.cl\/wp-content\/uploads\/2026\/09\/IMG_1223-768x432.jpeg 768w, https:\/\/www.hospitaldelinares.gob.cl\/wp-content\/uploads\/2026\/09\/IMG_1223-1536x864.jpeg 1536w, https:\/\/www.hospitaldelinares.gob.cl\/wp-content\/uploads\/2026\/09\/IMG_1223-2048x1152.jpeg 2048w\" sizes=\"auto, (max-width: 569px) 100vw, 569px\" \/><img loading=\"lazy\" decoding=\"async\" class=\"alignnone size-medium wp-image-15729 aligncenter\" src=\"\/wp-content\/uploads\/2026\/09\/IMG_1205-569x320.jpeg\" alt=\"\" width=\"569\" height=\"320\" srcset=\"https:\/\/www.hospitaldelinares.gob.cl\/wp-content\/uploads\/2026\/09\/IMG_1205-569x320.jpeg 569w, https:\/\/www.hospitaldelinares.gob.cl\/wp-content\/uploads\/2026\/09\/IMG_1205-768x432.jpeg 768w, https:\/\/www.hospitaldelinares.gob.cl\/wp-content\/uploads\/2026\/09\/IMG_1205-1536x864.jpeg 1536w, https:\/\/www.hospitaldelinares.gob.cl\/wp-content\/uploads\/2026\/09\/IMG_1205-2048x1152.jpeg 2048w\" sizes=\"auto, (max-width: 569px) 100vw, 569px\" \/><img loading=\"lazy\" decoding=\"async\" class=\"alignnone size-medium wp-image-15728 aligncenter\" src=\"\/wp-content\/uploads\/2026\/09\/IMG_1200-569x320.jpeg\" alt=\"\" width=\"569\" height=\"320\" srcset=\"https:\/\/www.hospitaldelinares.gob.cl\/wp-content\/uploads\/2026\/09\/IMG_1200-569x320.jpeg 569w, https:\/\/www.hospitaldelinares.gob.cl\/wp-content\/uploads\/2026\/09\/IMG_1200-768x432.jpeg 768w, https:\/\/www.hospitaldelinares.gob.cl\/wp-content\/uploads\/2026\/09\/IMG_1200-1536x864.jpeg 1536w, https:\/\/www.hospitaldelinares.gob.cl\/wp-content\/uploads\/2026\/09\/IMG_1200-2048x1152.jpeg 2048w\" sizes=\"auto, (max-width: 569px) 100vw, 569px\" \/><img loading=\"lazy\" decoding=\"async\" class=\"alignnone size-medium wp-image-15731 aligncenter\" src=\"\/wp-content\/uploads\/2026\/09\/IMG_1225-569x320.jpeg\" alt=\"\" width=\"569\" height=\"320\" srcset=\"https:\/\/www.hospitaldelinares.gob.cl\/wp-content\/uploads\/2026\/09\/IMG_1225-569x320.jpeg 569w, https:\/\/www.hospitaldelinares.gob.cl\/wp-content\/uploads\/2026\/09\/IMG_1225-768x432.jpeg 768w, https:\/\/www.hospitaldelinares.gob.cl\/wp-content\/uploads\/2026\/09\/IMG_1225-1536x864.jpeg 1536w, https:\/\/www.hospitaldelinares.gob.cl\/wp-content\/uploads\/2026\/09\/IMG_1225-2048x1152.jpeg 2048w\" sizes=\"auto, (max-width: 569px) 100vw, 569px\" \/><img loading=\"lazy\" decoding=\"async\" class=\"alignnone size-medium wp-image-15727 aligncenter\" src=\"\/wp-content\/uploads\/2026\/09\/20260820_130714-569x320.jpg\" alt=\"\" width=\"569\" height=\"320\" srcset=\"https:\/\/www.hospitaldelinares.gob.cl\/wp-content\/uploads\/2026\/09\/20260820_130714-569x320.jpg 569w, https:\/\/www.hospitaldelinares.gob.cl\/wp-content\/uploads\/2026\/09\/20260820_130714-768x432.jpg 768w, https:\/\/www.hospitaldelinares.gob.cl\/wp-content\/uploads\/2026\/09\/20260820_130714-1536x864.jpg 1536w, https:\/\/www.hospitaldelinares.gob.cl\/wp-content\/uploads\/2026\/09\/20260820_130714-2048x1153.jpg 2048w\" sizes=\"auto, (max-width: 569px) 100vw, 569px\" \/><\/p>\n","protected":false},"excerpt":{"rendered":"<p>En el marco de las actividades conmemorativas del Mes del Coraz\u00f3n, la Unidad de Salud Funcionaria del Departamento de Calidad de Vida Laboral del Hospital de Linares desarroll\u00f3 el stand \u201cUna manzana para tu \u00a0coraz\u00f3n\u201d, [&hellip;]<\/p>\n","protected":false},"author":8,"featured_media":0,"comment_status":"closed","ping_status":"closed","sticky":false,"template":"","format":"standard","meta":{"footnotes":""},"categories":[5],"tags":[],"class_list":["post-15725","post","type-post","status-publish","format-standard","hentry","category-destacados"],"_links":{"self":[{"href":"https:\/\/www.hospitaldelinares.gob.cl\/index.php?rest_route=\/wp\/v2\/posts\/15725","targetHints":{"allow":["GET"]}}],"collection":[{"href":"https:\/\/www.hospitaldelinares.gob.cl\/index.php?rest_route=\/wp\/v2\/posts"}],"about":[{"href":"https:\/\/www.hospitaldelinares.gob.cl\/index.php?rest_route=\/wp\/v2\/types\/post"}],"author":[{"embeddable":true,"href":"https:\/\/www.hospitaldelinares.gob.cl\/index.php?rest_route=\/wp\/v2\/users\/8"}],"replies":[{"embeddable":true,"href":"https:\/\/www.hospitaldelinares.gob.cl\/index.php?rest_route=%2Fwp%2Fv2%2Fcomments&post=15725"}],"version-history":[{"count":2,"href":"https:\/\/www.hospitaldelinares.gob.cl\/index.php?rest_route=\/wp\/v2\/posts\/15725\/revisions"}],"predecessor-version":[{"id":15736,"href":"https:\/\/www.hospitaldelinares.gob.cl\/index.php?rest_route=\/wp\/v2\/posts\/15725\/revisions\/15736"}],"wp:attachment":[{"href":"https:\/\/www.hospitaldelinares.gob.cl\/index.php?rest_route=%2Fwp%2Fv2%2Fmedia&parent=15725"}],"wp:term":[{"taxonomy":"category","embeddable":true,"href":"https:\/\/www.hospitaldelinares.gob.cl\/index.php?rest_route=%2Fwp%2Fv2%2Fcategories&post=15725"},{"taxonomy":"post_tag","embeddable":true,"href":"https:\/\/www.hospitaldelinares.gob.cl\/index.php?rest_route=%2Fwp%2Fv2%2Ftags&post=15725"}],"curies":[{"name":"wp","href":"https:\/\/api.w.org\/{rel}","templated":true}]}}