{"id":15718,"date":"2026-09-02T17:00:46","date_gmt":"2026-09-02T21:00:46","guid":{"rendered":"https:\/\/www.hospitaldelinares.gob.cl\/?p=15718"},"modified":"2026-09-02T17:00:46","modified_gmt":"2026-09-02T21:00:46","slug":"100-pacientes-fueron-beneficiados-en-operativo-oftalmologico-en-convenio-con-capredena-y-ssmaule","status":"publish","type":"post","link":"https:\/\/www.hospitaldelinares.gob.cl\/?p=15718","title":{"rendered":"100 pacientes fueron beneficiados en operativo oftalmol\u00f3gico en convenio con CAPREDENA y SSMaule"},"content":{"rendered":"<p><img loading=\"lazy\" decoding=\"async\" class=\"wp-image-15719 aligncenter\" src=\"\/wp-content\/uploads\/2026\/09\/20260821_093938-569x320.jpg\" alt=\"\" width=\"1143\" height=\"643\" srcset=\"https:\/\/www.hospitaldelinares.gob.cl\/wp-content\/uploads\/2026\/09\/20260821_093938-569x320.jpg 569w, https:\/\/www.hospitaldelinares.gob.cl\/wp-content\/uploads\/2026\/09\/20260821_093938-768x432.jpg 768w, https:\/\/www.hospitaldelinares.gob.cl\/wp-content\/uploads\/2026\/09\/20260821_093938-1536x864.jpg 1536w, https:\/\/www.hospitaldelinares.gob.cl\/wp-content\/uploads\/2026\/09\/20260821_093938-2048x1153.jpg 2048w\" sizes=\"auto, (max-width: 1143px) 100vw, 1143px\" \/><\/p>\n<p>Durante el fin de semana del 21 y 22 de agosto, en el Hospital de Linares se llev\u00f3 a cabo el operativo oftalmol\u00f3gico, que permiti\u00f3 beneficiar a cerca de 100 usuarios que se encontraban en lista de espera GES para resoluci\u00f3n quir\u00fargica de patolog\u00edas oftalmol\u00f3gicas.<\/p>\n<p>Las intervenciones se enfocaron en cirug\u00edas de cataratas, permitiendo avanzar en la atenci\u00f3n de personas que aguardaban por este procedimiento y contribuir a la estrategia de reducci\u00f3n de las listas de espera GES.<\/p>\n<p>Los beneficiados fueron usuarios de ambos sexos, cuyas edades fluctuaron entre 42 y 91 a\u00f1os. Esta iniciativa busca mejorar el acceso y la oportunidad de atenci\u00f3n para quienes requieren una soluci\u00f3n quir\u00fargica.<\/p>\n<p>Para este 2026, la planificaci\u00f3n contempla entregar resoluci\u00f3n quir\u00fargica a 500 usuarios con diagn\u00f3stico de cataratas, fortaleciendo las acciones orientadas a disminuir los tiempos de espera y brindar una atenci\u00f3n m\u00e1s oportuna.<\/p>\n<p>Este operativo es resultado de la coordinaci\u00f3n y colaboraci\u00f3n entre instituciones, junto al compromiso de los equipos de salud por generar respuestas concretas y oportunas a las necesidades de nuestra comunidad.<\/p>\n<p>Con m\u00e1s y mejor salud, avanza la Provincia de Linares.<\/p>\n<p><img loading=\"lazy\" decoding=\"async\" class=\"alignnone size-medium wp-image-15722 aligncenter\" src=\"\/wp-content\/uploads\/2026\/09\/20260821_092643-569x320.jpg\" alt=\"\" width=\"569\" height=\"320\" srcset=\"https:\/\/www.hospitaldelinares.gob.cl\/wp-content\/uploads\/2026\/09\/20260821_092643-569x320.jpg 569w, https:\/\/www.hospitaldelinares.gob.cl\/wp-content\/uploads\/2026\/09\/20260821_092643-768x432.jpg 768w, https:\/\/www.hospitaldelinares.gob.cl\/wp-content\/uploads\/2026\/09\/20260821_092643-1536x864.jpg 1536w, https:\/\/www.hospitaldelinares.gob.cl\/wp-content\/uploads\/2026\/09\/20260821_092643-2048x1153.jpg 2048w\" sizes=\"auto, (max-width: 569px) 100vw, 569px\" \/> <img loading=\"lazy\" decoding=\"async\" class=\"alignnone size-medium wp-image-15723 aligncenter\" src=\"\/wp-content\/uploads\/2026\/09\/20260821_093531-569x320.jpg\" alt=\"\" width=\"569\" height=\"320\" srcset=\"https:\/\/www.hospitaldelinares.gob.cl\/wp-content\/uploads\/2026\/09\/20260821_093531-569x320.jpg 569w, https:\/\/www.hospitaldelinares.gob.cl\/wp-content\/uploads\/2026\/09\/20260821_093531-768x432.jpg 768w, https:\/\/www.hospitaldelinares.gob.cl\/wp-content\/uploads\/2026\/09\/20260821_093531-1536x864.jpg 1536w, https:\/\/www.hospitaldelinares.gob.cl\/wp-content\/uploads\/2026\/09\/20260821_093531-2048x1153.jpg 2048w\" sizes=\"auto, (max-width: 569px) 100vw, 569px\" \/><\/p>\n","protected":false},"excerpt":{"rendered":"<p>Durante el fin de semana del 21 y 22 de agosto, en el Hospital de Linares se llev\u00f3 a cabo el operativo oftalmol\u00f3gico, que permiti\u00f3 beneficiar a cerca de 100 usuarios que se encontraban en [&hellip;]<\/p>\n","protected":false},"author":8,"featured_media":0,"comment_status":"closed","ping_status":"closed","sticky":false,"template":"","format":"standard","meta":{"footnotes":""},"categories":[5],"tags":[],"class_list":["post-15718","post","type-post","status-publish","format-standard","hentry","category-destacados"],"_links":{"self":[{"href":"https:\/\/www.hospitaldelinares.gob.cl\/index.php?rest_route=\/wp\/v2\/posts\/15718","targetHints":{"allow":["GET"]}}],"collection":[{"href":"https:\/\/www.hospitaldelinares.gob.cl\/index.php?rest_route=\/wp\/v2\/posts"}],"about":[{"href":"https:\/\/www.hospitaldelinares.gob.cl\/index.php?rest_route=\/wp\/v2\/types\/post"}],"author":[{"embeddable":true,"href":"https:\/\/www.hospitaldelinares.gob.cl\/index.php?rest_route=\/wp\/v2\/users\/8"}],"replies":[{"embeddable":true,"href":"https:\/\/www.hospitaldelinares.gob.cl\/index.php?rest_route=%2Fwp%2Fv2%2Fcomments&post=15718"}],"version-history":[{"count":1,"href":"https:\/\/www.hospitaldelinares.gob.cl\/index.php?rest_route=\/wp\/v2\/posts\/15718\/revisions"}],"predecessor-version":[{"id":15724,"href":"https:\/\/www.hospitaldelinares.gob.cl\/index.php?rest_route=\/wp\/v2\/posts\/15718\/revisions\/15724"}],"wp:attachment":[{"href":"https:\/\/www.hospitaldelinares.gob.cl\/index.php?rest_route=%2Fwp%2Fv2%2Fmedia&parent=15718"}],"wp:term":[{"taxonomy":"category","embeddable":true,"href":"https:\/\/www.hospitaldelinares.gob.cl\/index.php?rest_route=%2Fwp%2Fv2%2Fcategories&post=15718"},{"taxonomy":"post_tag","embeddable":true,"href":"https:\/\/www.hospitaldelinares.gob.cl\/index.php?rest_route=%2Fwp%2Fv2%2Ftags&post=15718"}],"curies":[{"name":"wp","href":"https:\/\/api.w.org\/{rel}","templated":true}]}}