{"id":15686,"date":"2026-09-02T15:31:48","date_gmt":"2026-09-02T19:31:48","guid":{"rendered":"https:\/\/www.hospitaldelinares.gob.cl\/?p=15686"},"modified":"2026-09-02T15:51:03","modified_gmt":"2026-09-02T19:51:03","slug":"hospital-de-linares-realizo-sus-primeras-jornadas-proa-maule-sur","status":"publish","type":"post","link":"https:\/\/www.hospitaldelinares.gob.cl\/?p=15686","title":{"rendered":"Hospital de Linares realiz\u00f3 sus primeras Jornadas PROA Maule Sur"},"content":{"rendered":"<p>&nbsp;<\/p>\n<p><img loading=\"lazy\" decoding=\"async\" class=\"wp-image-15706 aligncenter\" src=\"\/wp-content\/uploads\/2026\/09\/20260821_084615-569x320.jpg\" alt=\"\" width=\"1051\" height=\"591\" srcset=\"https:\/\/www.hospitaldelinares.gob.cl\/wp-content\/uploads\/2026\/09\/20260821_084615-569x320.jpg 569w, https:\/\/www.hospitaldelinares.gob.cl\/wp-content\/uploads\/2026\/09\/20260821_084615-768x432.jpg 768w, https:\/\/www.hospitaldelinares.gob.cl\/wp-content\/uploads\/2026\/09\/20260821_084615-1536x864.jpg 1536w, https:\/\/www.hospitaldelinares.gob.cl\/wp-content\/uploads\/2026\/09\/20260821_084615-2048x1153.jpg 2048w\" sizes=\"auto, (max-width: 1051px) 100vw, 1051px\" \/><\/p>\n<p>Con una excelente convocatoria se desarrollaron en el Hospital de Linares las primeras <strong>Jornadas PROA Maule Sur<\/strong>, instancia que reuni\u00f3 a profesionales y equipos de distintos establecimientos de salud para compartir conocimientos, experiencias y estrategias orientadas a fortalecer los <strong>Programas de Optimizaci\u00f3n del Uso de Antimicrobianos (PROA).<\/strong><\/p>\n<p>El PROA constituye una herramienta fundamental para promover el uso adecuado y responsable de los antimicrobianos, contribuyendo a mejorar la calidad y seguridad de la atenci\u00f3n y a enfrentar uno de los principales desaf\u00edos de la salud p\u00fablica actual: <strong>la resistencia antimicrobiana.<\/strong><\/p>\n<p>La jornada cont\u00f3 con la participaci\u00f3n de destacados expositores provenientes de establecimientos de la Regi\u00f3n Metropolitana, Hospital Regional de Rancagua, Hospital Regional de Talca y Hospital de Linares, quienes abordaron distintas experiencias y evidencias relacionadas con la implementaci\u00f3n y fortalecimiento de estos programas.<\/p>\n<p>En la oportunidad, nuestro Director, Dr. Ren\u00e9 Espinosa Cantero, valor\u00f3 la realizaci\u00f3n de esta instancia y la importancia de generar espacios de colaboraci\u00f3n y aprendizaje entre los equipos de salud.<\/p>\n<p>Asimismo, se destac\u00f3 especialmente la iniciativa y gesti\u00f3n del equipo de la Unidad de Infectolog\u00eda del Hospital de Linares, impulsor de esta jornada, que permiti\u00f3 generar un espacio de encuentro y colaboraci\u00f3n para continuar fortaleciendo el trabajo del PROA en el Maule Sur.<\/p>\n<p>Desde el Hospital de Linares agradecemos a todos los expositores, profesionales y asistentes que participaron de esta primera jornada, contribuyendo al intercambio de conocimientos y al fortalecimiento del trabajo colaborativo en beneficio de una atenci\u00f3n m\u00e1s segura y de calidad para nuestros pacientes.<\/p>\n<div style=\"width: 1280px;\" class=\"wp-video\"><video class=\"wp-video-shortcode\" id=\"video-15686-1\" width=\"1280\" height=\"720\" preload=\"metadata\" controls=\"controls\"><source type=\"video\/mp4\" src=\"\/wp-content\/uploads\/2026\/09\/VID_20260824_142323_146.mp4?_=1\" \/><a href=\"\/wp-content\/uploads\/2026\/09\/VID_20260824_142323_146.mp4\">\/wp-content\/uploads\/2026\/09\/VID_20260824_142323_146.mp4<\/a><\/video><\/div>\n<p><img loading=\"lazy\" decoding=\"async\" class=\"alignnone size-medium wp-image-15707 aligncenter\" src=\"\/wp-content\/uploads\/2026\/09\/20260820_154803-569x320.jpg\" alt=\"\" width=\"569\" height=\"320\" srcset=\"https:\/\/www.hospitaldelinares.gob.cl\/wp-content\/uploads\/2026\/09\/20260820_154803-569x320.jpg 569w, https:\/\/www.hospitaldelinares.gob.cl\/wp-content\/uploads\/2026\/09\/20260820_154803-768x432.jpg 768w, https:\/\/www.hospitaldelinares.gob.cl\/wp-content\/uploads\/2026\/09\/20260820_154803-1536x864.jpg 1536w, https:\/\/www.hospitaldelinares.gob.cl\/wp-content\/uploads\/2026\/09\/20260820_154803-2048x1153.jpg 2048w\" sizes=\"auto, (max-width: 569px) 100vw, 569px\" \/> <img loading=\"lazy\" decoding=\"async\" class=\"alignnone size-medium wp-image-15708 aligncenter\" src=\"\/wp-content\/uploads\/2026\/09\/20260820_155206-569x320.jpg\" alt=\"\" width=\"569\" height=\"320\" srcset=\"https:\/\/www.hospitaldelinares.gob.cl\/wp-content\/uploads\/2026\/09\/20260820_155206-569x320.jpg 569w, https:\/\/www.hospitaldelinares.gob.cl\/wp-content\/uploads\/2026\/09\/20260820_155206-768x432.jpg 768w, https:\/\/www.hospitaldelinares.gob.cl\/wp-content\/uploads\/2026\/09\/20260820_155206-1536x864.jpg 1536w, https:\/\/www.hospitaldelinares.gob.cl\/wp-content\/uploads\/2026\/09\/20260820_155206-2048x1153.jpg 2048w\" sizes=\"auto, (max-width: 569px) 100vw, 569px\" \/> <img loading=\"lazy\" decoding=\"async\" class=\"alignnone size-medium wp-image-15709 aligncenter\" src=\"\/wp-content\/uploads\/2026\/09\/20260820_163131-569x320.jpg\" alt=\"\" width=\"569\" height=\"320\" srcset=\"https:\/\/www.hospitaldelinares.gob.cl\/wp-content\/uploads\/2026\/09\/20260820_163131-569x320.jpg 569w, https:\/\/www.hospitaldelinares.gob.cl\/wp-content\/uploads\/2026\/09\/20260820_163131-768x432.jpg 768w, https:\/\/www.hospitaldelinares.gob.cl\/wp-content\/uploads\/2026\/09\/20260820_163131-1536x864.jpg 1536w, https:\/\/www.hospitaldelinares.gob.cl\/wp-content\/uploads\/2026\/09\/20260820_163131-2048x1153.jpg 2048w\" sizes=\"auto, (max-width: 569px) 100vw, 569px\" \/> <img loading=\"lazy\" decoding=\"async\" class=\"alignnone size-medium wp-image-15713 aligncenter\" src=\"\/wp-content\/uploads\/2026\/09\/20260821_095212-569x320.jpg\" alt=\"\" width=\"569\" height=\"320\" srcset=\"https:\/\/www.hospitaldelinares.gob.cl\/wp-content\/uploads\/2026\/09\/20260821_095212-569x320.jpg 569w, https:\/\/www.hospitaldelinares.gob.cl\/wp-content\/uploads\/2026\/09\/20260821_095212-768x432.jpg 768w, https:\/\/www.hospitaldelinares.gob.cl\/wp-content\/uploads\/2026\/09\/20260821_095212-1536x864.jpg 1536w, https:\/\/www.hospitaldelinares.gob.cl\/wp-content\/uploads\/2026\/09\/20260821_095212-2048x1153.jpg 2048w\" sizes=\"auto, (max-width: 569px) 100vw, 569px\" \/> <img loading=\"lazy\" decoding=\"async\" class=\"alignnone size-medium wp-image-15710 aligncenter\" src=\"\/wp-content\/uploads\/2026\/09\/20260821_094903-569x320.jpg\" alt=\"\" width=\"569\" height=\"320\" srcset=\"https:\/\/www.hospitaldelinares.gob.cl\/wp-content\/uploads\/2026\/09\/20260821_094903-569x320.jpg 569w, https:\/\/www.hospitaldelinares.gob.cl\/wp-content\/uploads\/2026\/09\/20260821_094903-768x432.jpg 768w, https:\/\/www.hospitaldelinares.gob.cl\/wp-content\/uploads\/2026\/09\/20260821_094903-1536x864.jpg 1536w, https:\/\/www.hospitaldelinares.gob.cl\/wp-content\/uploads\/2026\/09\/20260821_094903-2048x1153.jpg 2048w\" sizes=\"auto, (max-width: 569px) 100vw, 569px\" \/> <img loading=\"lazy\" decoding=\"async\" class=\"alignnone size-medium wp-image-15711 aligncenter\" src=\"\/wp-content\/uploads\/2026\/09\/20260821_094914-569x320.jpg\" alt=\"\" width=\"569\" height=\"320\" srcset=\"https:\/\/www.hospitaldelinares.gob.cl\/wp-content\/uploads\/2026\/09\/20260821_094914-569x320.jpg 569w, https:\/\/www.hospitaldelinares.gob.cl\/wp-content\/uploads\/2026\/09\/20260821_094914-768x432.jpg 768w, https:\/\/www.hospitaldelinares.gob.cl\/wp-content\/uploads\/2026\/09\/20260821_094914-1536x864.jpg 1536w, https:\/\/www.hospitaldelinares.gob.cl\/wp-content\/uploads\/2026\/09\/20260821_094914-2048x1153.jpg 2048w\" sizes=\"auto, (max-width: 569px) 100vw, 569px\" \/> <img loading=\"lazy\" decoding=\"async\" class=\"alignnone size-medium wp-image-15714 aligncenter\" src=\"\/wp-content\/uploads\/2026\/09\/20260821_130124-569x320.jpg\" alt=\"\" width=\"569\" height=\"320\" srcset=\"https:\/\/www.hospitaldelinares.gob.cl\/wp-content\/uploads\/2026\/09\/20260821_130124-569x320.jpg 569w, https:\/\/www.hospitaldelinares.gob.cl\/wp-content\/uploads\/2026\/09\/20260821_130124-768x432.jpg 768w, https:\/\/www.hospitaldelinares.gob.cl\/wp-content\/uploads\/2026\/09\/20260821_130124-1536x864.jpg 1536w, https:\/\/www.hospitaldelinares.gob.cl\/wp-content\/uploads\/2026\/09\/20260821_130124-2048x1153.jpg 2048w\" sizes=\"auto, (max-width: 569px) 100vw, 569px\" \/><img loading=\"lazy\" decoding=\"async\" class=\"alignnone size-medium wp-image-15712 aligncenter\" src=\"\/wp-content\/uploads\/2026\/09\/20260821_094934-569x320.jpg\" alt=\"\" width=\"569\" height=\"320\" srcset=\"https:\/\/www.hospitaldelinares.gob.cl\/wp-content\/uploads\/2026\/09\/20260821_094934-569x320.jpg 569w, https:\/\/www.hospitaldelinares.gob.cl\/wp-content\/uploads\/2026\/09\/20260821_094934-768x432.jpg 768w, https:\/\/www.hospitaldelinares.gob.cl\/wp-content\/uploads\/2026\/09\/20260821_094934-1536x864.jpg 1536w, https:\/\/www.hospitaldelinares.gob.cl\/wp-content\/uploads\/2026\/09\/20260821_094934-2048x1153.jpg 2048w\" sizes=\"auto, (max-width: 569px) 100vw, 569px\" \/> <img loading=\"lazy\" decoding=\"async\" class=\"alignnone size-medium wp-image-15715 aligncenter\" src=\"\/wp-content\/uploads\/2026\/09\/20260821_1313130-569x320.jpg\" alt=\"\" width=\"569\" height=\"320\" srcset=\"https:\/\/www.hospitaldelinares.gob.cl\/wp-content\/uploads\/2026\/09\/20260821_1313130-569x320.jpg 569w, https:\/\/www.hospitaldelinares.gob.cl\/wp-content\/uploads\/2026\/09\/20260821_1313130-768x432.jpg 768w, https:\/\/www.hospitaldelinares.gob.cl\/wp-content\/uploads\/2026\/09\/20260821_1313130-1536x864.jpg 1536w, https:\/\/www.hospitaldelinares.gob.cl\/wp-content\/uploads\/2026\/09\/20260821_1313130-2048x1153.jpg 2048w\" sizes=\"auto, (max-width: 569px) 100vw, 569px\" \/><\/p>\n","protected":false},"excerpt":{"rendered":"<p>&nbsp; Con una excelente convocatoria se desarrollaron en el Hospital de Linares las primeras Jornadas PROA Maule Sur, instancia que reuni\u00f3 a profesionales y equipos de distintos establecimientos de salud para compartir conocimientos, experiencias y [&hellip;]<\/p>\n","protected":false},"author":8,"featured_media":0,"comment_status":"closed","ping_status":"closed","sticky":false,"template":"","format":"standard","meta":{"footnotes":""},"categories":[5],"tags":[],"class_list":["post-15686","post","type-post","status-publish","format-standard","hentry","category-destacados"],"_links":{"self":[{"href":"https:\/\/www.hospitaldelinares.gob.cl\/index.php?rest_route=\/wp\/v2\/posts\/15686","targetHints":{"allow":["GET"]}}],"collection":[{"href":"https:\/\/www.hospitaldelinares.gob.cl\/index.php?rest_route=\/wp\/v2\/posts"}],"about":[{"href":"https:\/\/www.hospitaldelinares.gob.cl\/index.php?rest_route=\/wp\/v2\/types\/post"}],"author":[{"embeddable":true,"href":"https:\/\/www.hospitaldelinares.gob.cl\/index.php?rest_route=\/wp\/v2\/users\/8"}],"replies":[{"embeddable":true,"href":"https:\/\/www.hospitaldelinares.gob.cl\/index.php?rest_route=%2Fwp%2Fv2%2Fcomments&post=15686"}],"version-history":[{"count":6,"href":"https:\/\/www.hospitaldelinares.gob.cl\/index.php?rest_route=\/wp\/v2\/posts\/15686\/revisions"}],"predecessor-version":[{"id":15717,"href":"https:\/\/www.hospitaldelinares.gob.cl\/index.php?rest_route=\/wp\/v2\/posts\/15686\/revisions\/15717"}],"wp:attachment":[{"href":"https:\/\/www.hospitaldelinares.gob.cl\/index.php?rest_route=%2Fwp%2Fv2%2Fmedia&parent=15686"}],"wp:term":[{"taxonomy":"category","embeddable":true,"href":"https:\/\/www.hospitaldelinares.gob.cl\/index.php?rest_route=%2Fwp%2Fv2%2Fcategories&post=15686"},{"taxonomy":"post_tag","embeddable":true,"href":"https:\/\/www.hospitaldelinares.gob.cl\/index.php?rest_route=%2Fwp%2Fv2%2Ftags&post=15686"}],"curies":[{"name":"wp","href":"https:\/\/api.w.org\/{rel}","templated":true}]}}