{"id":15670,"date":"2026-09-02T12:24:47","date_gmt":"2026-09-02T16:24:47","guid":{"rendered":"https:\/\/www.hospitaldelinares.gob.cl\/?p=15670"},"modified":"2026-09-02T12:24:47","modified_gmt":"2026-09-02T16:24:47","slug":"hospital-de-linares-fue-anfitrion-del-tercer-encuentro-del-comite-de-trabajo-territorial-de-la-provi","status":"publish","type":"post","link":"https:\/\/www.hospitaldelinares.gob.cl\/?p=15670","title":{"rendered":"Hospital de Linares fue anfitri\u00f3n del tercer encuentro del Comit\u00e9 de Trabajo Territorial de la Provincia de Linares"},"content":{"rendered":"<p><img loading=\"lazy\" decoding=\"async\" class=\"wp-image-15671 aligncenter\" src=\"\/wp-content\/uploads\/2026\/09\/20260818_102808-569x320.jpg\" alt=\"\" width=\"891\" height=\"501\" srcset=\"https:\/\/www.hospitaldelinares.gob.cl\/wp-content\/uploads\/2026\/09\/20260818_102808-569x320.jpg 569w, https:\/\/www.hospitaldelinares.gob.cl\/wp-content\/uploads\/2026\/09\/20260818_102808-768x432.jpg 768w, https:\/\/www.hospitaldelinares.gob.cl\/wp-content\/uploads\/2026\/09\/20260818_102808-1536x864.jpg 1536w, https:\/\/www.hospitaldelinares.gob.cl\/wp-content\/uploads\/2026\/09\/20260818_102808-2048x1153.jpg 2048w\" sizes=\"auto, (max-width: 891px) 100vw, 891px\" \/><\/p>\n<p><strong>La instancia reuni\u00f3 a representantes de establecimientos de salud, Departamentos de Salud Municipal y organizaciones de la comunidad, generando un espacio de di\u00e1logo y coordinaci\u00f3n en torno a estrategias orientadas a fortalecer una atenci\u00f3n m\u00e1s cercana y centrada en las personas.<\/strong><\/p>\n<p>El martes 18 de agosto se desarroll\u00f3 el tercer encuentro del Comit\u00e9 de Trabajo Territorial (CTT) de la Provincia de Linares, instancia de coordinaci\u00f3n y participaci\u00f3n que re\u00fane a distintos actores del territorio para abordar tem\u00e1ticas de inter\u00e9s sanitario, compartir experiencias y fortalecer el trabajo colaborativo en salud.<\/p>\n<p>En esta oportunidad, el Hospital de Linares fue anfitri\u00f3n de la jornada, que cont\u00f3 con la participaci\u00f3n de directivos de los hospitales de Linares y Parral; directores de los Departamentos de Salud de Retiro, Linares, Colb\u00fan y Villa Alegre; encargadas de Participaci\u00f3n, adem\u00e1s de representantes de CCU y de los Consejos de la Sociedad Civil (COSOC) de la Provincia.<\/p>\n<p>La jornada cont\u00f3 tambi\u00e9n con la presencia del Director del Hospital de Linares, Dr. Ren\u00e9 Espinosa Cantero, quien acompa\u00f1\u00f3 el desarrollo de este espacio de encuentro y di\u00e1logo entre los distintos representantes del territorio.<\/p>\n<p>Hospital Amigo y ECICEP fueron parte de las tem\u00e1ticas abordadas<\/p>\n<p>Durante el encuentro se presentaron dos relevantes estrategias vinculadas al fortalecimiento de una atenci\u00f3n de salud m\u00e1s cercana y centrada en las personas.<\/p>\n<p>La primera correspondi\u00f3 a Hospital Amigo y sus Orientaciones T\u00e9cnicas 2025, exposici\u00f3n realizada por la referente del Hospital de Linares, enfermera Carolina Jorquera, quien present\u00f3 los principales lineamientos de esta estrategia y comparti\u00f3 las experiencias desarrolladas por el establecimiento en sus distintas \u00e1reas de acci\u00f3n.<\/p>\n<p>Posteriormente, se abord\u00f3 la Estrategia de Cuidado Integral Centrado en las Personas (ECICEP), tem\u00e1tica presentada por el referente del Departamento de Atenci\u00f3n Primaria de Salud del Servicio de Salud Maule, kinesi\u00f3logo Julio Greciet.<\/p>\n<p>Ambas presentaciones generaron una positiva retroalimentaci\u00f3n por parte de los representantes de la comunidad, quienes valoraron la posibilidad de conocer estas estrategias, compartir experiencias y aportar desde sus respectivas perspectivas al trabajo en salud.<\/p>\n<p>De esta manera, el tercer encuentro del Comit\u00e9 de Trabajo Territorial permiti\u00f3 continuar fortaleciendo la coordinaci\u00f3n entre los distintos actores de la Provincia de Linares, promoviendo espacios de participaci\u00f3n y colaboraci\u00f3n que contribuyen a avanzar hacia una atenci\u00f3n de salud m\u00e1s cercana, participativa y centrada en las personas.<\/p>\n<p>El Hospital de Linares agradece a todas y todos los participantes por su disposici\u00f3n, aportes y compromiso con este espacio de trabajo territorial.<\/p>\n<p><img loading=\"lazy\" decoding=\"async\" class=\"alignnone size-medium wp-image-15680 aligncenter\" src=\"\/wp-content\/uploads\/2026\/09\/20260818_102942-569x320.jpg\" alt=\"\" width=\"569\" height=\"320\" srcset=\"https:\/\/www.hospitaldelinares.gob.cl\/wp-content\/uploads\/2026\/09\/20260818_102942-569x320.jpg 569w, https:\/\/www.hospitaldelinares.gob.cl\/wp-content\/uploads\/2026\/09\/20260818_102942-768x432.jpg 768w, https:\/\/www.hospitaldelinares.gob.cl\/wp-content\/uploads\/2026\/09\/20260818_102942-1536x864.jpg 1536w, https:\/\/www.hospitaldelinares.gob.cl\/wp-content\/uploads\/2026\/09\/20260818_102942-2048x1153.jpg 2048w\" sizes=\"auto, (max-width: 569px) 100vw, 569px\" \/><img loading=\"lazy\" decoding=\"async\" class=\"alignnone size-medium wp-image-15679 aligncenter\" src=\"\/wp-content\/uploads\/2026\/09\/20260818_1037150-569x320.jpg\" alt=\"\" width=\"569\" height=\"320\" srcset=\"https:\/\/www.hospitaldelinares.gob.cl\/wp-content\/uploads\/2026\/09\/20260818_1037150-569x320.jpg 569w, https:\/\/www.hospitaldelinares.gob.cl\/wp-content\/uploads\/2026\/09\/20260818_1037150-768x432.jpg 768w, https:\/\/www.hospitaldelinares.gob.cl\/wp-content\/uploads\/2026\/09\/20260818_1037150-1536x864.jpg 1536w, https:\/\/www.hospitaldelinares.gob.cl\/wp-content\/uploads\/2026\/09\/20260818_1037150-2048x1153.jpg 2048w\" sizes=\"auto, (max-width: 569px) 100vw, 569px\" \/><img loading=\"lazy\" decoding=\"async\" class=\"alignnone size-medium wp-image-15673 aligncenter\" src=\"\/wp-content\/uploads\/2026\/09\/20260818_104906-569x320.jpg\" alt=\"\" width=\"569\" height=\"320\" srcset=\"https:\/\/www.hospitaldelinares.gob.cl\/wp-content\/uploads\/2026\/09\/20260818_104906-569x320.jpg 569w, https:\/\/www.hospitaldelinares.gob.cl\/wp-content\/uploads\/2026\/09\/20260818_104906-768x432.jpg 768w, https:\/\/www.hospitaldelinares.gob.cl\/wp-content\/uploads\/2026\/09\/20260818_104906-1536x864.jpg 1536w, https:\/\/www.hospitaldelinares.gob.cl\/wp-content\/uploads\/2026\/09\/20260818_104906-2048x1153.jpg 2048w\" sizes=\"auto, (max-width: 569px) 100vw, 569px\" \/><img loading=\"lazy\" decoding=\"async\" class=\"alignnone size-medium wp-image-15672 aligncenter\" src=\"\/wp-content\/uploads\/2026\/09\/20260818_103616-569x320.jpg\" alt=\"\" width=\"569\" height=\"320\" srcset=\"https:\/\/www.hospitaldelinares.gob.cl\/wp-content\/uploads\/2026\/09\/20260818_103616-569x320.jpg 569w, https:\/\/www.hospitaldelinares.gob.cl\/wp-content\/uploads\/2026\/09\/20260818_103616-768x432.jpg 768w, https:\/\/www.hospitaldelinares.gob.cl\/wp-content\/uploads\/2026\/09\/20260818_103616-1536x864.jpg 1536w, https:\/\/www.hospitaldelinares.gob.cl\/wp-content\/uploads\/2026\/09\/20260818_103616-2048x1153.jpg 2048w\" sizes=\"auto, (max-width: 569px) 100vw, 569px\" \/> <img loading=\"lazy\" decoding=\"async\" class=\"alignnone size-medium wp-image-15674 aligncenter\" src=\"\/wp-content\/uploads\/2026\/09\/20260818_105217-569x320.jpg\" alt=\"\" width=\"569\" height=\"320\" srcset=\"https:\/\/www.hospitaldelinares.gob.cl\/wp-content\/uploads\/2026\/09\/20260818_105217-569x320.jpg 569w, https:\/\/www.hospitaldelinares.gob.cl\/wp-content\/uploads\/2026\/09\/20260818_105217-768x432.jpg 768w, https:\/\/www.hospitaldelinares.gob.cl\/wp-content\/uploads\/2026\/09\/20260818_105217-1536x864.jpg 1536w, https:\/\/www.hospitaldelinares.gob.cl\/wp-content\/uploads\/2026\/09\/20260818_105217-2048x1153.jpg 2048w\" sizes=\"auto, (max-width: 569px) 100vw, 569px\" \/><img loading=\"lazy\" decoding=\"async\" class=\"alignnone size-medium wp-image-15678 aligncenter\" src=\"\/wp-content\/uploads\/2026\/09\/20260818_105336-569x320.jpg\" alt=\"\" width=\"569\" height=\"320\" srcset=\"https:\/\/www.hospitaldelinares.gob.cl\/wp-content\/uploads\/2026\/09\/20260818_105336-569x320.jpg 569w, https:\/\/www.hospitaldelinares.gob.cl\/wp-content\/uploads\/2026\/09\/20260818_105336-768x432.jpg 768w, https:\/\/www.hospitaldelinares.gob.cl\/wp-content\/uploads\/2026\/09\/20260818_105336-1536x864.jpg 1536w, https:\/\/www.hospitaldelinares.gob.cl\/wp-content\/uploads\/2026\/09\/20260818_105336-2048x1153.jpg 2048w\" sizes=\"auto, (max-width: 569px) 100vw, 569px\" \/> <img loading=\"lazy\" decoding=\"async\" class=\"alignnone size-medium wp-image-15675 aligncenter\" src=\"\/wp-content\/uploads\/2026\/09\/20260818_1133060-569x320.jpg\" alt=\"\" width=\"569\" height=\"320\" srcset=\"https:\/\/www.hospitaldelinares.gob.cl\/wp-content\/uploads\/2026\/09\/20260818_1133060-569x320.jpg 569w, https:\/\/www.hospitaldelinares.gob.cl\/wp-content\/uploads\/2026\/09\/20260818_1133060-768x432.jpg 768w, https:\/\/www.hospitaldelinares.gob.cl\/wp-content\/uploads\/2026\/09\/20260818_1133060-1536x864.jpg 1536w, https:\/\/www.hospitaldelinares.gob.cl\/wp-content\/uploads\/2026\/09\/20260818_1133060-2048x1153.jpg 2048w\" sizes=\"auto, (max-width: 569px) 100vw, 569px\" \/> <img loading=\"lazy\" decoding=\"async\" class=\"alignnone size-medium wp-image-15676 aligncenter\" src=\"\/wp-content\/uploads\/2026\/09\/20260818_113051-569x320.jpg\" alt=\"\" width=\"569\" height=\"320\" srcset=\"https:\/\/www.hospitaldelinares.gob.cl\/wp-content\/uploads\/2026\/09\/20260818_113051-569x320.jpg 569w, https:\/\/www.hospitaldelinares.gob.cl\/wp-content\/uploads\/2026\/09\/20260818_113051-768x432.jpg 768w, https:\/\/www.hospitaldelinares.gob.cl\/wp-content\/uploads\/2026\/09\/20260818_113051-1536x864.jpg 1536w, https:\/\/www.hospitaldelinares.gob.cl\/wp-content\/uploads\/2026\/09\/20260818_113051-2048x1153.jpg 2048w\" sizes=\"auto, (max-width: 569px) 100vw, 569px\" \/> <img loading=\"lazy\" decoding=\"async\" class=\"alignnone size-medium wp-image-15677 aligncenter\" src=\"\/wp-content\/uploads\/2026\/09\/20260818_113918-569x320.jpg\" alt=\"\" width=\"569\" height=\"320\" srcset=\"https:\/\/www.hospitaldelinares.gob.cl\/wp-content\/uploads\/2026\/09\/20260818_113918-569x320.jpg 569w, https:\/\/www.hospitaldelinares.gob.cl\/wp-content\/uploads\/2026\/09\/20260818_113918-768x432.jpg 768w, https:\/\/www.hospitaldelinares.gob.cl\/wp-content\/uploads\/2026\/09\/20260818_113918-1536x864.jpg 1536w, https:\/\/www.hospitaldelinares.gob.cl\/wp-content\/uploads\/2026\/09\/20260818_113918-2048x1153.jpg 2048w\" sizes=\"auto, (max-width: 569px) 100vw, 569px\" \/><\/p>\n","protected":false},"excerpt":{"rendered":"<p>La instancia reuni\u00f3 a representantes de establecimientos de salud, Departamentos de Salud Municipal y organizaciones de la comunidad, generando un espacio de di\u00e1logo y coordinaci\u00f3n en torno a estrategias orientadas a fortalecer una atenci\u00f3n m\u00e1s [&hellip;]<\/p>\n","protected":false},"author":8,"featured_media":0,"comment_status":"closed","ping_status":"closed","sticky":false,"template":"","format":"standard","meta":{"footnotes":""},"categories":[5],"tags":[],"class_list":["post-15670","post","type-post","status-publish","format-standard","hentry","category-destacados"],"_links":{"self":[{"href":"https:\/\/www.hospitaldelinares.gob.cl\/index.php?rest_route=\/wp\/v2\/posts\/15670","targetHints":{"allow":["GET"]}}],"collection":[{"href":"https:\/\/www.hospitaldelinares.gob.cl\/index.php?rest_route=\/wp\/v2\/posts"}],"about":[{"href":"https:\/\/www.hospitaldelinares.gob.cl\/index.php?rest_route=\/wp\/v2\/types\/post"}],"author":[{"embeddable":true,"href":"https:\/\/www.hospitaldelinares.gob.cl\/index.php?rest_route=\/wp\/v2\/users\/8"}],"replies":[{"embeddable":true,"href":"https:\/\/www.hospitaldelinares.gob.cl\/index.php?rest_route=%2Fwp%2Fv2%2Fcomments&post=15670"}],"version-history":[{"count":1,"href":"https:\/\/www.hospitaldelinares.gob.cl\/index.php?rest_route=\/wp\/v2\/posts\/15670\/revisions"}],"predecessor-version":[{"id":15681,"href":"https:\/\/www.hospitaldelinares.gob.cl\/index.php?rest_route=\/wp\/v2\/posts\/15670\/revisions\/15681"}],"wp:attachment":[{"href":"https:\/\/www.hospitaldelinares.gob.cl\/index.php?rest_route=%2Fwp%2Fv2%2Fmedia&parent=15670"}],"wp:term":[{"taxonomy":"category","embeddable":true,"href":"https:\/\/www.hospitaldelinares.gob.cl\/index.php?rest_route=%2Fwp%2Fv2%2Fcategories&post=15670"},{"taxonomy":"post_tag","embeddable":true,"href":"https:\/\/www.hospitaldelinares.gob.cl\/index.php?rest_route=%2Fwp%2Fv2%2Ftags&post=15670"}],"curies":[{"name":"wp","href":"https:\/\/api.w.org\/{rel}","templated":true}]}}