{"id":15662,"date":"2026-09-02T08:41:28","date_gmt":"2026-09-02T12:41:28","guid":{"rendered":"https:\/\/www.hospitaldelinares.gob.cl\/?p=15662"},"modified":"2026-09-02T08:41:28","modified_gmt":"2026-09-02T12:41:28","slug":"con-satisfaccion-culmino-la-iniciativa-cafe-solidario-en-el-servicio-de-emergencias","status":"publish","type":"post","link":"https:\/\/www.hospitaldelinares.gob.cl\/?p=15662","title":{"rendered":"Con Satisfacci\u00f3n Culmin\u00f3 la Iniciativa Caf\u00e9 Solidario en el Servicio de Emergencias"},"content":{"rendered":"<p>La Agrupaci\u00f3n de Jubilados Mar\u00eda Machuca Reyes del Hospital de Linares contribuy\u00f3 con entusiasmo y compromiso a una atenci\u00f3n m\u00e1s cercana y humanizada para nuestros usuarios y acompa\u00f1antes.<\/p>\n<p>La presidenta de la Agrupaci\u00f3n de Jubilados Mar\u00eda Machuca Reyes del Hospital de Linares, In\u00e9s Araneda, expres\u00f3 su satisfacci\u00f3n por poder concretar este aporte, agradeci\u00f3 a la direcci\u00f3n del establecimiento, agrupaciones gremiales, el servicio de bienestar y funcionarios que colaboraron para el desarrollo de la iniciativa, esperando poder repetir la experiencia en el futuro.<\/p>\n<div style=\"width: 1920px;\" class=\"wp-video\"><video class=\"wp-video-shortcode\" id=\"video-15662-1\" width=\"1920\" height=\"1080\" preload=\"metadata\" controls=\"controls\"><source type=\"video\/mp4\" src=\"\/wp-content\/uploads\/2026\/09\/lv_0_20260902081204.mp4?_=1\" \/><a href=\"\/wp-content\/uploads\/2026\/09\/lv_0_20260902081204.mp4\">\/wp-content\/uploads\/2026\/09\/lv_0_20260902081204.mp4<\/a><\/video><\/div>\n<p><img loading=\"lazy\" decoding=\"async\" class=\"size-medium wp-image-15664 aligncenter\" src=\"\/wp-content\/uploads\/2026\/09\/Cierre-Cafe-solidario-1-569x320.jpg\" alt=\"\" width=\"569\" height=\"320\" srcset=\"https:\/\/www.hospitaldelinares.gob.cl\/wp-content\/uploads\/2026\/09\/Cierre-Cafe-solidario-1-569x320.jpg 569w, https:\/\/www.hospitaldelinares.gob.cl\/wp-content\/uploads\/2026\/09\/Cierre-Cafe-solidario-1.jpg 640w\" sizes=\"auto, (max-width: 569px) 100vw, 569px\" \/> <img loading=\"lazy\" decoding=\"async\" class=\"size-medium wp-image-15665 aligncenter\" src=\"\/wp-content\/uploads\/2026\/09\/Cierre-Cafe-solidario-2-569x320.jpg\" alt=\"\" width=\"569\" height=\"320\" srcset=\"https:\/\/www.hospitaldelinares.gob.cl\/wp-content\/uploads\/2026\/09\/Cierre-Cafe-solidario-2-569x320.jpg 569w, https:\/\/www.hospitaldelinares.gob.cl\/wp-content\/uploads\/2026\/09\/Cierre-Cafe-solidario-2.jpg 640w\" sizes=\"auto, (max-width: 569px) 100vw, 569px\" \/> <img loading=\"lazy\" decoding=\"async\" class=\"size-medium wp-image-15666 aligncenter\" src=\"\/wp-content\/uploads\/2026\/09\/Cierre-Cafe-solidario-3-569x320.jpg\" alt=\"\" width=\"569\" height=\"320\" srcset=\"https:\/\/www.hospitaldelinares.gob.cl\/wp-content\/uploads\/2026\/09\/Cierre-Cafe-solidario-3-569x320.jpg 569w, https:\/\/www.hospitaldelinares.gob.cl\/wp-content\/uploads\/2026\/09\/Cierre-Cafe-solidario-3.jpg 640w\" sizes=\"auto, (max-width: 569px) 100vw, 569px\" \/> <img loading=\"lazy\" decoding=\"async\" class=\"size-medium wp-image-15667 aligncenter\" src=\"\/wp-content\/uploads\/2026\/09\/Cierre-Cafe-solidario-4-569x320.jpg\" alt=\"\" width=\"569\" height=\"320\" srcset=\"https:\/\/www.hospitaldelinares.gob.cl\/wp-content\/uploads\/2026\/09\/Cierre-Cafe-solidario-4-569x320.jpg 569w, https:\/\/www.hospitaldelinares.gob.cl\/wp-content\/uploads\/2026\/09\/Cierre-Cafe-solidario-4.jpg 640w\" sizes=\"auto, (max-width: 569px) 100vw, 569px\" \/> <img loading=\"lazy\" decoding=\"async\" class=\"size-medium wp-image-15668 aligncenter\" src=\"\/wp-content\/uploads\/2026\/09\/Cierre-Cafe-solidario-5-569x320.jpg\" alt=\"\" width=\"569\" height=\"320\" srcset=\"https:\/\/www.hospitaldelinares.gob.cl\/wp-content\/uploads\/2026\/09\/Cierre-Cafe-solidario-5-569x320.jpg 569w, https:\/\/www.hospitaldelinares.gob.cl\/wp-content\/uploads\/2026\/09\/Cierre-Cafe-solidario-5.jpg 640w\" sizes=\"auto, (max-width: 569px) 100vw, 569px\" \/><\/p>\n","protected":false},"excerpt":{"rendered":"<p>La Agrupaci\u00f3n de Jubilados Mar\u00eda Machuca Reyes del Hospital de Linares contribuy\u00f3 con entusiasmo y compromiso a una atenci\u00f3n m\u00e1s cercana y humanizada para nuestros usuarios y acompa\u00f1antes. La presidenta de la Agrupaci\u00f3n de Jubilados [&hellip;]<\/p>\n","protected":false},"author":8,"featured_media":0,"comment_status":"closed","ping_status":"closed","sticky":false,"template":"","format":"standard","meta":{"footnotes":""},"categories":[5],"tags":[],"class_list":["post-15662","post","type-post","status-publish","format-standard","hentry","category-destacados"],"_links":{"self":[{"href":"https:\/\/www.hospitaldelinares.gob.cl\/index.php?rest_route=\/wp\/v2\/posts\/15662","targetHints":{"allow":["GET"]}}],"collection":[{"href":"https:\/\/www.hospitaldelinares.gob.cl\/index.php?rest_route=\/wp\/v2\/posts"}],"about":[{"href":"https:\/\/www.hospitaldelinares.gob.cl\/index.php?rest_route=\/wp\/v2\/types\/post"}],"author":[{"embeddable":true,"href":"https:\/\/www.hospitaldelinares.gob.cl\/index.php?rest_route=\/wp\/v2\/users\/8"}],"replies":[{"embeddable":true,"href":"https:\/\/www.hospitaldelinares.gob.cl\/index.php?rest_route=%2Fwp%2Fv2%2Fcomments&post=15662"}],"version-history":[{"count":1,"href":"https:\/\/www.hospitaldelinares.gob.cl\/index.php?rest_route=\/wp\/v2\/posts\/15662\/revisions"}],"predecessor-version":[{"id":15669,"href":"https:\/\/www.hospitaldelinares.gob.cl\/index.php?rest_route=\/wp\/v2\/posts\/15662\/revisions\/15669"}],"wp:attachment":[{"href":"https:\/\/www.hospitaldelinares.gob.cl\/index.php?rest_route=%2Fwp%2Fv2%2Fmedia&parent=15662"}],"wp:term":[{"taxonomy":"category","embeddable":true,"href":"https:\/\/www.hospitaldelinares.gob.cl\/index.php?rest_route=%2Fwp%2Fv2%2Fcategories&post=15662"},{"taxonomy":"post_tag","embeddable":true,"href":"https:\/\/www.hospitaldelinares.gob.cl\/index.php?rest_route=%2Fwp%2Fv2%2Ftags&post=15662"}],"curies":[{"name":"wp","href":"https:\/\/api.w.org\/{rel}","templated":true}]}}