{"id":14620,"date":"2025-11-13T15:46:16","date_gmt":"2025-11-13T19:46:16","guid":{"rendered":"https:\/\/www.hospitaldelinares.gob.cl\/?p=14620"},"modified":"2025-11-13T15:46:16","modified_gmt":"2025-11-13T19:46:16","slug":"realizan-la-2da-feria-de-beneficios-para-funcionarios-del-hospital-de-linares","status":"publish","type":"post","link":"https:\/\/www.hospitaldelinares.gob.cl\/?p=14620","title":{"rendered":"Realizan la 2da Feria de Beneficios para Funcionarios del Hospital de Linares"},"content":{"rendered":"<p><img loading=\"lazy\" decoding=\"async\" class=\"alignnone size-medium wp-image-14621\" src=\"\/wp-content\/uploads\/2025\/11\/Feria-Beneficios-Funcionarios-569x320.jpg\" alt=\"\" width=\"569\" height=\"320\" srcset=\"https:\/\/www.hospitaldelinares.gob.cl\/wp-content\/uploads\/2025\/11\/Feria-Beneficios-Funcionarios-569x320.jpg 569w, https:\/\/www.hospitaldelinares.gob.cl\/wp-content\/uploads\/2025\/11\/Feria-Beneficios-Funcionarios.jpg 640w\" sizes=\"auto, (max-width: 569px) 100vw, 569px\" \/><\/p>\n<p>&nbsp;<\/p>\n<p>El Departamento de Calidad de Vida Laboral del Hospital de Linares desarroll\u00f3 la segunda Feria de Beneficios para Funcionarios, instancia que reuni\u00f3 a diversas instituciones colaboradoras y a la Unidad de Salud Funcionaria, la cual ofrece prestaciones m\u00e9dicas, odontol\u00f3gicas y psicol\u00f3gicas a nuestro personal.<\/p>\n<p>Una jornada pensada para cuidar y apoyar a quienes d\u00eda a d\u00eda entregan lo mejor de s\u00ed por la salud de nuestra comunidad.<\/p>\n<div style=\"width: 1280px;\" class=\"wp-video\"><video class=\"wp-video-shortcode\" id=\"video-14620-1\" width=\"1280\" height=\"720\" preload=\"metadata\" controls=\"controls\"><source type=\"video\/mp4\" src=\"\/wp-content\/uploads\/2025\/11\/2DA-FERIA-BENEFICIOS-DPTO.-CALIDAD-DE-VIDA-LABORAL-07-11-25.mp4?_=1\" \/><a href=\"\/wp-content\/uploads\/2025\/11\/2DA-FERIA-BENEFICIOS-DPTO.-CALIDAD-DE-VIDA-LABORAL-07-11-25.mp4\">\/wp-content\/uploads\/2025\/11\/2DA-FERIA-BENEFICIOS-DPTO.-CALIDAD-DE-VIDA-LABORAL-07-11-25.mp4<\/a><\/video><\/div>\n<p>&nbsp;<\/p>\n","protected":false},"excerpt":{"rendered":"<p>&nbsp; El Departamento de Calidad de Vida Laboral del Hospital de Linares desarroll\u00f3 la segunda Feria de Beneficios para Funcionarios, instancia que reuni\u00f3 a diversas instituciones colaboradoras y a la Unidad de Salud Funcionaria, la [&hellip;]<\/p>\n","protected":false},"author":8,"featured_media":0,"comment_status":"closed","ping_status":"closed","sticky":false,"template":"","format":"standard","meta":{"footnotes":""},"categories":[5],"tags":[],"class_list":["post-14620","post","type-post","status-publish","format-standard","hentry","category-destacados"],"_links":{"self":[{"href":"https:\/\/www.hospitaldelinares.gob.cl\/index.php?rest_route=\/wp\/v2\/posts\/14620","targetHints":{"allow":["GET"]}}],"collection":[{"href":"https:\/\/www.hospitaldelinares.gob.cl\/index.php?rest_route=\/wp\/v2\/posts"}],"about":[{"href":"https:\/\/www.hospitaldelinares.gob.cl\/index.php?rest_route=\/wp\/v2\/types\/post"}],"author":[{"embeddable":true,"href":"https:\/\/www.hospitaldelinares.gob.cl\/index.php?rest_route=\/wp\/v2\/users\/8"}],"replies":[{"embeddable":true,"href":"https:\/\/www.hospitaldelinares.gob.cl\/index.php?rest_route=%2Fwp%2Fv2%2Fcomments&post=14620"}],"version-history":[{"count":1,"href":"https:\/\/www.hospitaldelinares.gob.cl\/index.php?rest_route=\/wp\/v2\/posts\/14620\/revisions"}],"predecessor-version":[{"id":14627,"href":"https:\/\/www.hospitaldelinares.gob.cl\/index.php?rest_route=\/wp\/v2\/posts\/14620\/revisions\/14627"}],"wp:attachment":[{"href":"https:\/\/www.hospitaldelinares.gob.cl\/index.php?rest_route=%2Fwp%2Fv2%2Fmedia&parent=14620"}],"wp:term":[{"taxonomy":"category","embeddable":true,"href":"https:\/\/www.hospitaldelinares.gob.cl\/index.php?rest_route=%2Fwp%2Fv2%2Fcategories&post=14620"},{"taxonomy":"post_tag","embeddable":true,"href":"https:\/\/www.hospitaldelinares.gob.cl\/index.php?rest_route=%2Fwp%2Fv2%2Ftags&post=14620"}],"curies":[{"name":"wp","href":"https:\/\/api.w.org\/{rel}","templated":true}]}}