{"id":14473,"date":"2025-08-04T11:22:53","date_gmt":"2025-08-04T15:22:53","guid":{"rendered":"https:\/\/www.hospitaldelinares.gob.cl\/?p=14473"},"modified":"2025-08-04T11:22:53","modified_gmt":"2025-08-04T15:22:53","slug":"concurso-interno-asig-responsabilidad-ley-19-664-ano-2025","status":"publish","type":"post","link":"https:\/\/www.hospitaldelinares.gob.cl\/?p=14473","title":{"rendered":"Concurso Interno Asig. Responsabilidad Ley 19.664 a\u00f1o 2025"},"content":{"rendered":"<p>La informaci\u00f3n espec\u00edfica referida a cada Asignaci\u00f3n a concursar es la que se presenta a continuaci\u00f3n:<\/p>\n<table style=\"height: 612px;\" width=\"703\">\n<tbody>\n<tr>\n<td width=\"151\"><strong>SERVICIO CLINICO Y\/O UNIDAD DE APOYO<\/strong><\/td>\n<td width=\"66\"><strong>HORAS<\/strong><\/td>\n<td width=\"85\"><strong>% ASIGNACION<\/strong><\/td>\n<td width=\"277\"><strong>PROFESION REQUERIDA<\/strong><\/td>\n<\/tr>\n<tr>\n<td width=\"151\">CR. PABELLON Y RECUPERACION ANESTESIA<\/td>\n<td width=\"66\">22<\/td>\n<td width=\"85\">85<\/td>\n<td width=\"277\">T\u00edtulo Prof. de M\u00e9dico Cirujano con especialidad en Anestesiolog\u00eda o especialidad B\u00e1sica, certificada y registrada en la Superintendencia de Salud.<\/td>\n<\/tr>\n<tr>\n<td width=\"151\">CRF. EMERGENCIA HOSPITALARIA<\/td>\n<td width=\"66\">22<\/td>\n<td width=\"85\">100<\/td>\n<td width=\"277\">T\u00edtulo Prof. de M\u00e9dico Cirujano con especialidad en Medicina de Urgencia o especialidad B\u00e1sica, certificada y registrada en la Superintendencia de Salud.<\/td>\n<\/tr>\n<tr>\n<td width=\"151\">SALUD MENTAL Y PSQUIATR\u00cdA ADULTO<\/td>\n<td width=\"66\">22<\/td>\n<td width=\"85\">100<\/td>\n<td width=\"277\">T\u00edtulo Prof. de M\u00e9dico Cirujano con especialidad en Psiquiatr\u00eda Adulto o especialidad B\u00e1sica, certificada y registrada en la Superintendencia de Salud.<\/td>\n<\/tr>\n<tr>\n<td width=\"151\">CR. PACIENTE CRITICO<\/td>\n<td width=\"66\">22<\/td>\n<td width=\"85\">100<\/td>\n<td width=\"277\">T\u00edtulo Prof. de M\u00e9dico Cirujano con especialidad en Medicina Interna o especialidad B\u00e1sica, certificada y registrada en la Superintendencia de Salud.<\/td>\n<\/tr>\n<tr>\n<td width=\"151\">DEPTO. ADQUISICIONES<\/td>\n<td width=\"66\">33<\/td>\n<td width=\"85\">85<\/td>\n<td width=\"277\">T\u00edtulo Prof. De Qu\u00edmico farmac\u00e9utico, certificada y registrada en la Superintendencia de Salud.<\/td>\n<\/tr>\n<\/tbody>\n<\/table>\n<p><strong>DE LOS REQUISITOS DE LOS BENEFICIARIOS:<\/strong><\/p>\n<p>Los profesionales funcionarios a que se refiere el art\u00edculo n\u00ba1 del Decreto N\u00ba29\/2015, de Salud, tendr\u00e1n derecho a la asignaci\u00f3n de responsabilidad en la medida en obtengan el puntaje m\u00e1s alto del presente concurso interno, para lo cual, deber\u00e1n desempe\u00f1ar efectivamente funciones de direcci\u00f3n, coordinaci\u00f3n, supervisi\u00f3n o mando en servicios cl\u00ednicos o unidades de apoyo, cualquiera sea su denominaci\u00f3n, siempre y cuando lo hagan cumpliendo jornadas iguales o superiores a 22 horas semanales distribuidas de lunes a viernes.<\/p>\n<p>La asignaci\u00f3n ser\u00e1 percibida por un periodo de <strong>3 a\u00f1os<\/strong>, al cabo se proceder\u00e1 a un nuevo concurso interno para reasignarla.<\/p>\n<p><strong>DEL PLAZO : <\/strong>Todos los plazos se\u00f1alados en estas bases deben entenderse como d\u00edas h\u00e1biles.<\/p>\n<p><a href=\"\/wp-content\/uploads\/2025\/08\/ANEXOS-4.docx\">ANEXOS (4)<\/a><\/p>\n<p><a href=\"\/wp-content\/uploads\/2025\/08\/Resolucion-Convoca-Concurso-Interno-Asig.-Responsabilidad.pdf\">Resoluci\u00f3n Convoca Concurso Interno Asig. Responsabilidad<\/a><\/p>\n<p>&nbsp;<\/p>\n","protected":false},"excerpt":{"rendered":"<p>La informaci\u00f3n espec\u00edfica referida a cada Asignaci\u00f3n a concursar es la que se presenta a continuaci\u00f3n: SERVICIO CLINICO Y\/O UNIDAD DE APOYO HORAS % ASIGNACION PROFESION REQUERIDA CR. PABELLON Y RECUPERACION ANESTESIA 22 85 T\u00edtulo [&hellip;]<\/p>\n","protected":false},"author":14,"featured_media":0,"comment_status":"closed","ping_status":"closed","sticky":false,"template":"","format":"standard","meta":{"footnotes":""},"categories":[84],"tags":[],"class_list":["post-14473","post","type-post","status-publish","format-standard","hentry","category-_gestionpersonas-archivos"],"_links":{"self":[{"href":"https:\/\/www.hospitaldelinares.gob.cl\/index.php?rest_route=\/wp\/v2\/posts\/14473","targetHints":{"allow":["GET"]}}],"collection":[{"href":"https:\/\/www.hospitaldelinares.gob.cl\/index.php?rest_route=\/wp\/v2\/posts"}],"about":[{"href":"https:\/\/www.hospitaldelinares.gob.cl\/index.php?rest_route=\/wp\/v2\/types\/post"}],"author":[{"embeddable":true,"href":"https:\/\/www.hospitaldelinares.gob.cl\/index.php?rest_route=\/wp\/v2\/users\/14"}],"replies":[{"embeddable":true,"href":"https:\/\/www.hospitaldelinares.gob.cl\/index.php?rest_route=%2Fwp%2Fv2%2Fcomments&post=14473"}],"version-history":[{"count":3,"href":"https:\/\/www.hospitaldelinares.gob.cl\/index.php?rest_route=\/wp\/v2\/posts\/14473\/revisions"}],"predecessor-version":[{"id":14478,"href":"https:\/\/www.hospitaldelinares.gob.cl\/index.php?rest_route=\/wp\/v2\/posts\/14473\/revisions\/14478"}],"wp:attachment":[{"href":"https:\/\/www.hospitaldelinares.gob.cl\/index.php?rest_route=%2Fwp%2Fv2%2Fmedia&parent=14473"}],"wp:term":[{"taxonomy":"category","embeddable":true,"href":"https:\/\/www.hospitaldelinares.gob.cl\/index.php?rest_route=%2Fwp%2Fv2%2Fcategories&post=14473"},{"taxonomy":"post_tag","embeddable":true,"href":"https:\/\/www.hospitaldelinares.gob.cl\/index.php?rest_route=%2Fwp%2Fv2%2Ftags&post=14473"}],"curies":[{"name":"wp","href":"https:\/\/api.w.org\/{rel}","templated":true}]}}