{"id":14460,"date":"2025-07-31T17:17:23","date_gmt":"2025-07-31T21:17:23","guid":{"rendered":"https:\/\/www.hospitaldelinares.gob.cl\/?p=14460"},"modified":"2025-07-31T17:17:23","modified_gmt":"2025-07-31T21:17:23","slug":"director-del-hospital-de-linares-presento-cuenta-publica-de-gestion-2024-con-enfasis-en-lineas-estra","status":"publish","type":"post","link":"https:\/\/www.hospitaldelinares.gob.cl\/?p=14460","title":{"rendered":"Director del Hospital de Linares Present\u00f3 Cuenta P\u00fablica de Gesti\u00f3n 2024 con \u00c9nfasis en L\u00edneas Estrat\u00e9gicas como Trabajo Territorial y Participaci\u00f3n Social entre otros"},"content":{"rendered":"<p><img loading=\"lazy\" decoding=\"async\" class=\"size-medium wp-image-14461 aligncenter\" src=\"\/wp-content\/uploads\/2025\/07\/Cta-Publica-Gestion-HBL-2024-70-481x320.jpg\" alt=\"\" width=\"481\" height=\"320\" srcset=\"https:\/\/www.hospitaldelinares.gob.cl\/wp-content\/uploads\/2025\/07\/Cta-Publica-Gestion-HBL-2024-70-481x320.jpg 481w, https:\/\/www.hospitaldelinares.gob.cl\/wp-content\/uploads\/2025\/07\/Cta-Publica-Gestion-HBL-2024-70.jpg 640w\" sizes=\"auto, (max-width: 481px) 100vw, 481px\" \/><\/p>\n<p>Jaime Bertolotto present\u00f3 a la comunidad y autoridades los balances de la gesti\u00f3n 2024 y proyecci\u00f3n 2025 del establecimiento de salud<\/p>\n<p>&nbsp;<\/p>\n<p>En la oportunidad, autoridades comunales y directores de salud, junto a las comunidades de la provincia de Linares, compartieron un trabajo de an\u00e1lisis y propuestas para mejorar las atenciones de salud del centro asistencial en colaboraci\u00f3n con la atenci\u00f3n primaria.<\/p>\n<p>La actividad desarrollada en la Delegaci\u00f3n Provincial puso especial importancia en la presentaci\u00f3n de 6 L\u00edneas Estrat\u00e9gicas de Gesti\u00f3n institucional, como lo explic\u00f3 el propio director Jaime Bertolotto.<\/p>\n<p><em>\u201cBueno, ha sido una cuenta p\u00fablica que quisimos variar un poco, cambiamos nuestros lugares normales del hospital para venirnos aqu\u00ed la delegaci\u00f3n provincial para poder tener m\u00e1s espacio para juntarnos con la comunidad y poder decirles y expresarles lo que el hospital est\u00e1 haciendo en este \u00faltimo tiempo, ah\u00ed aprovechamos tambi\u00e9n de poder explicarles nuestros, adem\u00e1s de decirles lo que hicimos, explicarles cu\u00e1les son nuestros lineamientos estrat\u00e9gicos para \u00a0\u00a0pr\u00f3ximos 3 a\u00f1os. Ah\u00ed queremos preocuparnos del hospital nuevo, queremos tambi\u00e9n elaborar un plan que es el acercamiento del hospital hacia la comunidad, queremos aumentar y consolidar la participaci\u00f3n ciudadana, trabajar en lo que es la captaci\u00f3n de nuevos funcionarios para el hospital que viene y en general acercar tambi\u00e9n la red para que seamos la red m\u00e1s eficiente del sur de Chile, as\u00ed que estamos muy contentos. La gente atenta a lo que nosotros le dijimos y adem\u00e1s tambi\u00e9n se siente en el ambiente de que tambi\u00e9n hay mucho inter\u00e9s en poder participar en lo que se viene en el futuro para el hospital, as\u00ed que ahora lo que nos queda es juntarnos, ordenarnos y seguir nuestro plan estrat\u00e9gico para que podamos tener el mejor hospital de Chile puesto aqu\u00ed en Linares\u201d<\/em>, resalt\u00f3.<\/p>\n<p><strong>Testimonios de Asistentes<\/strong><\/p>\n<p>Jaquelinne Huaquiche, presidenta de la agrupaci\u00f3n ind\u00edgena CO MAPU<\/p>\n<p><em>\u201ccomo pueblo originario estamos presentes en esta cuenta p\u00fablica y darle tambi\u00e9n la gracia al director y a todo su equipo que trabaja junto a \u00e9l. En lo personal hemos tenido una muy buena acogida con \u00e9l y de esperar a seguir trabajando en este tema de salud intercultural, ya que es una persona muy amena, muy accesible y eso tambi\u00e9n lo hace muy cercano a las personas. Bueno, nosotros en este nuevo proyecto del hospital en lo posible queremos tener un espacio f\u00edsico donde podamos reunirnos y entregar m\u00e1s comunicaci\u00f3n a la comunidad. Como pueblo originario, traspasar todos nuestros saberes a la comunidad tambi\u00e9n que tenga una alternativa para poder atenderse\u201d.<\/em><\/p>\n<p><em>Jaqueline Alegr\u00eda, pastora de la iglesia La Vi\u00f1a Linares <\/em><\/p>\n<p><em>\u201cfuimos invitados con muchos funcionarios de nuestra iglesia tambi\u00e9n para esta cuenta p\u00fablica, que nos ha parecido muy brillante porque se ha dado cuenta de todo el trabajo que han tenido como hospital durante este periodo y me encanta tambi\u00e9n lo que tienen como visi\u00f3n para m\u00e1s adelante. y nosotros como grupo tambi\u00e9n participamos dentro del hospital haciendo acompa\u00f1amiento espiritual y como el director dec\u00eda que vamos a trabajar todos en conjunto, una hermosa oportunidad que nos dan tambi\u00e9n a nosotros como iglesia y poder trabajar en conjunto para tener y lograr esta visi\u00f3n del nuevo hospital tambi\u00e9n que vamos a tener como Linares. As\u00ed que la cuenta p\u00fablica ha sido muy transparente, clara y realmente nos da a conocer todo el trabajo de los funcionarios, del director, de todos los encargados que han estado trabajando profundamente en esto. As\u00ed que vamos por un Linares mejor y nuestro hospital de Linares\u201d.<\/em><\/p>\n<p>Erika Retamal, presidenta del Consejo de Salud del CESFAM San Juan de Dios<\/p>\n<p><em>\u201cAh\u00ed estamos trabajando, es casi la misma, o sea, la deficiencia que hay en el hospital, la misma con el San Juan de Dios. Pero la cuenta p\u00fablica hoy d\u00eda fue maravillosa. El nuevo director espectacular, clarito, todo lo que tenemos que hacer. Muy buena la idea de salir a terreno, de hacer visitas en los consultorios, juntarse con las juntas de vecinos, con todas las mesas territoriales y todas esas cosas. As\u00ed que me encant\u00f3 la cuenta p\u00fablica\u201d.<\/em><\/p>\n<p>&nbsp;<\/p>\n<p><strong>L\u00edneas Estrat\u00e9gicas de Gesti\u00f3n Institucional<\/strong><\/p>\n<ol>\n<li>Puesta en Marcha del nuevo Hospital para Linares<\/li>\n<li>Potenciar la Red Provincial<\/li>\n<li>Salud m\u00e1s cerca de casa<\/li>\n<li>Cambio cultural en el Hospital<\/li>\n<li>Plan de atracci\u00f3n de funcionarios<\/li>\n<li>Consolidar y Potenciar la Participaci\u00f3n Ciudadana<\/li>\n<\/ol>\n<p>&nbsp;<\/p>\n<p><strong>Cuenta P\u00fablica Hospital de Linares Gesti\u00f3n 2024<\/strong><\/p>\n<p><strong><a href=\"https:\/\/www.hospitaldelinares.gob.cl\/wp-content\/uploads\/2025\/07\/Cta-Publica-HBL-Gestion-2024.pdf\">https:\/\/www.hospitaldelinares.gob.cl\/wp-content\/uploads\/2025\/07\/Cta-Publica-HBL-Gestion-2024.pdf<\/a> <\/strong><\/p>\n<p><img loading=\"lazy\" decoding=\"async\" class=\"size-medium wp-image-14462 aligncenter\" src=\"\/wp-content\/uploads\/2025\/07\/Cta-Publica-Gestion-HBL-2024-4-481x320.jpg\" alt=\"\" width=\"481\" height=\"320\" srcset=\"https:\/\/www.hospitaldelinares.gob.cl\/wp-content\/uploads\/2025\/07\/Cta-Publica-Gestion-HBL-2024-4-481x320.jpg 481w, https:\/\/www.hospitaldelinares.gob.cl\/wp-content\/uploads\/2025\/07\/Cta-Publica-Gestion-HBL-2024-4.jpg 640w\" sizes=\"auto, (max-width: 481px) 100vw, 481px\" \/> <img loading=\"lazy\" decoding=\"async\" class=\"size-medium wp-image-14463 aligncenter\" src=\"\/wp-content\/uploads\/2025\/07\/Cta-Publica-Gestion-HBL-2024-17-481x320.jpg\" alt=\"\" width=\"481\" height=\"320\" srcset=\"https:\/\/www.hospitaldelinares.gob.cl\/wp-content\/uploads\/2025\/07\/Cta-Publica-Gestion-HBL-2024-17-481x320.jpg 481w, https:\/\/www.hospitaldelinares.gob.cl\/wp-content\/uploads\/2025\/07\/Cta-Publica-Gestion-HBL-2024-17.jpg 640w\" sizes=\"auto, (max-width: 481px) 100vw, 481px\" \/> <img loading=\"lazy\" decoding=\"async\" class=\"size-medium wp-image-14464 aligncenter\" src=\"\/wp-content\/uploads\/2025\/07\/Cta-Publica-Gestion-HBL-2024-30-481x320.jpg\" alt=\"\" width=\"481\" height=\"320\" srcset=\"https:\/\/www.hospitaldelinares.gob.cl\/wp-content\/uploads\/2025\/07\/Cta-Publica-Gestion-HBL-2024-30-481x320.jpg 481w, https:\/\/www.hospitaldelinares.gob.cl\/wp-content\/uploads\/2025\/07\/Cta-Publica-Gestion-HBL-2024-30.jpg 640w\" sizes=\"auto, (max-width: 481px) 100vw, 481px\" \/><\/p>\n<div style=\"width: 1280px;\" class=\"wp-video\"><video class=\"wp-video-shortcode\" id=\"video-14460-1\" width=\"1280\" height=\"720\" preload=\"metadata\" controls=\"controls\"><source type=\"video\/mp4\" src=\"\/wp-content\/uploads\/2025\/07\/cta-publica-2024-.mp4?_=1\" \/><a href=\"\/wp-content\/uploads\/2025\/07\/cta-publica-2024-.mp4\">\/wp-content\/uploads\/2025\/07\/cta-publica-2024-.mp4<\/a><\/video><\/div>\n","protected":false},"excerpt":{"rendered":"<p>Jaime Bertolotto present\u00f3 a la comunidad y autoridades los balances de la gesti\u00f3n 2024 y proyecci\u00f3n 2025 del establecimiento de salud &nbsp; En la oportunidad, autoridades comunales y directores de salud, junto a las comunidades [&hellip;]<\/p>\n","protected":false},"author":8,"featured_media":0,"comment_status":"closed","ping_status":"closed","sticky":false,"template":"","format":"standard","meta":{"footnotes":""},"categories":[5],"tags":[],"class_list":["post-14460","post","type-post","status-publish","format-standard","hentry","category-destacados"],"_links":{"self":[{"href":"https:\/\/www.hospitaldelinares.gob.cl\/index.php?rest_route=\/wp\/v2\/posts\/14460","targetHints":{"allow":["GET"]}}],"collection":[{"href":"https:\/\/www.hospitaldelinares.gob.cl\/index.php?rest_route=\/wp\/v2\/posts"}],"about":[{"href":"https:\/\/www.hospitaldelinares.gob.cl\/index.php?rest_route=\/wp\/v2\/types\/post"}],"author":[{"embeddable":true,"href":"https:\/\/www.hospitaldelinares.gob.cl\/index.php?rest_route=\/wp\/v2\/users\/8"}],"replies":[{"embeddable":true,"href":"https:\/\/www.hospitaldelinares.gob.cl\/index.php?rest_route=%2Fwp%2Fv2%2Fcomments&post=14460"}],"version-history":[{"count":1,"href":"https:\/\/www.hospitaldelinares.gob.cl\/index.php?rest_route=\/wp\/v2\/posts\/14460\/revisions"}],"predecessor-version":[{"id":14466,"href":"https:\/\/www.hospitaldelinares.gob.cl\/index.php?rest_route=\/wp\/v2\/posts\/14460\/revisions\/14466"}],"wp:attachment":[{"href":"https:\/\/www.hospitaldelinares.gob.cl\/index.php?rest_route=%2Fwp%2Fv2%2Fmedia&parent=14460"}],"wp:term":[{"taxonomy":"category","embeddable":true,"href":"https:\/\/www.hospitaldelinares.gob.cl\/index.php?rest_route=%2Fwp%2Fv2%2Fcategories&post=14460"},{"taxonomy":"post_tag","embeddable":true,"href":"https:\/\/www.hospitaldelinares.gob.cl\/index.php?rest_route=%2Fwp%2Fv2%2Ftags&post=14460"}],"curies":[{"name":"wp","href":"https:\/\/api.w.org\/{rel}","templated":true}]}}