{"id":14394,"date":"2025-07-25T16:05:44","date_gmt":"2025-07-25T20:05:44","guid":{"rendered":"https:\/\/www.hospitaldelinares.gob.cl\/?p=14394"},"modified":"2025-07-25T16:09:22","modified_gmt":"2025-07-25T20:09:22","slug":"concurso-de-ingreso-a-la-planta-servicio-de-salud-maule","status":"publish","type":"post","link":"https:\/\/www.hospitaldelinares.gob.cl\/?p=14394","title":{"rendered":"CONCURSO DE INGRESO A LA PLANTA  &#8211; SERVICIO DE SALUD MAULE"},"content":{"rendered":"<p>El Servicio de Salud del Maula llama a <strong>Concurso P\u00fablico de Ingreso para proveer cargos titulares de Ia planta de Profesionales de la ley N\u00b0 18.834<\/strong>. Y con Resoluci\u00f3n Excenta N\u00b02921. con\u00a0 de julio de 2015, aprueba las Bases Generales de Selecci\u00f3n, que regulan el concurso para los cargos vacantes en calidad de Titular en las Planta de Profesionales, con desempe\u00f1o en cualquier establecimiento dependiente del Servicio de Salud Maule, correspondiente a la Ley N\u00b0 18.834, modificado por el Decreto con Fuerza de Ley N\u00b0 29 de 2004, Estatuto Administrativo.<\/p>\n<p>Informamos que se realizar\u00e1n <strong>dos concursos paralelos<\/strong>: Uno exclusivamente para <strong>cargos profesionales del \u00e1rea de la Salud<\/strong> (Enfermero\/as, Matrones\/as, Nutricionistas, Kinesi\u00f3logos\/as, Tecn\u00f3logos\/as, Fonoaudi\u00f3logo\/as, Terapeutas Ocupacionales o Psic\u00f3logo\/as) y otro para <strong>cargos profesionales de otras \u00e1reas<\/strong> (Administraci\u00f3n, Ingenier\u00eda, Ciencias Sociales, entre otras requeridas por la Instituci\u00f3n).<\/p>\n<p>Los cargos vacantes a proveer son:<\/p>\n<p><img loading=\"lazy\" decoding=\"async\" class=\" wp-image-14401 aligncenter\" src=\"\/wp-content\/uploads\/2025\/07\/Captura-de-pantalla-2025-07-25-160045-720x317.png\" alt=\"\" width=\"400\" height=\"176\" srcset=\"https:\/\/www.hospitaldelinares.gob.cl\/wp-content\/uploads\/2025\/07\/Captura-de-pantalla-2025-07-25-160045-720x317.png 720w, https:\/\/www.hospitaldelinares.gob.cl\/wp-content\/uploads\/2025\/07\/Captura-de-pantalla-2025-07-25-160045.png 725w\" sizes=\"auto, (max-width: 400px) 100vw, 400px\" \/><\/p>\n<p>&nbsp;<\/p>\n<p><strong>Los requisitos generales son:<\/strong><\/p>\n<p>A.- Cumplir con los requisitos de ingreso a la Administraci\u00f3n del Estado, establecidos en los art\u00edculos 12 y 13 del DFL N\u00ba 29 de 2004, que fija el texto refundido, coordinado y sistematizado de la Ley N\u00b0 18.834.<\/p>\n<p>B.- No estar afecto\/as a las Inhabilidades, contenidas en el art\u00edculo 54 del DFL N\u00ba 1\/19.653 de 2000, del Ministerio Secretar\u00eda General de la Presidencia, que fija el texto refundido, coordinado y sistematizado de la Ley N\u00b0 18.575, Org\u00e1nica Constitucional de Bases Generales de la Administraci\u00f3n del Estado.<\/p>\n<p>C.- Cumplir con los dem\u00e1s requisitos establecidos en estas Bases Generales de Concurso.<\/p>\n<p>D.- Todos los requisitos se\u00f1alados, deben ser acreditados al momento de postular.<\/p>\n<p>E.- A las\/os postulantes seleccionadas\/os, al momento del nombramiento, se les aplicar\u00e1 el Art. 36 de la Ley N\u00b021.389.<\/p>\n<p><strong>Y los requisitos espec\u00edficos son:<\/strong><\/p>\n<p>&#8211; Cumplir con lo establecido en el DFL 11\/2017:<\/p>\n<ul>\n<li>T\u00edtulo Profesional de una carrera de, a lo menos, ocho semestres de duraci\u00f3n, otorgado por una Universidad o Instituto Profesional del Estado o reconocido por \u00e9ste o aquellos validados en Chile de acuerdo con la legislaci\u00f3n vigente.<\/li>\n<\/ul>\n<p style=\"text-align: center\"><strong>PARA MAYORES DETALLES, DESCARGAR LAS BASES HACIENDO CLIC.<\/strong><\/p>\n<p style=\"text-align: center\"><strong><a href=\"\/wp-content\/uploads\/2025\/07\/RESOLUCION-BASES-CONCURSO-PUBLICO-2025-PROFESIONAL-TITULAR-1.pdf\">RESOLUCION BASES CONCURSO PU\u0301BLICO 2025 PROFESIONAL TITULAR (1)<\/a><\/strong><\/p>\n<p>&nbsp;<\/p>\n<p style=\"text-align: center\"><strong>INSTRUCTIVO PARA POSTULAR POR EMPLEOS P\u00daBLICOS.<\/strong><\/p>\n<p style=\"text-align: center\"><strong><a href=\"\/wp-content\/uploads\/2025\/07\/Instructivo-Postulacion-Empleos-Publicos-Julio-2025.pdf\">Instructivo Postulaci\u00f3n Empleos P\u00fablicos Julio 2025<\/a><\/strong><\/p>\n<p>&nbsp;<\/p>\n","protected":false},"excerpt":{"rendered":"<p>El Servicio de Salud del Maula llama a Concurso P\u00fablico de Ingreso para proveer cargos titulares de Ia planta de Profesionales de la ley N\u00b0 18.834. Y con Resoluci\u00f3n Excenta N\u00b02921. con\u00a0 de julio de [&hellip;]<\/p>\n","protected":false},"author":16,"featured_media":0,"comment_status":"closed","ping_status":"closed","sticky":false,"template":"","format":"standard","meta":{"footnotes":""},"categories":[102],"tags":[],"class_list":["post-14394","post","type-post","status-publish","format-standard","hentry","category-archivos-de-reclutamiento-y-seleccion"],"_links":{"self":[{"href":"https:\/\/www.hospitaldelinares.gob.cl\/index.php?rest_route=\/wp\/v2\/posts\/14394","targetHints":{"allow":["GET"]}}],"collection":[{"href":"https:\/\/www.hospitaldelinares.gob.cl\/index.php?rest_route=\/wp\/v2\/posts"}],"about":[{"href":"https:\/\/www.hospitaldelinares.gob.cl\/index.php?rest_route=\/wp\/v2\/types\/post"}],"author":[{"embeddable":true,"href":"https:\/\/www.hospitaldelinares.gob.cl\/index.php?rest_route=\/wp\/v2\/users\/16"}],"replies":[{"embeddable":true,"href":"https:\/\/www.hospitaldelinares.gob.cl\/index.php?rest_route=%2Fwp%2Fv2%2Fcomments&post=14394"}],"version-history":[{"count":9,"href":"https:\/\/www.hospitaldelinares.gob.cl\/index.php?rest_route=\/wp\/v2\/posts\/14394\/revisions"}],"predecessor-version":[{"id":14405,"href":"https:\/\/www.hospitaldelinares.gob.cl\/index.php?rest_route=\/wp\/v2\/posts\/14394\/revisions\/14405"}],"wp:attachment":[{"href":"https:\/\/www.hospitaldelinares.gob.cl\/index.php?rest_route=%2Fwp%2Fv2%2Fmedia&parent=14394"}],"wp:term":[{"taxonomy":"category","embeddable":true,"href":"https:\/\/www.hospitaldelinares.gob.cl\/index.php?rest_route=%2Fwp%2Fv2%2Fcategories&post=14394"},{"taxonomy":"post_tag","embeddable":true,"href":"https:\/\/www.hospitaldelinares.gob.cl\/index.php?rest_route=%2Fwp%2Fv2%2Ftags&post=14394"}],"curies":[{"name":"wp","href":"https:\/\/api.w.org\/{rel}","templated":true}]}}