{"id":14378,"date":"2025-07-17T16:43:15","date_gmt":"2025-07-17T20:43:15","guid":{"rendered":"https:\/\/www.hospitaldelinares.gob.cl\/?p=14378"},"modified":"2025-07-17T16:43:15","modified_gmt":"2025-07-17T20:43:15","slug":"en-el-hospital-de-linares-core-del-maule-realizo-sesion-ampliada-de-salud","status":"publish","type":"post","link":"https:\/\/www.hospitaldelinares.gob.cl\/?p=14378","title":{"rendered":"En el Hospital de Linares, Core del Maule realiz\u00f3 Sesi\u00f3n Ampliada de Salud"},"content":{"rendered":"<p>&nbsp;<\/p>\n<p><img loading=\"lazy\" decoding=\"async\" class=\"size-medium wp-image-14379 aligncenter\" src=\"\/wp-content\/uploads\/2025\/07\/Reunion-Cores-1-572x320.png\" alt=\"\" width=\"572\" height=\"320\" srcset=\"https:\/\/www.hospitaldelinares.gob.cl\/wp-content\/uploads\/2025\/07\/Reunion-Cores-1-572x320.png 572w, https:\/\/www.hospitaldelinares.gob.cl\/wp-content\/uploads\/2025\/07\/Reunion-Cores-1.png 640w\" sizes=\"auto, (max-width: 572px) 100vw, 572px\" \/><\/p>\n<p>En la instancia se realiz\u00f3 una presentaci\u00f3n de la situaci\u00f3n actual de centro asistencial respecto de infraestructura y equipamiento, adem\u00e1s de la proyecci\u00f3n a 5 a\u00f1os en tanto se culmina la obra de la construcci\u00f3n del nuevo hospital de Linares.<\/p>\n<p>Una importante oportunidad en que se comprometieron los apoyos para la adquisici\u00f3n de equipamientos y otras necesidades para dar una mejora atenci\u00f3n y resoluci\u00f3n a los pacientes de la provincia de Linares.<\/p>\n<p>Testimonios<\/p>\n<div style=\"width: 1280px;\" class=\"wp-video\"><video class=\"wp-video-shortcode\" id=\"video-14378-1\" width=\"1280\" height=\"720\" preload=\"metadata\" controls=\"controls\"><source type=\"video\/mp4\" src=\"\/wp-content\/uploads\/2025\/07\/reunion-cores.mp4?_=1\" \/><a href=\"\/wp-content\/uploads\/2025\/07\/reunion-cores.mp4\">\/wp-content\/uploads\/2025\/07\/reunion-cores.mp4<\/a><\/video><\/div>\n<p><img loading=\"lazy\" decoding=\"async\" class=\"size-medium wp-image-14383 aligncenter\" src=\"\/wp-content\/uploads\/2025\/07\/Reunion-Cores3-570x320.png\" alt=\"\" width=\"570\" height=\"320\" srcset=\"https:\/\/www.hospitaldelinares.gob.cl\/wp-content\/uploads\/2025\/07\/Reunion-Cores3-570x320.png 570w, https:\/\/www.hospitaldelinares.gob.cl\/wp-content\/uploads\/2025\/07\/Reunion-Cores3.png 640w\" sizes=\"auto, (max-width: 570px) 100vw, 570px\" \/> <img loading=\"lazy\" decoding=\"async\" class=\"size-medium wp-image-14382 aligncenter\" src=\"\/wp-content\/uploads\/2025\/07\/Reunion-Cores2-580x320.png\" alt=\"\" width=\"580\" height=\"320\" srcset=\"https:\/\/www.hospitaldelinares.gob.cl\/wp-content\/uploads\/2025\/07\/Reunion-Cores2-580x320.png 580w, https:\/\/www.hospitaldelinares.gob.cl\/wp-content\/uploads\/2025\/07\/Reunion-Cores2.png 640w\" sizes=\"auto, (max-width: 580px) 100vw, 580px\" \/> <img loading=\"lazy\" decoding=\"async\" class=\"size-medium wp-image-14381 aligncenter\" src=\"\/wp-content\/uploads\/2025\/07\/Reunion-Cores1-574x320.png\" alt=\"\" width=\"574\" height=\"320\" srcset=\"https:\/\/www.hospitaldelinares.gob.cl\/wp-content\/uploads\/2025\/07\/Reunion-Cores1-574x320.png 574w, https:\/\/www.hospitaldelinares.gob.cl\/wp-content\/uploads\/2025\/07\/Reunion-Cores1.png 640w\" sizes=\"auto, (max-width: 574px) 100vw, 574px\" \/><\/p>\n","protected":false},"excerpt":{"rendered":"<p>&nbsp; En la instancia se realiz\u00f3 una presentaci\u00f3n de la situaci\u00f3n actual de centro asistencial respecto de infraestructura y equipamiento, adem\u00e1s de la proyecci\u00f3n a 5 a\u00f1os en tanto se culmina la obra de la [&hellip;]<\/p>\n","protected":false},"author":8,"featured_media":0,"comment_status":"closed","ping_status":"closed","sticky":false,"template":"","format":"standard","meta":{"footnotes":""},"categories":[5],"tags":[],"class_list":["post-14378","post","type-post","status-publish","format-standard","hentry","category-destacados"],"_links":{"self":[{"href":"https:\/\/www.hospitaldelinares.gob.cl\/index.php?rest_route=\/wp\/v2\/posts\/14378","targetHints":{"allow":["GET"]}}],"collection":[{"href":"https:\/\/www.hospitaldelinares.gob.cl\/index.php?rest_route=\/wp\/v2\/posts"}],"about":[{"href":"https:\/\/www.hospitaldelinares.gob.cl\/index.php?rest_route=\/wp\/v2\/types\/post"}],"author":[{"embeddable":true,"href":"https:\/\/www.hospitaldelinares.gob.cl\/index.php?rest_route=\/wp\/v2\/users\/8"}],"replies":[{"embeddable":true,"href":"https:\/\/www.hospitaldelinares.gob.cl\/index.php?rest_route=%2Fwp%2Fv2%2Fcomments&post=14378"}],"version-history":[{"count":1,"href":"https:\/\/www.hospitaldelinares.gob.cl\/index.php?rest_route=\/wp\/v2\/posts\/14378\/revisions"}],"predecessor-version":[{"id":14384,"href":"https:\/\/www.hospitaldelinares.gob.cl\/index.php?rest_route=\/wp\/v2\/posts\/14378\/revisions\/14384"}],"wp:attachment":[{"href":"https:\/\/www.hospitaldelinares.gob.cl\/index.php?rest_route=%2Fwp%2Fv2%2Fmedia&parent=14378"}],"wp:term":[{"taxonomy":"category","embeddable":true,"href":"https:\/\/www.hospitaldelinares.gob.cl\/index.php?rest_route=%2Fwp%2Fv2%2Fcategories&post=14378"},{"taxonomy":"post_tag","embeddable":true,"href":"https:\/\/www.hospitaldelinares.gob.cl\/index.php?rest_route=%2Fwp%2Fv2%2Ftags&post=14378"}],"curies":[{"name":"wp","href":"https:\/\/api.w.org\/{rel}","templated":true}]}}