{"id":14338,"date":"2025-06-23T11:55:46","date_gmt":"2025-06-23T15:55:46","guid":{"rendered":"https:\/\/www.hospitaldelinares.gob.cl\/?p=14338"},"modified":"2025-06-23T11:55:46","modified_gmt":"2025-06-23T15:55:46","slug":"agrupacion-co-mapu-celebro-we-tripantu-en-el-hospital-de-linares","status":"publish","type":"post","link":"https:\/\/www.hospitaldelinares.gob.cl\/?p=14338","title":{"rendered":"Agrupaci\u00f3n Co Mapu Celebr\u00f3 We Tripantu en el Hospital de Linares"},"content":{"rendered":"<p><img loading=\"lazy\" decoding=\"async\" class=\"size-medium wp-image-14339 aligncenter\" src=\"\/wp-content\/uploads\/2025\/06\/We-Tripantu-HBL_-569x320.jpg\" alt=\"\" width=\"569\" height=\"320\" srcset=\"https:\/\/www.hospitaldelinares.gob.cl\/wp-content\/uploads\/2025\/06\/We-Tripantu-HBL_-569x320.jpg 569w, https:\/\/www.hospitaldelinares.gob.cl\/wp-content\/uploads\/2025\/06\/We-Tripantu-HBL_.jpg 640w\" sizes=\"auto, (max-width: 569px) 100vw, 569px\" \/><\/p>\n<p><em>Con rogativas para los enfermos, autoridades y la conclusi\u00f3n de las obras de nuevo hospital, entre otras, se realiz\u00f3 la ceremonia tradicional del nuevo a\u00f1o de los pueblos originarios <\/em><\/p>\n<p>Realzando la importancia de la madre naturaleza en el inicio de un nuevo ciclo, el we tripantu, tambi\u00e9n llamado W\u00fc\u00f1ol Tripantu o a\u00f1o nuevo mapuche, que tradicionalmente se celebra durante el solsticio de invierno, destac\u00f3 en esta oportunidad, el trabajo conjunto para la atenci\u00f3n de salud con pertinencia cultural.<\/p>\n<p>As\u00ed lo destac\u00f3 la presidenta de la Agrupaci\u00f3n Co Mapu, Jaquelinne Huaiquiche, \u201cestamos a puertas de celebrar nuestro a\u00f1o nuevo mapuche y hoy quisimos hacer una actividad diferente junto con el hospital de Linares y funcionarios, consultorios y comunidad en general. Nosotros esperamos el a\u00f1o nuevo desde l 21 de junio al 24 de junio, por el nuevo renacer del sol y tambi\u00e9n esto trae como pueblo mapuche muchas bendiciones, renacer del interior de nuestros esp\u00edritus y tambi\u00e9n de la naturaleza. Hoy pedimos por nuestros enfermos que est\u00e1n en el hospital, tambi\u00e9n por lo enfermos que est\u00e1n en la casita, rogamos por nuestra tierra para que ella siga f\u00e9rtil produciendo sus frutos, semillas y verduras, ella es la que nos provee de todo. El respeto principalmente para nosotros es nuestra tierra, toda su cosmovisi\u00f3n\u201d<\/p>\n<p>La presidenta de Co Mapu agreg\u00f3 \u201ctambi\u00e9n experimentar la nueva ley de salud que hace un a\u00f1o que est\u00e1 vigente, y que el hospital de Linares ha tenido la gentileza para que esta ley se implemente en el hospital y podamos realizar nuestras tradiciones como se hace en el pueblo mapuche\u201d, resalt\u00f3.<\/p>\n<p>El director del centro de salud Jaime Bertolotto expres\u00f3 que \u201cEstamos en un d\u00eda importante para el hospital, estamos celebrando junto a las comunidades mapuches el we tripantu, que para nosotros es el comienzo de una nueva relaci\u00f3n con las comunidades para poder realizar una atenci\u00f3n con la pertinencia adecuada, para que todas las personas de la comunidad mapuche se sientan acogidos en este hospital\u201d.<\/p>\n<p>Finalmente Rayen Cariman, referente t\u00e9cnico del Servicio de Salud Maule, encargada del Programa Especial en Salud de Pueblos Ind\u00edgenas PESPI, sostuvo que \u201cHoy se ha marcado un hito del trabajo que ha venido realizando este director a quien agradecemos y con la asociaci\u00f3n y comunidades de Co Mapu para instalar un modelo de salud intercultural y sobre todo para poder contribuir al trabajo que hemos venido realizando con salud intercultural, los equipos se est\u00e1n capacitando, se est\u00e1 trabajando para poder cumplir con los compromisos de gesti\u00f3n , es decir hoy d\u00eda este hospital base de Linares se suma a lo que se viene realizando a nivel pa\u00eds y de la regi\u00f3n del Maule, en donde lo \u00fanico que aspiramos es ha entregar una salud con pertinencia cultural, no s\u00f3lo a los pueblos originarios, sino que a toda la comunidad de Linares, hoy esta rogativa muy significativa, porque se ha pedido para la apertura para que ya fluya el nuevo hospital para lo linarenses y para la regi\u00f3n del maule y por sobre todas las cosas, vuelvo a reiterar que si t\u00fa eres de pueblo originario identif\u00edcate cuando llegues a los hospitales a tu CESFAM, a todas las postas identif\u00edcate, porque de esa manera vamos a tener un registro real de la poblaci\u00f3n originaria en la regi\u00f3n del Maule. El pen\u00faltimo censo habla que somos 49.016 personas, el 30 de junio saldr\u00e1n las nuevas bases de cu\u00e1ntos somos en el Maule, por eso necesitamos que t\u00fa te identifiques cuando llegues a nuestra red de salud\u201d.<\/p>\n<div style=\"width: 1280px;\" class=\"wp-video\"><video class=\"wp-video-shortcode\" id=\"video-14338-1\" width=\"1280\" height=\"720\" preload=\"metadata\" controls=\"controls\"><source type=\"video\/mp4\" src=\"\/wp-content\/uploads\/2025\/06\/19-06-25-Celebracion-we-tripantu-HBL.mp4?_=1\" \/><a href=\"\/wp-content\/uploads\/2025\/06\/19-06-25-Celebracion-we-tripantu-HBL.mp4\">\/wp-content\/uploads\/2025\/06\/19-06-25-Celebracion-we-tripantu-HBL.mp4<\/a><\/video><\/div>\n","protected":false},"excerpt":{"rendered":"<p>Con rogativas para los enfermos, autoridades y la conclusi\u00f3n de las obras de nuevo hospital, entre otras, se realiz\u00f3 la ceremonia tradicional del nuevo a\u00f1o de los pueblos originarios Realzando la importancia de la madre [&hellip;]<\/p>\n","protected":false},"author":8,"featured_media":0,"comment_status":"closed","ping_status":"closed","sticky":false,"template":"","format":"standard","meta":{"footnotes":""},"categories":[5],"tags":[],"class_list":["post-14338","post","type-post","status-publish","format-standard","hentry","category-destacados"],"_links":{"self":[{"href":"https:\/\/www.hospitaldelinares.gob.cl\/index.php?rest_route=\/wp\/v2\/posts\/14338","targetHints":{"allow":["GET"]}}],"collection":[{"href":"https:\/\/www.hospitaldelinares.gob.cl\/index.php?rest_route=\/wp\/v2\/posts"}],"about":[{"href":"https:\/\/www.hospitaldelinares.gob.cl\/index.php?rest_route=\/wp\/v2\/types\/post"}],"author":[{"embeddable":true,"href":"https:\/\/www.hospitaldelinares.gob.cl\/index.php?rest_route=\/wp\/v2\/users\/8"}],"replies":[{"embeddable":true,"href":"https:\/\/www.hospitaldelinares.gob.cl\/index.php?rest_route=%2Fwp%2Fv2%2Fcomments&post=14338"}],"version-history":[{"count":1,"href":"https:\/\/www.hospitaldelinares.gob.cl\/index.php?rest_route=\/wp\/v2\/posts\/14338\/revisions"}],"predecessor-version":[{"id":14341,"href":"https:\/\/www.hospitaldelinares.gob.cl\/index.php?rest_route=\/wp\/v2\/posts\/14338\/revisions\/14341"}],"wp:attachment":[{"href":"https:\/\/www.hospitaldelinares.gob.cl\/index.php?rest_route=%2Fwp%2Fv2%2Fmedia&parent=14338"}],"wp:term":[{"taxonomy":"category","embeddable":true,"href":"https:\/\/www.hospitaldelinares.gob.cl\/index.php?rest_route=%2Fwp%2Fv2%2Fcategories&post=14338"},{"taxonomy":"post_tag","embeddable":true,"href":"https:\/\/www.hospitaldelinares.gob.cl\/index.php?rest_route=%2Fwp%2Fv2%2Ftags&post=14338"}],"curies":[{"name":"wp","href":"https:\/\/api.w.org\/{rel}","templated":true}]}}