{"id":14288,"date":"2025-04-21T09:59:09","date_gmt":"2025-04-21T13:59:09","guid":{"rendered":"https:\/\/www.hospitaldelinares.gob.cl\/?p=14288"},"modified":"2025-04-21T09:59:09","modified_gmt":"2025-04-21T13:59:09","slug":"taller-mayormente-preparandonos-para-una-nueva-etapa-de-vida","status":"publish","type":"post","link":"https:\/\/www.hospitaldelinares.gob.cl\/?p=14288","title":{"rendered":"Taller \u201cMayormente\u201d: Prepar\u00e1ndonos para una nueva etapa de vida"},"content":{"rendered":"<p><img loading=\"lazy\" decoding=\"async\" class=\"size-medium wp-image-14289 aligncenter\" src=\"\/wp-content\/uploads\/2025\/04\/Taller-Mayormente-481x320.jpg\" alt=\"\" width=\"481\" height=\"320\" srcset=\"https:\/\/www.hospitaldelinares.gob.cl\/wp-content\/uploads\/2025\/04\/Taller-Mayormente-481x320.jpg 481w, https:\/\/www.hospitaldelinares.gob.cl\/wp-content\/uploads\/2025\/04\/Taller-Mayormente.jpg 640w\" sizes=\"auto, (max-width: 481px) 100vw, 481px\" \/><\/p>\n<p>El pasado 15 y 16 de abril se llev\u00f3 a cabo el Taller Mayormente, una instancia creada a partir de la incertidumbre que viven muchos funcionarios y funcionarias del Hospital de Linares y otros establecimientos de la red del Servicio de Salud Maule al acercarse a su jubilaci\u00f3n.<\/p>\n<p>Este programa nace con el prop\u00f3sito de acompa\u00f1ar a quienes est\u00e1n pr\u00f3ximos a cerrar su ciclo laboral, entregando herramientas que les permitan enfrentar esta transici\u00f3n con mayor serenidad, abordando aspectos de salud f\u00edsica, emocional y cultural. El objetivo es ayudarles a visualizar con mayor claridad c\u00f3mo desean vivir esta nueva etapa, disminuyendo la ansiedad que muchas veces provoca el retiro.<\/p>\n<p>En esta jornada participaron 40 funcionarios y funcionarias de los hospitales de Linares, San Javier, Cauquenes, Constituci\u00f3n y Parral. La actividad fue posible gracias a la relator\u00eda y coordinaci\u00f3n de profesionales del Hospital de Linares y el apoyo de la Direcci\u00f3n del Servicio.<\/p>\n<p>El taller Mayormente no solo entrega herramientas pr\u00e1cticas, sino que tambi\u00e9n abre un espacio de reflexi\u00f3n, conexi\u00f3n y preparaci\u00f3n para un futuro que merece ser vivido plenamente.<\/p>\n<div style=\"width: 1920px;\" class=\"wp-video\"><video class=\"wp-video-shortcode\" id=\"video-14288-1\" width=\"1920\" height=\"1080\" preload=\"metadata\" controls=\"controls\"><source type=\"video\/mp4\" src=\"\/wp-content\/uploads\/2025\/04\/Taller-Mayormente-Preparandonos-para-una-nueva-etapa-de-vida.mp4?_=1\" \/><a href=\"\/wp-content\/uploads\/2025\/04\/Taller-Mayormente-Preparandonos-para-una-nueva-etapa-de-vida.mp4\">\/wp-content\/uploads\/2025\/04\/Taller-Mayormente-Preparandonos-para-una-nueva-etapa-de-vida.mp4<\/a><\/video><\/div>\n","protected":false},"excerpt":{"rendered":"<p>El pasado 15 y 16 de abril se llev\u00f3 a cabo el Taller Mayormente, una instancia creada a partir de la incertidumbre que viven muchos funcionarios y funcionarias del Hospital de Linares y otros establecimientos [&hellip;]<\/p>\n","protected":false},"author":8,"featured_media":0,"comment_status":"closed","ping_status":"closed","sticky":false,"template":"","format":"standard","meta":{"footnotes":""},"categories":[5],"tags":[],"class_list":["post-14288","post","type-post","status-publish","format-standard","hentry","category-destacados"],"_links":{"self":[{"href":"https:\/\/www.hospitaldelinares.gob.cl\/index.php?rest_route=\/wp\/v2\/posts\/14288","targetHints":{"allow":["GET"]}}],"collection":[{"href":"https:\/\/www.hospitaldelinares.gob.cl\/index.php?rest_route=\/wp\/v2\/posts"}],"about":[{"href":"https:\/\/www.hospitaldelinares.gob.cl\/index.php?rest_route=\/wp\/v2\/types\/post"}],"author":[{"embeddable":true,"href":"https:\/\/www.hospitaldelinares.gob.cl\/index.php?rest_route=\/wp\/v2\/users\/8"}],"replies":[{"embeddable":true,"href":"https:\/\/www.hospitaldelinares.gob.cl\/index.php?rest_route=%2Fwp%2Fv2%2Fcomments&post=14288"}],"version-history":[{"count":1,"href":"https:\/\/www.hospitaldelinares.gob.cl\/index.php?rest_route=\/wp\/v2\/posts\/14288\/revisions"}],"predecessor-version":[{"id":14291,"href":"https:\/\/www.hospitaldelinares.gob.cl\/index.php?rest_route=\/wp\/v2\/posts\/14288\/revisions\/14291"}],"wp:attachment":[{"href":"https:\/\/www.hospitaldelinares.gob.cl\/index.php?rest_route=%2Fwp%2Fv2%2Fmedia&parent=14288"}],"wp:term":[{"taxonomy":"category","embeddable":true,"href":"https:\/\/www.hospitaldelinares.gob.cl\/index.php?rest_route=%2Fwp%2Fv2%2Fcategories&post=14288"},{"taxonomy":"post_tag","embeddable":true,"href":"https:\/\/www.hospitaldelinares.gob.cl\/index.php?rest_route=%2Fwp%2Fv2%2Ftags&post=14288"}],"curies":[{"name":"wp","href":"https:\/\/api.w.org\/{rel}","templated":true}]}}