{"id":14041,"date":"2025-02-10T08:49:55","date_gmt":"2025-02-10T12:49:55","guid":{"rendered":"https:\/\/www.hospitaldelinares.gob.cl\/?p=14041"},"modified":"2025-02-10T08:49:55","modified_gmt":"2025-02-10T12:49:55","slug":"primera-cirugia-y-capacitacion-ortognatica-en-el-hospital-de-linares","status":"publish","type":"post","link":"https:\/\/www.hospitaldelinares.gob.cl\/?p=14041","title":{"rendered":"Primera Cirug\u00eda y Capacitaci\u00f3n Ortogn\u00e1tica en el Hospital de Linares."},"content":{"rendered":"<p><img loading=\"lazy\" decoding=\"async\" class=\"size-medium wp-image-14042 aligncenter\" src=\"\/wp-content\/uploads\/2025\/02\/IMG_8998765-480x320.png\" alt=\"\" width=\"480\" height=\"320\" srcset=\"https:\/\/www.hospitaldelinares.gob.cl\/wp-content\/uploads\/2025\/02\/IMG_8998765-480x320.png 480w, https:\/\/www.hospitaldelinares.gob.cl\/wp-content\/uploads\/2025\/02\/IMG_8998765.png 640w\" sizes=\"auto, (max-width: 480px) 100vw, 480px\" \/><\/p>\n<p><span style=\"font-weight: 400\">El Centro de Responsabilidad Odontol\u00f3gica CAE, en conjunto con el Dr. L\u00f3pez Ugarte, cirujano del hospital San Jos\u00e9 de Osorno, tuvo la responsabilidad de realizar el primer procedimiento quir\u00fargico ortogn\u00e1tico de Linares durante la ma\u00f1ana del jueves 6 de febrero.\u00a0<\/span><\/p>\n<p><span style=\"font-weight: 400\">La cirug\u00eda ortogn\u00e1tica bimaxilar virtual es un procedimiento realizado con im\u00e1genes tridimensionales para planificar la correcci\u00f3n de los maxilares. Su finalidad es corregir deformidades faciales como la mordida abierta o el prognatismo mandibular.\u00a0<\/span><\/p>\n<p>&nbsp;<\/p>\n<p><img loading=\"lazy\" decoding=\"async\" class=\"size-medium wp-image-14043 aligncenter\" src=\"\/wp-content\/uploads\/2025\/02\/IMG_8998-480x320.png\" alt=\"\" width=\"480\" height=\"320\" srcset=\"https:\/\/www.hospitaldelinares.gob.cl\/wp-content\/uploads\/2025\/02\/IMG_8998-480x320.png 480w, https:\/\/www.hospitaldelinares.gob.cl\/wp-content\/uploads\/2025\/02\/IMG_8998.png 640w\" sizes=\"auto, (max-width: 480px) 100vw, 480px\" \/> <img loading=\"lazy\" decoding=\"async\" class=\"size-medium wp-image-14044 aligncenter\" src=\"\/wp-content\/uploads\/2025\/02\/IMG_8996548-480x320.png\" alt=\"\" width=\"480\" height=\"320\" srcset=\"https:\/\/www.hospitaldelinares.gob.cl\/wp-content\/uploads\/2025\/02\/IMG_8996548-480x320.png 480w, https:\/\/www.hospitaldelinares.gob.cl\/wp-content\/uploads\/2025\/02\/IMG_8996548.png 640w\" sizes=\"auto, (max-width: 480px) 100vw, 480px\" \/><\/p>\n<p><span style=\"font-weight: 400\">Siguiendo con la jornada ortogn\u00e1tica, este viernes 07 de febrero, posterior a la operaci\u00f3n, se realiz\u00f3 una capacitaci\u00f3n liderada por el Dr. L\u00f3pez Ugarte para los especialistas maxilofaciales del Hospital de Linares, teniendo como objetivo recalcar la importancia de la planificaci\u00f3n virtual y la calidad de vida que se le brinda a los pacientes durante su estad\u00eda en la unidad.<\/span><\/p>\n<p>&nbsp;<\/p>\n<p><img loading=\"lazy\" decoding=\"async\" class=\"size-medium wp-image-14045 aligncenter\" src=\"\/wp-content\/uploads\/2025\/02\/IMG_8998987-480x320.png\" alt=\"\" width=\"480\" height=\"320\" srcset=\"https:\/\/www.hospitaldelinares.gob.cl\/wp-content\/uploads\/2025\/02\/IMG_8998987-480x320.png 480w, https:\/\/www.hospitaldelinares.gob.cl\/wp-content\/uploads\/2025\/02\/IMG_8998987.png 640w\" sizes=\"auto, (max-width: 480px) 100vw, 480px\" \/> <img loading=\"lazy\" decoding=\"async\" class=\"size-medium wp-image-14046 aligncenter\" src=\"\/wp-content\/uploads\/2025\/02\/IMG_8998-480x320.jpg\" alt=\"\" width=\"480\" height=\"320\" srcset=\"https:\/\/www.hospitaldelinares.gob.cl\/wp-content\/uploads\/2025\/02\/IMG_8998-480x320.jpg 480w, https:\/\/www.hospitaldelinares.gob.cl\/wp-content\/uploads\/2025\/02\/IMG_8998.jpg 640w\" sizes=\"auto, (max-width: 480px) 100vw, 480px\" \/><\/p>\n","protected":false},"excerpt":{"rendered":"<p>El Centro de Responsabilidad Odontol\u00f3gica CAE, en conjunto con el Dr. L\u00f3pez Ugarte, cirujano del hospital San Jos\u00e9 de Osorno, tuvo la responsabilidad de realizar el primer procedimiento quir\u00fargico ortogn\u00e1tico de Linares durante la ma\u00f1ana [&hellip;]<\/p>\n","protected":false},"author":8,"featured_media":0,"comment_status":"closed","ping_status":"closed","sticky":false,"template":"","format":"standard","meta":{"footnotes":""},"categories":[5],"tags":[],"class_list":["post-14041","post","type-post","status-publish","format-standard","hentry","category-destacados"],"_links":{"self":[{"href":"https:\/\/www.hospitaldelinares.gob.cl\/index.php?rest_route=\/wp\/v2\/posts\/14041","targetHints":{"allow":["GET"]}}],"collection":[{"href":"https:\/\/www.hospitaldelinares.gob.cl\/index.php?rest_route=\/wp\/v2\/posts"}],"about":[{"href":"https:\/\/www.hospitaldelinares.gob.cl\/index.php?rest_route=\/wp\/v2\/types\/post"}],"author":[{"embeddable":true,"href":"https:\/\/www.hospitaldelinares.gob.cl\/index.php?rest_route=\/wp\/v2\/users\/8"}],"replies":[{"embeddable":true,"href":"https:\/\/www.hospitaldelinares.gob.cl\/index.php?rest_route=%2Fwp%2Fv2%2Fcomments&post=14041"}],"version-history":[{"count":2,"href":"https:\/\/www.hospitaldelinares.gob.cl\/index.php?rest_route=\/wp\/v2\/posts\/14041\/revisions"}],"predecessor-version":[{"id":14048,"href":"https:\/\/www.hospitaldelinares.gob.cl\/index.php?rest_route=\/wp\/v2\/posts\/14041\/revisions\/14048"}],"wp:attachment":[{"href":"https:\/\/www.hospitaldelinares.gob.cl\/index.php?rest_route=%2Fwp%2Fv2%2Fmedia&parent=14041"}],"wp:term":[{"taxonomy":"category","embeddable":true,"href":"https:\/\/www.hospitaldelinares.gob.cl\/index.php?rest_route=%2Fwp%2Fv2%2Fcategories&post=14041"},{"taxonomy":"post_tag","embeddable":true,"href":"https:\/\/www.hospitaldelinares.gob.cl\/index.php?rest_route=%2Fwp%2Fv2%2Ftags&post=14041"}],"curies":[{"name":"wp","href":"https:\/\/api.w.org\/{rel}","templated":true}]}}