{"id":13928,"date":"2025-01-02T09:18:59","date_gmt":"2025-01-02T13:18:59","guid":{"rendered":"https:\/\/www.hospitaldelinares.gob.cl\/?p=13928"},"modified":"2025-01-02T09:18:59","modified_gmt":"2025-01-02T13:18:59","slug":"colomba-es-el-nombre-de-la-primera-bebe-de-linares-este-2025","status":"publish","type":"post","link":"https:\/\/www.hospitaldelinares.gob.cl\/?p=13928","title":{"rendered":"Colomba es el nombre de la primera Beb\u00e9 de Linares este 2025"},"content":{"rendered":"<p><img loading=\"lazy\" decoding=\"async\" class=\"size-medium wp-image-13929 aligncenter\" src=\"\/wp-content\/uploads\/2025\/01\/Alexandra-y-su-Bebe-Colomba-2-213x320.jpg\" alt=\"\" width=\"213\" height=\"320\" srcset=\"https:\/\/www.hospitaldelinares.gob.cl\/wp-content\/uploads\/2025\/01\/Alexandra-y-su-Bebe-Colomba-2-213x320.jpg 213w, https:\/\/www.hospitaldelinares.gob.cl\/wp-content\/uploads\/2025\/01\/Alexandra-y-su-Bebe-Colomba-2.jpg 426w\" sizes=\"auto, (max-width: 213px) 100vw, 213px\" \/><\/p>\n<p>A las 7:34 AM del 01 de enero naci\u00f3 Colomba, la primera Beb\u00e9 de nuestra provincia de Linares en nuestro hospital. Colomba es una beb\u00e9 que lleg\u00f3 con un peso de 3 kilos 975 gramos, haciendo feliz a su madre Alexandra<\/p>\n","protected":false},"excerpt":{"rendered":"<p>A las 7:34 AM del 01 de enero naci\u00f3 Colomba, la primera Beb\u00e9 de nuestra provincia de Linares en nuestro hospital. Colomba es una beb\u00e9 que lleg\u00f3 con un peso de 3 kilos 975 gramos, [&hellip;]<\/p>\n","protected":false},"author":8,"featured_media":0,"comment_status":"closed","ping_status":"closed","sticky":false,"template":"","format":"standard","meta":{"footnotes":""},"categories":[5],"tags":[],"class_list":["post-13928","post","type-post","status-publish","format-standard","hentry","category-destacados"],"_links":{"self":[{"href":"https:\/\/www.hospitaldelinares.gob.cl\/index.php?rest_route=\/wp\/v2\/posts\/13928","targetHints":{"allow":["GET"]}}],"collection":[{"href":"https:\/\/www.hospitaldelinares.gob.cl\/index.php?rest_route=\/wp\/v2\/posts"}],"about":[{"href":"https:\/\/www.hospitaldelinares.gob.cl\/index.php?rest_route=\/wp\/v2\/types\/post"}],"author":[{"embeddable":true,"href":"https:\/\/www.hospitaldelinares.gob.cl\/index.php?rest_route=\/wp\/v2\/users\/8"}],"replies":[{"embeddable":true,"href":"https:\/\/www.hospitaldelinares.gob.cl\/index.php?rest_route=%2Fwp%2Fv2%2Fcomments&post=13928"}],"version-history":[{"count":1,"href":"https:\/\/www.hospitaldelinares.gob.cl\/index.php?rest_route=\/wp\/v2\/posts\/13928\/revisions"}],"predecessor-version":[{"id":13930,"href":"https:\/\/www.hospitaldelinares.gob.cl\/index.php?rest_route=\/wp\/v2\/posts\/13928\/revisions\/13930"}],"wp:attachment":[{"href":"https:\/\/www.hospitaldelinares.gob.cl\/index.php?rest_route=%2Fwp%2Fv2%2Fmedia&parent=13928"}],"wp:term":[{"taxonomy":"category","embeddable":true,"href":"https:\/\/www.hospitaldelinares.gob.cl\/index.php?rest_route=%2Fwp%2Fv2%2Fcategories&post=13928"},{"taxonomy":"post_tag","embeddable":true,"href":"https:\/\/www.hospitaldelinares.gob.cl\/index.php?rest_route=%2Fwp%2Fv2%2Ftags&post=13928"}],"curies":[{"name":"wp","href":"https:\/\/api.w.org\/{rel}","templated":true}]}}