{"id":13688,"date":"2024-09-30T15:35:17","date_gmt":"2024-09-30T19:35:17","guid":{"rendered":"https:\/\/www.hospitaldelinares.gob.cl\/?p=13688"},"modified":"2024-09-30T16:14:23","modified_gmt":"2024-09-30T20:14:23","slug":"proceso-de-movilidad-interna-para-cargos-vacantes-jefea-depto-gestion-de-las-personas","status":"publish","type":"post","link":"https:\/\/www.hospitaldelinares.gob.cl\/?p=13688","title":{"rendered":"PROCESO DE MOVILIDAD INTERNA PARA CARGOS VACANTES &#8211; JEFE(A). DEPTO. GESTI\u00d3N DE LAS PERSONAS"},"content":{"rendered":"<p>La movilidad interna busca potencial el talento de los y las funcionarios(as) a contrata del Servicio de Salud Maule, mediante la asignaci\u00f3n de nuevas funciones y responsabilidades y\/o reubicaciones en las mismas condiciones contractuales y\/o recontrataciones en grados superiores de remuneraci\u00f3n, compatibilizando las expectativas, intereses, competencias y habilidades de los funcionarios y funcionarias con los requerimientos y disponibilidad presupuestaria del Hospital de Linares.\u00a0<strong>Pueden postular a esta convocatoria todos los funcionarios del Servicio de Salud Maule que se encuentren en alidad jur\u00eddica de contrata, de la Ley N\u00b0 18.834, con una antiguedad m\u00ednima de 2 a\u00f1os; esto se extiende a aquellos que est\u00e9n contratados en reemplazo.<\/strong><\/p>\n<p>Este proceso busca proveer el cargo de Profesional con encomendaci\u00f3n de Jefe(a) del Departamento de Gesti\u00f3n de las Personas, para la Subdirecci\u00f3n de las Personas. con los siguientes requisitos:<\/p>\n<p><em><strong>Alternativamente (De acuerdo con DFL):<\/strong><\/em><\/p>\n<p>i)\u00a0T\u00edtulo Profesional de una carrera de, a lo menos\u00a0<b>diez semestres\u00a0<\/b>de duraci\u00f3n, otorgado por una Universidad o Instituto Profesional del Estado o reconocido por este o aquellos validados en Chile de acuerdo con la legislaci\u00f3n vigente y acreditar una experiencia profesional no inferior a<b>\u00a0tres a\u00f1os<\/b>, en el sector p\u00fablico o privado; o,<\/p>\n<p>ii) T\u00edtulo Profesional de una carrera de, a lo menos\u00a0<b>ocho semestres\u00a0<\/b>de duraci\u00f3n, otorgado por una Universidad o Instituto Profesional del Estado o reconocido por este o aquellos validados en Chile de acuerdo con la legislaci\u00f3n vigente y acreditar una experiencia profesional no inferior a<b>\u00a0cuatro a\u00f1os<\/b>, en el sector p\u00fablico o privado.<\/p>\n<p><em><strong>Perfil del Cargo:<\/strong><\/em><\/p>\n<p><b>Formaci\u00f3n Educacional:<\/b><\/p>\n<ul>\n<li>T\u00edtulo profesional de una carrera de las Ciencias de la Administraci\u00f3n, Ingenier\u00eda Comercial, Ingenier\u00eda en Recursos Humanos, Auditor\u00eda, Contabilidad y Ciencias Sociales.<\/li>\n<\/ul>\n<p><b>Especializaciones y\/o Capacitaciones:\u00a0<\/b><\/p>\n<ul>\n<li>Gesti\u00f3n de Personas o Recursos Humanos.<\/li>\n<li>Normativas de Administraci\u00f3n P\u00fablica en Salud (Ley N\u00b0 18.834, Ley N\u00b0 19.964, Ley N\u00b0 15.076, Ley N\u00b0 19.937, entre otras).<\/li>\n<li>Ley N\u00b0 18.620, C\u00f3digo del Trabajo.<\/li>\n<li>Ley N\u00b0 19.653, sobre Probidad Administrativa aplicable de los \u00d3rganos de la Administraci\u00f3n del Estado.<\/li>\n<li>Ley N\u00b0 18.575, Org\u00e1nica Constitucional de bases generales de la Administraci\u00f3n del Estado.<\/li>\n<li>Ley N\u00b0 19.886, Contratos Administrativos de Suministro y Prestaci\u00f3n de Servicios (Compras P\u00fablicas).<\/li>\n<li>Ley N\u00b0 21.634, que Mejora la Calidad del Gasto P\u00fablico, Aumenta los Est\u00e1ndares de Probidad y Transparencia, e Introduce Principios de Econom\u00eda Circular en las Compras del Estado.<\/li>\n<li>Ley 19.880, Procedimientos Administrativos que rigen los Actos de los \u00d3rganos de la Administraci\u00f3n del Estado.<\/li>\n<li>Administraci\u00f3n de Personas (Contratos, remuneraciones, previsi\u00f3n, etc.)<\/li>\n<li>Liderazgo y Gesti\u00f3n de Equipos de Trabajo.<\/li>\n<li>Sistemas inform\u00e1ticos SIRH, SIAPER, G-DOC.<\/li>\n<\/ul>\n<p><b>Experiencia atingente:<\/b><\/p>\n<ul>\n<li>Experiencia laboral en unidades de Gesti\u00f3n y\/o Administraci\u00f3n de Personas, Recursos Humanos o Personal en instituciones de Salud p\u00fablica o privada. Experiencia en cargos de jefatura o supervisi\u00f3n de equipos de trabajo, o subrogancia efectiva.<\/li>\n<\/ul>\n<p>&nbsp;<\/p>\n<p><strong>Para mayor detalle, haz clic en el enlace de abajo y descarga las pautas.<\/strong><\/p>\n<p>&nbsp;<\/p>\n<p style=\"text-align: center\"><a href=\"\/wp-content\/uploads\/2024\/09\/BRNB4220095F128_006242-1.pdf\"><strong>PAUTAS MOVILIDAD &#8211; JEFE(A) DEPTO GESTI\u00d3N PERSONAS<\/strong><\/a><\/p>\n<p>&nbsp;<\/p>\n<p style=\"text-align: center\"><strong>PARA POSTULAR, ESCANEA EL C\u00d3DIGO QR O HAZ CLIC EN EL ENLACE<\/strong><\/p>\n<p><img loading=\"lazy\" decoding=\"async\" class=\"size-medium wp-image-13693 aligncenter\" src=\"\/wp-content\/uploads\/2024\/09\/qrcode_docs.google.com_-320x320.png\" alt=\"\" width=\"320\" height=\"320\" srcset=\"https:\/\/www.hospitaldelinares.gob.cl\/wp-content\/uploads\/2024\/09\/qrcode_docs.google.com_-320x320.png 320w, https:\/\/www.hospitaldelinares.gob.cl\/wp-content\/uploads\/2024\/09\/qrcode_docs.google.com_-150x150.png 150w, https:\/\/www.hospitaldelinares.gob.cl\/wp-content\/uploads\/2024\/09\/qrcode_docs.google.com_.png 450w\" sizes=\"auto, (max-width: 320px) 100vw, 320px\" \/><\/p>\n<p style=\"text-align: center\"><a href=\"https:\/\/docs.google.com\/forms\/d\/e\/1FAIpQLSdqNLcE2W0K0RCsa1mq0JoLM2q_IwqQ3oazisvum0HYfu2wwQ\/viewform\"><b>FORMULARIO DE POSTULACI\u00d3N<\/b><\/a><\/p>\n","protected":false},"excerpt":{"rendered":"<p>La movilidad interna busca potencial el talento de los y las funcionarios(as) a contrata del Servicio de Salud Maule, mediante la asignaci\u00f3n de nuevas funciones y responsabilidades y\/o reubicaciones en las mismas condiciones contractuales y\/o [&hellip;]<\/p>\n","protected":false},"author":16,"featured_media":0,"comment_status":"closed","ping_status":"closed","sticky":false,"template":"","format":"standard","meta":{"footnotes":""},"categories":[102],"tags":[],"class_list":["post-13688","post","type-post","status-publish","format-standard","hentry","category-archivos-de-reclutamiento-y-seleccion"],"_links":{"self":[{"href":"https:\/\/www.hospitaldelinares.gob.cl\/index.php?rest_route=\/wp\/v2\/posts\/13688","targetHints":{"allow":["GET"]}}],"collection":[{"href":"https:\/\/www.hospitaldelinares.gob.cl\/index.php?rest_route=\/wp\/v2\/posts"}],"about":[{"href":"https:\/\/www.hospitaldelinares.gob.cl\/index.php?rest_route=\/wp\/v2\/types\/post"}],"author":[{"embeddable":true,"href":"https:\/\/www.hospitaldelinares.gob.cl\/index.php?rest_route=\/wp\/v2\/users\/16"}],"replies":[{"embeddable":true,"href":"https:\/\/www.hospitaldelinares.gob.cl\/index.php?rest_route=%2Fwp%2Fv2%2Fcomments&post=13688"}],"version-history":[{"count":4,"href":"https:\/\/www.hospitaldelinares.gob.cl\/index.php?rest_route=\/wp\/v2\/posts\/13688\/revisions"}],"predecessor-version":[{"id":13695,"href":"https:\/\/www.hospitaldelinares.gob.cl\/index.php?rest_route=\/wp\/v2\/posts\/13688\/revisions\/13695"}],"wp:attachment":[{"href":"https:\/\/www.hospitaldelinares.gob.cl\/index.php?rest_route=%2Fwp%2Fv2%2Fmedia&parent=13688"}],"wp:term":[{"taxonomy":"category","embeddable":true,"href":"https:\/\/www.hospitaldelinares.gob.cl\/index.php?rest_route=%2Fwp%2Fv2%2Fcategories&post=13688"},{"taxonomy":"post_tag","embeddable":true,"href":"https:\/\/www.hospitaldelinares.gob.cl\/index.php?rest_route=%2Fwp%2Fv2%2Ftags&post=13688"}],"curies":[{"name":"wp","href":"https:\/\/api.w.org\/{rel}","templated":true}]}}