{"id":13615,"date":"2024-09-03T11:46:12","date_gmt":"2024-09-03T15:46:12","guid":{"rendered":"https:\/\/www.hospitaldelinares.gob.cl\/?p=13615"},"modified":"2024-09-03T11:46:12","modified_gmt":"2024-09-03T15:46:12","slug":"concurso-interno-asig-responsabilidad-ley-19-664","status":"publish","type":"post","link":"https:\/\/www.hospitaldelinares.gob.cl\/?p=13615","title":{"rendered":"Concurso Interno Asig. Responsabilidad Ley 19.664"},"content":{"rendered":"<p>La informaci\u00f3n espec\u00edfica referida a cada Asignaci\u00f3n a concursar es la que se presenta a continuaci\u00f3n:<\/p>\n<table style=\"height: 492px;\" width=\"968\">\n<tbody>\n<tr>\n<td width=\"168\">\n<h6><em>SERVICIO CLINICO Y\/O UNIDAD DE APOYO<\/em><\/h6>\n<\/td>\n<td width=\"78\">\n<h6><em>HORAS<\/em><\/h6>\n<\/td>\n<td width=\"85\">\n<h6><em>% ASIGNACION<\/em><\/h6>\n<\/td>\n<td width=\"234\">\n<h6><em>PROFESION REQUERIDA<\/em><\/h6>\n<\/td>\n<\/tr>\n<tr>\n<td width=\"168\">\n<h6><strong>CRF. EMERGENCIA HOSPITALARIA<\/strong><\/h6>\n<\/td>\n<td width=\"78\">\n<h6>22<\/h6>\n<\/td>\n<td width=\"85\">\n<h6>100%<\/h6>\n<\/td>\n<td width=\"234\">\n<h6>T\u00edtulo Prof. de M\u00e9dico Cirujano con especialidad en Medicina de Urgencia o especialidad B\u00e1sica, certificada y registrada en la Superintendencia de Salud.<\/h6>\n<\/td>\n<\/tr>\n<tr>\n<td width=\"168\">\n<h6><strong>CRF. GINECO-OBSTETRICO<\/strong><\/h6>\n<\/td>\n<td width=\"78\">\n<h6>22<\/h6>\n<\/td>\n<td width=\"85\">\n<h6>100%<\/h6>\n<\/td>\n<td width=\"234\">\n<h6>T\u00edtulo Prof. de M\u00e9dico Cirujano con especialidad en Ginecolog\u00eda y Obstetricia u otra especialidad B\u00e1sica, certificada y registrada en la Superintendencia de Salud.<\/h6>\n<\/td>\n<\/tr>\n<tr>\n<td width=\"168\">\n<h6><strong>CR. PABELL\u00d3N Y RECUPERACION DE ANESTESIA<\/strong><\/h6>\n<\/td>\n<td width=\"78\">\n<h6>22<\/h6>\n<\/td>\n<td width=\"85\">\n<h6>85%<\/h6>\n<\/td>\n<td width=\"234\">\n<h6>T\u00edtulo Prof. de M\u00e9dico Cirujano con especialidad en Anestesiolog\u00eda, Cirug\u00eda General, Traumatolog\u00eda y Ortopedia u otra especialidad a fin, certificada y registrada en la Superintendencia de Salud.<\/h6>\n<\/td>\n<\/tr>\n<tr>\n<td width=\"168\">\n<h6><\/h6>\n<h6><strong>CRF. MEDICO<\/strong><\/h6>\n<\/td>\n<td width=\"78\">\n<h6>22<\/h6>\n<\/td>\n<td width=\"85\">\n<h6>100%<\/h6>\n<\/td>\n<td width=\"234\">\n<h6>T\u00edtulo Prof. de M\u00e9dico Cirujano con especialidad en Medicina Interna u otra especialidad, certificada y registrada en la Superintendencia de Salud.<\/h6>\n<\/td>\n<\/tr>\n<tr>\n<td width=\"168\">\n<h6><strong>CR. TRAUMATOLOG\u00cdA Y ORTOPEDIA ADULTO<\/strong><\/h6>\n<\/td>\n<td width=\"78\">\n<h6>22<\/h6>\n<\/td>\n<td width=\"85\">\n<h6>100%<\/h6>\n<\/td>\n<td width=\"234\">\n<h6>T\u00edtulo Prof. de M\u00e9dico Cirujano con especialidad en Traumatolog\u00eda y Ortopedia o especialidad B\u00e1sica, certificada y registrada en la Superintendencia de Salud.<\/h6>\n<\/td>\n<\/tr>\n<\/tbody>\n<\/table>\n<p><strong>DE LOS REQUISITOS DE LOS BENEFICIARIOS<\/strong><strong>\u00a0<\/strong><\/p>\n<p>Los profesionales funcionarios a que se refiere el art\u00edculo n\u00ba1 del Decreto N\u00ba29\/2015, de Salud, tendr\u00e1n derecho a la asignaci\u00f3n de responsabilidad en la medida en obtengan el puntaje m\u00e1s alto del presente concurso interno, para lo cual, deber\u00e1n desempe\u00f1ar efectivamente funciones de direcci\u00f3n, coordinaci\u00f3n, supervisi\u00f3n o mando en servicios cl\u00ednicos o unidades de apoyo, cualquiera sea su denominaci\u00f3n, siempre y cuando lo hagan cumpliendo jornadas iguales o superiores a 22 horas semanales distribuidas de lunes a viernes.<\/p>\n<p>La asignaci\u00f3n ser\u00e1 percibida por un periodo\u00a0<strong>m\u00e1ximo de 01 a\u00f1o<\/strong>, al cabo se proceder\u00e1 a un nuevo concurso interno para reasignarla.<\/p>\n<p>Se adjuntan bases de concurso:<\/p>\n<p><a href=\"\/wp-content\/uploads\/2024\/09\/BASES-CONCURSO-INTERNO-ASIG.-RESPONSABILIDAD-LEY-19.664.pdf\">BASES CONCURSO INTERNO ASIG. RESPONSABILIDAD LEY 19.664<\/a><\/p>\n<p><a href=\"\/wp-content\/uploads\/2024\/09\/ANEXOS.docx\">ANEXOS<\/a><\/p>\n","protected":false},"excerpt":{"rendered":"<p>La informaci\u00f3n espec\u00edfica referida a cada Asignaci\u00f3n a concursar es la que se presenta a continuaci\u00f3n: SERVICIO CLINICO Y\/O UNIDAD DE APOYO HORAS % ASIGNACION PROFESION REQUERIDA CRF. EMERGENCIA HOSPITALARIA 22 100% T\u00edtulo Prof. de [&hellip;]<\/p>\n","protected":false},"author":14,"featured_media":0,"comment_status":"closed","ping_status":"closed","sticky":false,"template":"","format":"standard","meta":{"footnotes":""},"categories":[84],"tags":[],"class_list":["post-13615","post","type-post","status-publish","format-standard","hentry","category-_gestionpersonas-archivos"],"_links":{"self":[{"href":"https:\/\/www.hospitaldelinares.gob.cl\/index.php?rest_route=\/wp\/v2\/posts\/13615","targetHints":{"allow":["GET"]}}],"collection":[{"href":"https:\/\/www.hospitaldelinares.gob.cl\/index.php?rest_route=\/wp\/v2\/posts"}],"about":[{"href":"https:\/\/www.hospitaldelinares.gob.cl\/index.php?rest_route=\/wp\/v2\/types\/post"}],"author":[{"embeddable":true,"href":"https:\/\/www.hospitaldelinares.gob.cl\/index.php?rest_route=\/wp\/v2\/users\/14"}],"replies":[{"embeddable":true,"href":"https:\/\/www.hospitaldelinares.gob.cl\/index.php?rest_route=%2Fwp%2Fv2%2Fcomments&post=13615"}],"version-history":[{"count":1,"href":"https:\/\/www.hospitaldelinares.gob.cl\/index.php?rest_route=\/wp\/v2\/posts\/13615\/revisions"}],"predecessor-version":[{"id":13618,"href":"https:\/\/www.hospitaldelinares.gob.cl\/index.php?rest_route=\/wp\/v2\/posts\/13615\/revisions\/13618"}],"wp:attachment":[{"href":"https:\/\/www.hospitaldelinares.gob.cl\/index.php?rest_route=%2Fwp%2Fv2%2Fmedia&parent=13615"}],"wp:term":[{"taxonomy":"category","embeddable":true,"href":"https:\/\/www.hospitaldelinares.gob.cl\/index.php?rest_route=%2Fwp%2Fv2%2Fcategories&post=13615"},{"taxonomy":"post_tag","embeddable":true,"href":"https:\/\/www.hospitaldelinares.gob.cl\/index.php?rest_route=%2Fwp%2Fv2%2Ftags&post=13615"}],"curies":[{"name":"wp","href":"https:\/\/api.w.org\/{rel}","templated":true}]}}