{"id":13507,"date":"2024-07-08T16:52:44","date_gmt":"2024-07-08T20:52:44","guid":{"rendered":"https:\/\/www.hospitaldelinares.gob.cl\/?p=13507"},"modified":"2024-07-08T16:52:44","modified_gmt":"2024-07-08T20:52:44","slug":"comite-de-etica-asistencial-del-hospital-de-linares-renovo-sus-integrantes","status":"publish","type":"post","link":"https:\/\/www.hospitaldelinares.gob.cl\/?p=13507","title":{"rendered":"Comit\u00e9 de \u00c9tica Asistencial del Hospital de Linares Renov\u00f3 sus Integrantes"},"content":{"rendered":"<p><img loading=\"lazy\" decoding=\"async\" class=\"size-medium wp-image-13508 aligncenter\" src=\"\/wp-content\/uploads\/2024\/07\/Comite-de-etica-HBL-481x320.jpg\" alt=\"\" width=\"481\" height=\"320\" srcset=\"https:\/\/www.hospitaldelinares.gob.cl\/wp-content\/uploads\/2024\/07\/Comite-de-etica-HBL-481x320.jpg 481w, https:\/\/www.hospitaldelinares.gob.cl\/wp-content\/uploads\/2024\/07\/Comite-de-etica-HBL.jpg 640w\" sizes=\"auto, (max-width: 481px) 100vw, 481px\" \/><\/p>\n<p>El Comit\u00e9 es un \u00f3rgano de car\u00e1cter consultivo e interdisciplinario, creado para analizar y asesorar sobre los conflictos \u00e9ticos que se susciten como consecuencia de la atenci\u00f3n de salud, para contribuir a mejorar la calidad de la atenci\u00f3n y proteger los derechos de las personas en relaci\u00f3n con ella.<\/p>\n<p>Su dependencia org\u00e1nica es la Direcci\u00f3n del establecimiento, siendo espec\u00edficamente un \u00f3rgano asesor.<\/p>\n<p><strong>ACTUALMENTE EST\u00c1 CONFORMADO POR:<\/strong><\/p>\n<p><strong>Presidente:<\/strong> Marlen Sep\u00falveda Salazar, Matrona<\/p>\n<p><strong>Secretaria:<\/strong> Carolina Soto Mart\u00ednez, Enfermera<\/p>\n<p><strong>Integrantes:<\/strong> Javier Valenzuela Gonz\u00e1lez, M\u00e9dico Pediatra<\/p>\n<p>Mabel Jara P\u00e1ez, M\u00e9dico<\/p>\n<p>Carla D\u00edaz Sandoval, Odont\u00f3loga<\/p>\n<p>Claudia Espinoza Garrido, Abogada.<\/p>\n<p>Trinidad Espinoza Jaque, Qu\u00edmico farmac\u00e9utico<\/p>\n<p>Andr\u00e9s Quintana Coll\u00edo, Psic\u00f3logo<\/p>\n<p>Marcia Espinosa S\u00e1nchez, Psic\u00f3loga<\/p>\n<p><strong>Representante de la comunidad:<\/strong> Amanda Bast\u00edas Contardo<\/p>\n<p><strong>Asesores:<\/strong> Mar\u00eda Aurora Canessa Tapia, M\u00e9dico Pediatra<\/p>\n<p>Iv\u00e1n Rojas P\u00e9rez, Tecn\u00f3logo M\u00e9dico<\/p>\n<p>Marta Villarreal Gonz\u00e1lez, TENS<\/p>\n<p>&nbsp;<\/p>\n<p>&nbsp;<\/p>\n<p><strong>Dentro de algunas de sus Funciones del Comit\u00e9 est\u00e1n:<\/strong><\/p>\n<ol>\n<li>Asesorar a los usuarios o prestadores en el proceso de toma de decisiones relativo a aquellos conflictos \u00e9tico-cl\u00ednicos que se susciten como consecuencia de la atenci\u00f3n en salud.<\/li>\n<li>Contribuir, en el marco de su funci\u00f3n consultiva, a la protecci\u00f3n de los derechos de los usuarios en su relaci\u00f3n con los prestadores, y proponer a la instituci\u00f3n las medidas adecuadas para la satisfacci\u00f3n de ellos en los casos de que resulten afectados.<\/li>\n<\/ol>\n<p><strong>CASOS EN LOS QUE SE DEBER\u00c1 SOLICITAR EL PRONUNCIAMIENTO U OPINI\u00d3N DEL COMIT\u00c9:<\/strong><\/p>\n<ol>\n<li>En caso de duda del profesional tratante acerca de la competencia de la persona para adoptar una decisi\u00f3n aut\u00f3noma, siempre que previamente se haya realizado una evaluaci\u00f3n cl\u00ednica integral que no hubiese logrado aclarar dicha duda.<\/li>\n<li>En el caso que se estime que la decisi\u00f3n aut\u00f3noma manifestada por la persona o su representante legal la expone a graves da\u00f1os a su salud o a riesgo de morir, que ser\u00edan evitables prudencialmente siguiendo los tratamientos indicados y siempre que el profesional tratante haya agotado todas las instancias de informaci\u00f3n que hubiesen permitido a la persona o a su representante alcanzar una decisi\u00f3n aut\u00f3noma.<\/li>\n<li>En el caso de una posible aplicaci\u00f3n de alta forzosa por parte de la direcci\u00f3n del establecimiento, a propuesta del profesional tratante, cuando la persona expresare su voluntad de no ser tratada, de interrumpir el tratamiento, o se negare a cumplir las prescripciones del profesional tratante.<\/li>\n<li>En el caso de personas con discapacidad ps\u00edquica o intelectual que no se encuentran en condiciones de manifestar su voluntad, respecto delas cuales se analice la posible indicaci\u00f3n y aplicaci\u00f3n de tratamientos invasivos de car\u00e1cter irreversible, sin perjuicio de la aplicaci\u00f3n de la reglamentaci\u00f3n particular que regula la materia.<\/li>\n<\/ol>\n<p><strong>PROCEDIMIENTO PARA PRESENTACION DE CASOS AL COMIT\u00c9 DE ETICA ASISTENCIAL:<\/strong><\/p>\n<p>Se acceder\u00e1 al Comit\u00e9 mediante \u201cFormulario de Presentaci\u00f3n de Casos\u201d Que se encuentra adem\u00e1s disponible en el sitio web institucional link: https:\/\/www.hospitaldelinares.gob.cl\/?p=9816<\/p>\n<p>Una vez completado, se debe entregar copia impresa a Secretar\u00eda de Comit\u00e9 o Presidencia, o al correo <a href=\"mailto:comit\u00e9.etica.asitencial.hl@gmail.com\">comit\u00e9.etica.asitencial.hl@gmail.com<\/a> , para convocar reuni\u00f3n, iniciar su revisi\u00f3n y entregar respuesta.<\/p>\n","protected":false},"excerpt":{"rendered":"<p>El Comit\u00e9 es un \u00f3rgano de car\u00e1cter consultivo e interdisciplinario, creado para analizar y asesorar sobre los conflictos \u00e9ticos que se susciten como consecuencia de la atenci\u00f3n de salud, para contribuir a mejorar la calidad [&hellip;]<\/p>\n","protected":false},"author":8,"featured_media":0,"comment_status":"closed","ping_status":"closed","sticky":false,"template":"","format":"standard","meta":{"footnotes":""},"categories":[5],"tags":[],"class_list":["post-13507","post","type-post","status-publish","format-standard","hentry","category-destacados"],"_links":{"self":[{"href":"https:\/\/www.hospitaldelinares.gob.cl\/index.php?rest_route=\/wp\/v2\/posts\/13507","targetHints":{"allow":["GET"]}}],"collection":[{"href":"https:\/\/www.hospitaldelinares.gob.cl\/index.php?rest_route=\/wp\/v2\/posts"}],"about":[{"href":"https:\/\/www.hospitaldelinares.gob.cl\/index.php?rest_route=\/wp\/v2\/types\/post"}],"author":[{"embeddable":true,"href":"https:\/\/www.hospitaldelinares.gob.cl\/index.php?rest_route=\/wp\/v2\/users\/8"}],"replies":[{"embeddable":true,"href":"https:\/\/www.hospitaldelinares.gob.cl\/index.php?rest_route=%2Fwp%2Fv2%2Fcomments&post=13507"}],"version-history":[{"count":1,"href":"https:\/\/www.hospitaldelinares.gob.cl\/index.php?rest_route=\/wp\/v2\/posts\/13507\/revisions"}],"predecessor-version":[{"id":13509,"href":"https:\/\/www.hospitaldelinares.gob.cl\/index.php?rest_route=\/wp\/v2\/posts\/13507\/revisions\/13509"}],"wp:attachment":[{"href":"https:\/\/www.hospitaldelinares.gob.cl\/index.php?rest_route=%2Fwp%2Fv2%2Fmedia&parent=13507"}],"wp:term":[{"taxonomy":"category","embeddable":true,"href":"https:\/\/www.hospitaldelinares.gob.cl\/index.php?rest_route=%2Fwp%2Fv2%2Fcategories&post=13507"},{"taxonomy":"post_tag","embeddable":true,"href":"https:\/\/www.hospitaldelinares.gob.cl\/index.php?rest_route=%2Fwp%2Fv2%2Ftags&post=13507"}],"curies":[{"name":"wp","href":"https:\/\/api.w.org\/{rel}","templated":true}]}}