{"id":13455,"date":"2024-05-13T16:42:39","date_gmt":"2024-05-13T20:42:39","guid":{"rendered":"https:\/\/www.hospitaldelinares.gob.cl\/?p=13455"},"modified":"2024-05-13T16:42:39","modified_gmt":"2024-05-13T20:42:39","slug":"2023-sin-deudas-inversion-en-infraestructura-y-brecha-de-especialistas-medicos-se-presenta-en-la-ges","status":"publish","type":"post","link":"https:\/\/www.hospitaldelinares.gob.cl\/?p=13455","title":{"rendered":"2023 sin Deudas, Inversi\u00f3n en Infraestructura y Brecha de Especialistas M\u00e9dicos, se Presenta en la Gesti\u00f3n Anual del Hospital de Linares"},"content":{"rendered":"<p><img loading=\"lazy\" decoding=\"async\" class=\"size-medium wp-image-13456 aligncenter\" src=\"\/wp-content\/uploads\/2024\/05\/Cuenta-Publica-2023-Hospital-de-Linares-481x320.jpg\" alt=\"\" width=\"481\" height=\"320\" srcset=\"https:\/\/www.hospitaldelinares.gob.cl\/wp-content\/uploads\/2024\/05\/Cuenta-Publica-2023-Hospital-de-Linares-481x320.jpg 481w, https:\/\/www.hospitaldelinares.gob.cl\/wp-content\/uploads\/2024\/05\/Cuenta-Publica-2023-Hospital-de-Linares.jpg 640w\" sizes=\"auto, (max-width: 481px) 100vw, 481px\" \/><\/p>\n<p>As\u00ed lo expuso el director del establecimiento Nolasco P\u00e9rez en la presentaci\u00f3n de la cuenta p\u00fablica de gesti\u00f3n 2023 del centro de salud junto a autoridades, jefes de servicio y funcionarios del establecimiento.<\/p>\n<p>Nolasco P\u00e9rez director del hospital de Linares destac\u00f3 que en el \u00e1mbito de finanzas con un presupuesto anual de 57 mil millones de pesos la deuda anual fue cero, lo que demuestra un equilibrio financiero de la instituci\u00f3n que permite llevar a cabo proyectos de infraestructura y adquisici\u00f3n de equipamiento, junto a la presentaci\u00f3n de diversos proyectos para su financiamiento.<\/p>\n<p><img loading=\"lazy\" decoding=\"async\" class=\"size-medium wp-image-13457 aligncenter\" src=\"\/wp-content\/uploads\/2024\/05\/finanzas-569x320.jpg\" alt=\"\" width=\"569\" height=\"320\" srcset=\"https:\/\/www.hospitaldelinares.gob.cl\/wp-content\/uploads\/2024\/05\/finanzas-569x320.jpg 569w, https:\/\/www.hospitaldelinares.gob.cl\/wp-content\/uploads\/2024\/05\/finanzas-768x432.jpg 768w, https:\/\/www.hospitaldelinares.gob.cl\/wp-content\/uploads\/2024\/05\/finanzas.jpg 1280w\" sizes=\"auto, (max-width: 569px) 100vw, 569px\" \/><\/p>\n<p>En el \u00e1mbito de producci\u00f3n asistencial, resalta el aumento constante de procedimientos, ex\u00e1menes y atenciones durante los \u00faltimos a\u00f1os.<\/p>\n<p>Sin embargo, existe una brecha de especialistas y subespecialistas m\u00e9dicos que mantiene una lista de espera de atenciones m\u00e9dicas, quir\u00fargicas y odontol\u00f3gicas.<\/p>\n<p>Conoce el detalle de las estad\u00edsticas en <a href=\"https:\/\/www.hospitaldelinares.gob.cl\/?p=13452\">https:\/\/www.hospitaldelinares.gob.cl\/?p=13452<\/a><\/p>\n","protected":false},"excerpt":{"rendered":"<p>As\u00ed lo expuso el director del establecimiento Nolasco P\u00e9rez en la presentaci\u00f3n de la cuenta p\u00fablica de gesti\u00f3n 2023 del centro de salud junto a autoridades, jefes de servicio y funcionarios del establecimiento. Nolasco P\u00e9rez [&hellip;]<\/p>\n","protected":false},"author":8,"featured_media":0,"comment_status":"closed","ping_status":"closed","sticky":false,"template":"","format":"standard","meta":{"footnotes":""},"categories":[5],"tags":[],"class_list":["post-13455","post","type-post","status-publish","format-standard","hentry","category-destacados"],"_links":{"self":[{"href":"https:\/\/www.hospitaldelinares.gob.cl\/index.php?rest_route=\/wp\/v2\/posts\/13455","targetHints":{"allow":["GET"]}}],"collection":[{"href":"https:\/\/www.hospitaldelinares.gob.cl\/index.php?rest_route=\/wp\/v2\/posts"}],"about":[{"href":"https:\/\/www.hospitaldelinares.gob.cl\/index.php?rest_route=\/wp\/v2\/types\/post"}],"author":[{"embeddable":true,"href":"https:\/\/www.hospitaldelinares.gob.cl\/index.php?rest_route=\/wp\/v2\/users\/8"}],"replies":[{"embeddable":true,"href":"https:\/\/www.hospitaldelinares.gob.cl\/index.php?rest_route=%2Fwp%2Fv2%2Fcomments&post=13455"}],"version-history":[{"count":2,"href":"https:\/\/www.hospitaldelinares.gob.cl\/index.php?rest_route=\/wp\/v2\/posts\/13455\/revisions"}],"predecessor-version":[{"id":13459,"href":"https:\/\/www.hospitaldelinares.gob.cl\/index.php?rest_route=\/wp\/v2\/posts\/13455\/revisions\/13459"}],"wp:attachment":[{"href":"https:\/\/www.hospitaldelinares.gob.cl\/index.php?rest_route=%2Fwp%2Fv2%2Fmedia&parent=13455"}],"wp:term":[{"taxonomy":"category","embeddable":true,"href":"https:\/\/www.hospitaldelinares.gob.cl\/index.php?rest_route=%2Fwp%2Fv2%2Fcategories&post=13455"},{"taxonomy":"post_tag","embeddable":true,"href":"https:\/\/www.hospitaldelinares.gob.cl\/index.php?rest_route=%2Fwp%2Fv2%2Ftags&post=13455"}],"curies":[{"name":"wp","href":"https:\/\/api.w.org\/{rel}","templated":true}]}}