{"id":13345,"date":"2024-03-05T09:28:14","date_gmt":"2024-03-05T13:28:14","guid":{"rendered":"https:\/\/www.hospitaldelinares.gob.cl\/?p=13345"},"modified":"2024-03-06T07:31:37","modified_gmt":"2024-03-06T11:31:37","slug":"bases-de-concurso-para-el-otorgamiento-de-la-asignacion-de-responsabilidad-de-los-profesionales-func","status":"publish","type":"post","link":"https:\/\/www.hospitaldelinares.gob.cl\/?p=13345","title":{"rendered":"BASES DE CONCURSO PARA EL OTORGAMIENTO DE LA ASIGNACI\u00d3N DE  RESPONSABILIDAD DE LOS PROFESIONALES FUNCIONARIOS A QUE SE REFIERE EL ART. 34 LETRA C)  DE LA LEY N\u00ba 19.664 Y EL ART. 3 DE LA LEY N\u00ba 19.198"},"content":{"rendered":"<p>La informaci\u00f3n espec\u00edfica referida a cada Asignaci\u00f3n a concursar es la que se presenta a continuaci\u00f3n:<\/p>\n<table style=\"height: 184px;\" width=\"937\">\n<tbody>\n<tr>\n<td width=\"168\">SERVICIO CLINICO Y\/O UNIDAD DE APOYO<\/td>\n<td width=\"78\">\n<p style=\"text-align: center;\">HORAS<\/p>\n<\/td>\n<td style=\"text-align: center;\" width=\"85\">% ASIGNACION<\/td>\n<td width=\"234\">\n<p style=\"text-align: center;\">PROFESION REQUERIDA<\/p>\n<\/td>\n<\/tr>\n<tr>\n<td width=\"168\"><strong>CRF. EMERGENCIA HOSPITALARIA<\/strong><\/td>\n<td width=\"78\">\n<p style=\"text-align: center;\">22<\/p>\n<\/td>\n<td width=\"85\">\n<p style=\"text-align: center;\">100%<\/p>\n<\/td>\n<td width=\"234\">T\u00edtulo Prof. de M\u00e9dico Cirujano, con especialidad en medicina interna, pediatr\u00eda, ginecolog\u00eda y obstetricia o cirug\u00eda, certificada.<\/td>\n<\/tr>\n<tr>\n<td width=\"168\"><strong>ABASTECIMIENTO CL\u00cdNICO<\/strong><\/td>\n<td width=\"78\">\n<p style=\"text-align: center;\">22<\/p>\n<\/td>\n<td width=\"85\">\n<p style=\"text-align: center;\">71%<\/p>\n<\/td>\n<td width=\"234\">T\u00edtulo Prof. De Qu\u00edmico farmac\u00e9utico, certificada y registrada en la Superintendencia de Salud.<\/td>\n<\/tr>\n<\/tbody>\n<\/table>\n<p>&nbsp;<\/p>\n<p><strong>DE LOS REQUISITOS DE LOS BENEFICIARIOS<\/strong><strong>\u00a0<\/strong><\/p>\n<p>Los profesionales funcionarios a que se refiere el art\u00edculo n\u00ba1 del Decreto N\u00ba29\/2015, de Salud, tendr\u00e1n derecho a la asignaci\u00f3n de responsabilidad en la medida en obtengan el puntaje m\u00e1s alto del presente concurso interno, para lo cual, deber\u00e1n desempe\u00f1ar efectivamente funciones de direcci\u00f3n, coordinaci\u00f3n, supervisi\u00f3n o mando en servicios cl\u00ednicos o unidades de apoyo, cualquiera sea su denominaci\u00f3n, siempre y cuando lo hagan cumpliendo jornadas iguales o superiores a 22 horas semanales distribuidas de lunes a viernes.<\/p>\n<p>La asignaci\u00f3n ser\u00e1 percibida por un periodo <strong>m\u00e1ximo de tres a\u00f1os<\/strong>, al cabo se proceder\u00e1 a un nuevo concurso interno para reasignarla.<\/p>\n<p>Se adjuntan bases de concurso:<\/p>\n<p><a href=\"\/wp-content\/uploads\/2024\/03\/Bases-Asignacion-Responsabilidad-2022-FINAL.docx\">Bases-Asignacion-Responsabilidad-2022 FINAL<\/a><\/p>\n<p><a href=\"\/wp-content\/uploads\/2024\/03\/RES-N446-21.02.2024_015409.pdf\">RES N446 21.02.2024_015409<\/a><\/p>\n","protected":false},"excerpt":{"rendered":"<p>La informaci\u00f3n espec\u00edfica referida a cada Asignaci\u00f3n a concursar es la que se presenta a continuaci\u00f3n: SERVICIO CLINICO Y\/O UNIDAD DE APOYO HORAS % ASIGNACION PROFESION REQUERIDA CRF. EMERGENCIA HOSPITALARIA 22 100% T\u00edtulo Prof. de [&hellip;]<\/p>\n","protected":false},"author":14,"featured_media":0,"comment_status":"closed","ping_status":"closed","sticky":false,"template":"","format":"standard","meta":{"footnotes":""},"categories":[84],"tags":[],"class_list":["post-13345","post","type-post","status-publish","format-standard","hentry","category-_gestionpersonas-archivos"],"_links":{"self":[{"href":"https:\/\/www.hospitaldelinares.gob.cl\/index.php?rest_route=\/wp\/v2\/posts\/13345","targetHints":{"allow":["GET"]}}],"collection":[{"href":"https:\/\/www.hospitaldelinares.gob.cl\/index.php?rest_route=\/wp\/v2\/posts"}],"about":[{"href":"https:\/\/www.hospitaldelinares.gob.cl\/index.php?rest_route=\/wp\/v2\/types\/post"}],"author":[{"embeddable":true,"href":"https:\/\/www.hospitaldelinares.gob.cl\/index.php?rest_route=\/wp\/v2\/users\/14"}],"replies":[{"embeddable":true,"href":"https:\/\/www.hospitaldelinares.gob.cl\/index.php?rest_route=%2Fwp%2Fv2%2Fcomments&post=13345"}],"version-history":[{"count":2,"href":"https:\/\/www.hospitaldelinares.gob.cl\/index.php?rest_route=\/wp\/v2\/posts\/13345\/revisions"}],"predecessor-version":[{"id":13351,"href":"https:\/\/www.hospitaldelinares.gob.cl\/index.php?rest_route=\/wp\/v2\/posts\/13345\/revisions\/13351"}],"wp:attachment":[{"href":"https:\/\/www.hospitaldelinares.gob.cl\/index.php?rest_route=%2Fwp%2Fv2%2Fmedia&parent=13345"}],"wp:term":[{"taxonomy":"category","embeddable":true,"href":"https:\/\/www.hospitaldelinares.gob.cl\/index.php?rest_route=%2Fwp%2Fv2%2Fcategories&post=13345"},{"taxonomy":"post_tag","embeddable":true,"href":"https:\/\/www.hospitaldelinares.gob.cl\/index.php?rest_route=%2Fwp%2Fv2%2Ftags&post=13345"}],"curies":[{"name":"wp","href":"https:\/\/api.w.org\/{rel}","templated":true}]}}