{"id":13211,"date":"2024-01-23T07:40:44","date_gmt":"2024-01-23T11:40:44","guid":{"rendered":"https:\/\/www.hospitaldelinares.gob.cl\/?p=13211"},"modified":"2024-01-23T07:40:44","modified_gmt":"2024-01-23T11:40:44","slug":"poblacion-2022","status":"publish","type":"post","link":"https:\/\/www.hospitaldelinares.gob.cl\/?p=13211","title":{"rendered":"Poblaci\u00f3n 2022"},"content":{"rendered":"<p><a href=\"\/wp-content\/uploads\/2024\/01\/Poblacion-Proyectada-INE-2022-por-edades.xlsx\">Poblaci\u00f3n Proyectada INE 2022 por edades<\/a><\/p>\n<p><a href=\"\/wp-content\/uploads\/2024\/01\/Poblacion-Estimada-2022-Comunas-Costo-Fijo-basado-en-pob-bajo-control-sf.xlsx\">Poblaci\u00f3n Estimada 2022 Comunas Costo Fijo basado en pob bajo control sf<\/a><\/p>\n<p><a href=\"\/wp-content\/uploads\/2024\/01\/Poblacion-percapita-validada-septiembre-2021.xlsx\">Poblaci\u00f3n perc\u00e1pita validada septiembre 2021<\/a><\/p>\n","protected":false},"excerpt":{"rendered":"<p>Poblaci\u00f3n Proyectada INE 2022 por edades Poblaci\u00f3n Estimada 2022 Comunas Costo Fijo basado en pob bajo control sf Poblaci\u00f3n perc\u00e1pita validada septiembre 2021<\/p>\n","protected":false},"author":4,"featured_media":0,"comment_status":"closed","ping_status":"closed","sticky":false,"template":"","format":"standard","meta":{"footnotes":""},"categories":[53,104],"tags":[],"class_list":["post-13211","post","type-post","status-publish","format-standard","hentry","category-poblacion","category-poblacion_2022"],"_links":{"self":[{"href":"https:\/\/www.hospitaldelinares.gob.cl\/index.php?rest_route=\/wp\/v2\/posts\/13211","targetHints":{"allow":["GET"]}}],"collection":[{"href":"https:\/\/www.hospitaldelinares.gob.cl\/index.php?rest_route=\/wp\/v2\/posts"}],"about":[{"href":"https:\/\/www.hospitaldelinares.gob.cl\/index.php?rest_route=\/wp\/v2\/types\/post"}],"author":[{"embeddable":true,"href":"https:\/\/www.hospitaldelinares.gob.cl\/index.php?rest_route=\/wp\/v2\/users\/4"}],"replies":[{"embeddable":true,"href":"https:\/\/www.hospitaldelinares.gob.cl\/index.php?rest_route=%2Fwp%2Fv2%2Fcomments&post=13211"}],"version-history":[{"count":1,"href":"https:\/\/www.hospitaldelinares.gob.cl\/index.php?rest_route=\/wp\/v2\/posts\/13211\/revisions"}],"predecessor-version":[{"id":13215,"href":"https:\/\/www.hospitaldelinares.gob.cl\/index.php?rest_route=\/wp\/v2\/posts\/13211\/revisions\/13215"}],"wp:attachment":[{"href":"https:\/\/www.hospitaldelinares.gob.cl\/index.php?rest_route=%2Fwp%2Fv2%2Fmedia&parent=13211"}],"wp:term":[{"taxonomy":"category","embeddable":true,"href":"https:\/\/www.hospitaldelinares.gob.cl\/index.php?rest_route=%2Fwp%2Fv2%2Fcategories&post=13211"},{"taxonomy":"post_tag","embeddable":true,"href":"https:\/\/www.hospitaldelinares.gob.cl\/index.php?rest_route=%2Fwp%2Fv2%2Ftags&post=13211"}],"curies":[{"name":"wp","href":"https:\/\/api.w.org\/{rel}","templated":true}]}}