{"id":12996,"date":"2024-01-03T10:01:18","date_gmt":"2024-01-03T14:01:18","guid":{"rendered":"https:\/\/www.hospitaldelinares.gob.cl\/?p=12996"},"modified":"2024-01-03T10:01:18","modified_gmt":"2024-01-03T14:01:18","slug":"sebastian-es-el-nombre-del-primer-bebe-nacido-en-2024-en-el-hospital-de-linares","status":"publish","type":"post","link":"https:\/\/www.hospitaldelinares.gob.cl\/?p=12996","title":{"rendered":"Sebasti\u00e1n es el Nombre del Primer Beb\u00e9 Nacido en 2024 en el Hospital de Linares"},"content":{"rendered":"<p>A las 9:23 hrs del 1 de enero de este 2024, naci\u00f3 Sebasti\u00e1n con un peso de 3,68 kg y midi\u00f3 53 cm.<\/p>\n<p><img loading=\"lazy\" decoding=\"async\" class=\"size-medium wp-image-12997 aligncenter\" src=\"\/wp-content\/uploads\/2024\/01\/1er-Bebe-2024-3-427x320.jpg\" alt=\"\" width=\"427\" height=\"320\" srcset=\"https:\/\/www.hospitaldelinares.gob.cl\/wp-content\/uploads\/2024\/01\/1er-Bebe-2024-3-427x320.jpg 427w, https:\/\/www.hospitaldelinares.gob.cl\/wp-content\/uploads\/2024\/01\/1er-Bebe-2024-3.jpg 640w\" sizes=\"auto, (max-width: 427px) 100vw, 427px\" \/><\/p>\n<p>Junto a su madre Caren Mu\u00f1oz, Sebasti\u00e1n Fern\u00e1ndez Mu\u00f1oz recibi\u00f3 la visita de la delegada presidencial Aly Valderrama junto a la Matrona Supervisora Hellen Birchmeier, quienes le entregaron sus saludos y ahora regresar\u00e1n a su hogar camino San Juan, Linares, donde los esperan su familia para entregarles su amor y cari\u00f1o.<\/p>\n<p><img loading=\"lazy\" decoding=\"async\" class=\"size-medium wp-image-12998 aligncenter\" src=\"\/wp-content\/uploads\/2024\/01\/1er-Bebe-2024-2-481x320.jpg\" alt=\"\" width=\"481\" height=\"320\" srcset=\"https:\/\/www.hospitaldelinares.gob.cl\/wp-content\/uploads\/2024\/01\/1er-Bebe-2024-2-481x320.jpg 481w, https:\/\/www.hospitaldelinares.gob.cl\/wp-content\/uploads\/2024\/01\/1er-Bebe-2024-2.jpg 640w\" sizes=\"auto, (max-width: 481px) 100vw, 481px\" \/><\/p>\n<p>&nbsp;<\/p>\n<p><img loading=\"lazy\" decoding=\"async\" class=\"size-medium wp-image-12999 aligncenter\" src=\"\/wp-content\/uploads\/2024\/01\/1er-Bebe-2024-482x320.jpg\" alt=\"\" width=\"482\" height=\"320\" srcset=\"https:\/\/www.hospitaldelinares.gob.cl\/wp-content\/uploads\/2024\/01\/1er-Bebe-2024-482x320.jpg 482w, https:\/\/www.hospitaldelinares.gob.cl\/wp-content\/uploads\/2024\/01\/1er-Bebe-2024.jpg 640w\" sizes=\"auto, (max-width: 482px) 100vw, 482px\" \/><\/p>\n","protected":false},"excerpt":{"rendered":"<p>A las 9:23 hrs del 1 de enero de este 2024, naci\u00f3 Sebasti\u00e1n con un peso de 3,68 kg y midi\u00f3 53 cm. Junto a su madre Caren Mu\u00f1oz, Sebasti\u00e1n Fern\u00e1ndez Mu\u00f1oz recibi\u00f3 la visita [&hellip;]<\/p>\n","protected":false},"author":8,"featured_media":0,"comment_status":"closed","ping_status":"closed","sticky":false,"template":"","format":"standard","meta":{"footnotes":""},"categories":[5],"tags":[],"class_list":["post-12996","post","type-post","status-publish","format-standard","hentry","category-destacados"],"_links":{"self":[{"href":"https:\/\/www.hospitaldelinares.gob.cl\/index.php?rest_route=\/wp\/v2\/posts\/12996","targetHints":{"allow":["GET"]}}],"collection":[{"href":"https:\/\/www.hospitaldelinares.gob.cl\/index.php?rest_route=\/wp\/v2\/posts"}],"about":[{"href":"https:\/\/www.hospitaldelinares.gob.cl\/index.php?rest_route=\/wp\/v2\/types\/post"}],"author":[{"embeddable":true,"href":"https:\/\/www.hospitaldelinares.gob.cl\/index.php?rest_route=\/wp\/v2\/users\/8"}],"replies":[{"embeddable":true,"href":"https:\/\/www.hospitaldelinares.gob.cl\/index.php?rest_route=%2Fwp%2Fv2%2Fcomments&post=12996"}],"version-history":[{"count":1,"href":"https:\/\/www.hospitaldelinares.gob.cl\/index.php?rest_route=\/wp\/v2\/posts\/12996\/revisions"}],"predecessor-version":[{"id":13000,"href":"https:\/\/www.hospitaldelinares.gob.cl\/index.php?rest_route=\/wp\/v2\/posts\/12996\/revisions\/13000"}],"wp:attachment":[{"href":"https:\/\/www.hospitaldelinares.gob.cl\/index.php?rest_route=%2Fwp%2Fv2%2Fmedia&parent=12996"}],"wp:term":[{"taxonomy":"category","embeddable":true,"href":"https:\/\/www.hospitaldelinares.gob.cl\/index.php?rest_route=%2Fwp%2Fv2%2Fcategories&post=12996"},{"taxonomy":"post_tag","embeddable":true,"href":"https:\/\/www.hospitaldelinares.gob.cl\/index.php?rest_route=%2Fwp%2Fv2%2Ftags&post=12996"}],"curies":[{"name":"wp","href":"https:\/\/api.w.org\/{rel}","templated":true}]}}