{"id":12972,"date":"2023-12-21T08:57:39","date_gmt":"2023-12-21T12:57:39","guid":{"rendered":"https:\/\/www.hospitaldelinares.gob.cl\/?p=12972"},"modified":"2023-12-21T08:57:40","modified_gmt":"2023-12-21T12:57:40","slug":"plan-de-conciliacion-trabajo-familia-y-vida-personal-del-hospital-de-linares","status":"publish","type":"post","link":"https:\/\/www.hospitaldelinares.gob.cl\/?p=12972","title":{"rendered":"Plan de Conciliaci\u00f3n Trabajo, Familia y Vida Personal del Hospital de Linares."},"content":{"rendered":"<p>Este Plan de trabajo se enmarca en el compromiso institucional del Servicio de Salud del Maule de promover y desarrollar acciones orientadas a la conciliaci\u00f3n de la vida laboral y familiar, estableciendo Protocolo Conciliaci\u00f3n, Trabajo, Familia y Vida Personal mediante la Resoluci\u00f3n Exenta N\u00b0 378 de fecha 24 de enero 2023. En este contexto, el Hospital de Linares se adhiri\u00f3 al objetivo de promover medidas de conciliaci\u00f3n de la vida personal, familiar y laboral, generando acciones institucionales que permitan mantener el equilibrio y compatibilizaci\u00f3n de las diversas responsabilidades.<\/p>\n<p>&nbsp;<\/p>\n<p style=\"text-align: center;\"><strong><a href=\"\/wp-content\/uploads\/2023\/12\/Plan-Conciliacion-Trabajo-y-Familia-2023-H.-Linares.pdf\">Plan Conciliaci\u00f3n Trabajo y Familia &#8211; 2023 H. Linares<\/a><\/strong><\/p>\n","protected":false},"excerpt":{"rendered":"<p>Este Plan de trabajo se enmarca en el compromiso institucional del Servicio de Salud del Maule de promover y desarrollar acciones orientadas a la conciliaci\u00f3n de la vida laboral y familiar, estableciendo Protocolo Conciliaci\u00f3n, Trabajo, [&hellip;]<\/p>\n","protected":false},"author":14,"featured_media":0,"comment_status":"closed","ping_status":"closed","sticky":false,"template":"","format":"standard","meta":{"footnotes":""},"categories":[79,81],"tags":[],"class_list":["post-12972","post","type-post","status-publish","format-standard","hentry","category-_bienestar","category-_desarrolloorganizacional"],"_links":{"self":[{"href":"https:\/\/www.hospitaldelinares.gob.cl\/index.php?rest_route=\/wp\/v2\/posts\/12972","targetHints":{"allow":["GET"]}}],"collection":[{"href":"https:\/\/www.hospitaldelinares.gob.cl\/index.php?rest_route=\/wp\/v2\/posts"}],"about":[{"href":"https:\/\/www.hospitaldelinares.gob.cl\/index.php?rest_route=\/wp\/v2\/types\/post"}],"author":[{"embeddable":true,"href":"https:\/\/www.hospitaldelinares.gob.cl\/index.php?rest_route=\/wp\/v2\/users\/14"}],"replies":[{"embeddable":true,"href":"https:\/\/www.hospitaldelinares.gob.cl\/index.php?rest_route=%2Fwp%2Fv2%2Fcomments&post=12972"}],"version-history":[{"count":2,"href":"https:\/\/www.hospitaldelinares.gob.cl\/index.php?rest_route=\/wp\/v2\/posts\/12972\/revisions"}],"predecessor-version":[{"id":12980,"href":"https:\/\/www.hospitaldelinares.gob.cl\/index.php?rest_route=\/wp\/v2\/posts\/12972\/revisions\/12980"}],"wp:attachment":[{"href":"https:\/\/www.hospitaldelinares.gob.cl\/index.php?rest_route=%2Fwp%2Fv2%2Fmedia&parent=12972"}],"wp:term":[{"taxonomy":"category","embeddable":true,"href":"https:\/\/www.hospitaldelinares.gob.cl\/index.php?rest_route=%2Fwp%2Fv2%2Fcategories&post=12972"},{"taxonomy":"post_tag","embeddable":true,"href":"https:\/\/www.hospitaldelinares.gob.cl\/index.php?rest_route=%2Fwp%2Fv2%2Ftags&post=12972"}],"curies":[{"name":"wp","href":"https:\/\/api.w.org\/{rel}","templated":true}]}}