{"id":12947,"date":"2023-12-14T08:31:52","date_gmt":"2023-12-14T12:31:52","guid":{"rendered":"https:\/\/www.hospitaldelinares.gob.cl\/?p=12947"},"modified":"2023-12-14T15:12:54","modified_gmt":"2023-12-14T19:12:54","slug":"desarrollo-informatico-del-hospital-de-linares-destaco-en-jornada-de-buenas-practicas-laborales-del","status":"publish","type":"post","link":"https:\/\/www.hospitaldelinares.gob.cl\/?p=12947","title":{"rendered":"Desarrollo Inform\u00e1tico del Hospital de Linares Destac\u00f3 en Jornada de Buenas Pr\u00e1cticas Laborales del SSM"},"content":{"rendered":"<p><img loading=\"lazy\" decoding=\"async\" class=\"size-medium wp-image-12948 aligncenter\" src=\"\/wp-content\/uploads\/2023\/12\/Juan-Gutierrez-Christian-Fuentes-Julio-Tabilo-Nolasco-Perez-Roberto-Bachler-Julio-Hernandez-y-Evelyn-Cacares-427x320.jpg\" alt=\"\" width=\"427\" height=\"320\" srcset=\"https:\/\/www.hospitaldelinares.gob.cl\/wp-content\/uploads\/2023\/12\/Juan-Gutierrez-Christian-Fuentes-Julio-Tabilo-Nolasco-Perez-Roberto-Bachler-Julio-Hernandez-y-Evelyn-Cacares-427x320.jpg 427w, https:\/\/www.hospitaldelinares.gob.cl\/wp-content\/uploads\/2023\/12\/Juan-Gutierrez-Christian-Fuentes-Julio-Tabilo-Nolasco-Perez-Roberto-Bachler-Julio-Hernandez-y-Evelyn-Cacares.jpg 640w\" sizes=\"auto, (max-width: 427px) 100vw, 427px\" \/><\/p>\n<p>Se trata de las iniciativas \u00abDise\u00f1o e Implementaci\u00f3n de Sistema de Vi\u00e1ticos\u00bb y \u00abSistema de Contrataci\u00f3n de Honorarios a Suma Alzada\u00bb<\/p>\n<p>En la tercera jornada de Buenas Pr\u00e1cticas Laborales que realiza el Servicio de Salud Maule, donde participan hospitales, centros de atenci\u00f3n primaria, junto a la comunidad y agrupaciones gremiales, participaron diversas pr\u00e1cticas con la intenci\u00f3n de poder replicarlas a nivel de red de salud maule.<\/p>\n<p>En la oportunidad se reconoci\u00f3 el trabajo del equipo de Tecnolog\u00edas de la Informaci\u00f3n TIC en conjunto con la Unidad Gesti\u00f3n de las Personas de nuestro hospital.<\/p>\n<p>Ambas iniciativas tienen directa relaci\u00f3n con la mejora de los procesos internos del centro asistencial:<\/p>\n<p><strong>\u00abDise\u00f1o e Implementaci\u00f3n de Sistema de Vi\u00e1ticos\u00bb<\/strong>, su objetivo es optimizar el proceso de generaci\u00f3n de vi\u00e1ticos del establecimiento, reduciendo los tiempos de validaci\u00f3n y tramitaci\u00f3n para el pago oportuno.<\/p>\n<p><strong>\u00abSistema de Contrataci\u00f3n de Honorarios a Suma Alzada\u00bb<\/strong>, su objetivo es modernizar el proceso de contrataci\u00f3n de honorarios a suma alzada, para optimizar los tiempos de ejecuci\u00f3n y minimizar los errores en la generaci\u00f3n de solicitudes, resoluciones y contratos.<\/p>\n\n\t\t<style type=\"text\/css\">\n\t\t\t#gallery-1 {\n\t\t\t\tmargin: auto;\n\t\t\t}\n\t\t\t#gallery-1 .gallery-item {\n\t\t\t\tfloat: left;\n\t\t\t\tmargin-top: 10px;\n\t\t\t\ttext-align: center;\n\t\t\t\twidth: 33%;\n\t\t\t}\n\t\t\t#gallery-1 img {\n\t\t\t\tborder: 2px solid #cfcfcf;\n\t\t\t}\n\t\t\t#gallery-1 .gallery-caption {\n\t\t\t\tmargin-left: 0;\n\t\t\t}\n\t\t\t\/* see gallery_shortcode() in wp-includes\/media.php *\/\n\t\t<\/style>\n\t\t<div id='gallery-1' class='gallery galleryid-12947 gallery-columns-3 gallery-size-thumbnail'><dl class='gallery-item'>\n\t\t\t<dt class='gallery-icon landscape'>\n\t\t\t\t<a href='\/wp-content\/uploads\/2023\/12\/Evelyn-Caceres-recibiendo-reconocimiento.jpg' rel=\"lightbox[12947]\"><img loading=\"lazy\" decoding=\"async\" width=\"150\" height=\"150\" src=\"\/wp-content\/uploads\/2023\/12\/Evelyn-Caceres-recibiendo-reconocimiento-150x150.jpg\" class=\"attachment-thumbnail size-thumbnail\" alt=\"\" \/><\/a>\n\t\t\t<\/dt><\/dl><dl class='gallery-item'>\n\t\t\t<dt class='gallery-icon portrait'>\n\t\t\t\t<a href='\/wp-content\/uploads\/2023\/12\/Evelyn-Caceres-y-Julio-Hernandez-presentando-iniciativa-de-contratro-de-honorarios.jpg' rel=\"lightbox[12947]\"><img loading=\"lazy\" decoding=\"async\" width=\"150\" height=\"150\" src=\"\/wp-content\/uploads\/2023\/12\/Evelyn-Caceres-y-Julio-Hernandez-presentando-iniciativa-de-contratro-de-honorarios-150x150.jpg\" class=\"attachment-thumbnail size-thumbnail\" alt=\"\" \/><\/a>\n\t\t\t<\/dt><\/dl><dl class='gallery-item'>\n\t\t\t<dt class='gallery-icon landscape'>\n\t\t\t\t<a href='\/wp-content\/uploads\/2023\/12\/Julio-Tabilo-recibiendo-reconocimiento.jpg' rel=\"lightbox[12947]\"><img loading=\"lazy\" decoding=\"async\" width=\"150\" height=\"150\" src=\"\/wp-content\/uploads\/2023\/12\/Julio-Tabilo-recibiendo-reconocimiento-150x150.jpg\" class=\"attachment-thumbnail size-thumbnail\" alt=\"\" \/><\/a>\n\t\t\t<\/dt><\/dl><br style=\"clear: both\" \/><dl class='gallery-item'>\n\t\t\t<dt class='gallery-icon portrait'>\n\t\t\t\t<a href='\/wp-content\/uploads\/2023\/12\/Julio-Tabilo-y-Christian-Fuentes-presentando-iniciativa-de-viaticos.jpg' rel=\"lightbox[12947]\"><img loading=\"lazy\" decoding=\"async\" width=\"150\" height=\"150\" src=\"\/wp-content\/uploads\/2023\/12\/Julio-Tabilo-y-Christian-Fuentes-presentando-iniciativa-de-viaticos-150x150.jpg\" class=\"attachment-thumbnail size-thumbnail\" alt=\"\" \/><\/a>\n\t\t\t<\/dt><\/dl>\n\t\t\t<br style='clear: both' \/>\n\t\t<\/div>\n\n","protected":false},"excerpt":{"rendered":"<p>Se trata de las iniciativas \u00abDise\u00f1o e Implementaci\u00f3n de Sistema de Vi\u00e1ticos\u00bb y \u00abSistema de Contrataci\u00f3n de Honorarios a Suma Alzada\u00bb En la tercera jornada de Buenas Pr\u00e1cticas Laborales que realiza el Servicio de Salud [&hellip;]<\/p>\n","protected":false},"author":8,"featured_media":0,"comment_status":"closed","ping_status":"closed","sticky":false,"template":"","format":"standard","meta":{"footnotes":""},"categories":[5],"tags":[],"class_list":["post-12947","post","type-post","status-publish","format-standard","hentry","category-destacados"],"_links":{"self":[{"href":"https:\/\/www.hospitaldelinares.gob.cl\/index.php?rest_route=\/wp\/v2\/posts\/12947","targetHints":{"allow":["GET"]}}],"collection":[{"href":"https:\/\/www.hospitaldelinares.gob.cl\/index.php?rest_route=\/wp\/v2\/posts"}],"about":[{"href":"https:\/\/www.hospitaldelinares.gob.cl\/index.php?rest_route=\/wp\/v2\/types\/post"}],"author":[{"embeddable":true,"href":"https:\/\/www.hospitaldelinares.gob.cl\/index.php?rest_route=\/wp\/v2\/users\/8"}],"replies":[{"embeddable":true,"href":"https:\/\/www.hospitaldelinares.gob.cl\/index.php?rest_route=%2Fwp%2Fv2%2Fcomments&post=12947"}],"version-history":[{"count":2,"href":"https:\/\/www.hospitaldelinares.gob.cl\/index.php?rest_route=\/wp\/v2\/posts\/12947\/revisions"}],"predecessor-version":[{"id":12956,"href":"https:\/\/www.hospitaldelinares.gob.cl\/index.php?rest_route=\/wp\/v2\/posts\/12947\/revisions\/12956"}],"wp:attachment":[{"href":"https:\/\/www.hospitaldelinares.gob.cl\/index.php?rest_route=%2Fwp%2Fv2%2Fmedia&parent=12947"}],"wp:term":[{"taxonomy":"category","embeddable":true,"href":"https:\/\/www.hospitaldelinares.gob.cl\/index.php?rest_route=%2Fwp%2Fv2%2Fcategories&post=12947"},{"taxonomy":"post_tag","embeddable":true,"href":"https:\/\/www.hospitaldelinares.gob.cl\/index.php?rest_route=%2Fwp%2Fv2%2Ftags&post=12947"}],"curies":[{"name":"wp","href":"https:\/\/api.w.org\/{rel}","templated":true}]}}