{"id":12906,"date":"2023-12-01T09:56:30","date_gmt":"2023-12-01T13:56:30","guid":{"rendered":"https:\/\/www.hospitaldelinares.gob.cl\/?p=12906"},"modified":"2023-12-01T09:56:30","modified_gmt":"2023-12-01T13:56:30","slug":"con-exito-se-llevo-a-cabo-la-ii-jornada-de-diabetes-en-linares","status":"publish","type":"post","link":"https:\/\/www.hospitaldelinares.gob.cl\/?p=12906","title":{"rendered":"Con \u00c9xito se Llev\u00f3 a Cabo la II Jornada de Diabetes en Linares"},"content":{"rendered":"<p>Enmarcada en el mes de la diabetes la iniciativa invit\u00f3 a equipos de salud y unidades de diabetes de los distintos centros de salud p\u00fablicos de la regi\u00f3n, para abordar cuidados y tratamientos de los pacientes<\/p>\n<p><img loading=\"lazy\" decoding=\"async\" class=\"size-medium wp-image-12907 aligncenter\" src=\"\/wp-content\/uploads\/2023\/12\/II-Jornada-de-diabetes-447x320.jpg\" alt=\"\" width=\"447\" height=\"320\" srcset=\"https:\/\/www.hospitaldelinares.gob.cl\/wp-content\/uploads\/2023\/12\/II-Jornada-de-diabetes-447x320.jpg 447w, https:\/\/www.hospitaldelinares.gob.cl\/wp-content\/uploads\/2023\/12\/II-Jornada-de-diabetes.jpg 640w\" sizes=\"auto, (max-width: 447px) 100vw, 447px\" \/><\/p>\n<p>El hospital de Linares en conjunto con la U Aut\u00f3noma y el patrocinio de los laboratorios Abbott, Novo Nordisk y Tecnofarma desarroll\u00f3 la instancia en que expusieron los profesionales m\u00e9dicos Dr. Crist\u00f3bal Campos, endocrin\u00f3logo, Dr. Igor Dlujnewsky, medicina interna del centro asistencial linarense, Dr. David Sanhueza Medicina Interna, Hospital el Pino. San Bernardo y la Enfermera Erika Duarte experta en cuidados de paciente diab\u00e9tico.<\/p>\n<p>Las exposiciones de la jornada fueron:<\/p>\n<p>\u00abTransformando la atenci\u00f3n en diabetes: Descubriendo el poder de las insulinas an\u00e1logas y su impacto en la experiencia cl\u00ednica\u201d<\/p>\n<p>\u201cAR GLP-1: La nueva frontera en el tratamiento de la diabetes\u201d<\/p>\n<p>\u201cPrograma Educativo en Personas con Diabetes\u201d<\/p>\n<p>\u201cUso de monitoreo continuo como tratamiento, m\u00e1s que s\u00f3lo una manera de controlar la glicemia\u201d<\/p>\n\n\t\t<style type=\"text\/css\">\n\t\t\t#gallery-1 {\n\t\t\t\tmargin: auto;\n\t\t\t}\n\t\t\t#gallery-1 .gallery-item {\n\t\t\t\tfloat: left;\n\t\t\t\tmargin-top: 10px;\n\t\t\t\ttext-align: center;\n\t\t\t\twidth: 33%;\n\t\t\t}\n\t\t\t#gallery-1 img {\n\t\t\t\tborder: 2px solid #cfcfcf;\n\t\t\t}\n\t\t\t#gallery-1 .gallery-caption {\n\t\t\t\tmargin-left: 0;\n\t\t\t}\n\t\t\t\/* see gallery_shortcode() in wp-includes\/media.php *\/\n\t\t<\/style>\n\t\t<div id='gallery-1' class='gallery galleryid-12906 gallery-columns-3 gallery-size-thumbnail'><dl class='gallery-item'>\n\t\t\t<dt class='gallery-icon landscape'>\n\t\t\t\t<a href='https:\/\/www.hospitaldelinares.gob.cl\/?attachment_id=12908'><img loading=\"lazy\" decoding=\"async\" width=\"150\" height=\"150\" src=\"\/wp-content\/uploads\/2023\/12\/II-Jornada-de-diabetes-1-150x150.jpg\" class=\"attachment-thumbnail size-thumbnail\" alt=\"\" \/><\/a>\n\t\t\t<\/dt><\/dl><dl class='gallery-item'>\n\t\t\t<dt class='gallery-icon landscape'>\n\t\t\t\t<a href='https:\/\/www.hospitaldelinares.gob.cl\/?attachment_id=12909'><img loading=\"lazy\" decoding=\"async\" width=\"150\" height=\"150\" src=\"\/wp-content\/uploads\/2023\/12\/II-Jornada-de-diabetes-2-150x150.jpg\" class=\"attachment-thumbnail size-thumbnail\" alt=\"\" \/><\/a>\n\t\t\t<\/dt><\/dl><dl class='gallery-item'>\n\t\t\t<dt class='gallery-icon landscape'>\n\t\t\t\t<a href='https:\/\/www.hospitaldelinares.gob.cl\/?attachment_id=12910'><img loading=\"lazy\" decoding=\"async\" width=\"150\" height=\"150\" src=\"\/wp-content\/uploads\/2023\/12\/II-Jornada-de-diabetes-3-150x150.jpg\" class=\"attachment-thumbnail size-thumbnail\" alt=\"\" \/><\/a>\n\t\t\t<\/dt><\/dl><br style=\"clear: both\" \/><dl class='gallery-item'>\n\t\t\t<dt class='gallery-icon landscape'>\n\t\t\t\t<a href='https:\/\/www.hospitaldelinares.gob.cl\/?attachment_id=12911'><img loading=\"lazy\" decoding=\"async\" width=\"150\" height=\"150\" src=\"\/wp-content\/uploads\/2023\/12\/II-Jornada-de-diabetes-4-150x150.jpg\" class=\"attachment-thumbnail size-thumbnail\" alt=\"\" \/><\/a>\n\t\t\t<\/dt><\/dl>\n\t\t\t<br style='clear: both' \/>\n\t\t<\/div>\n\n","protected":false},"excerpt":{"rendered":"<p>Enmarcada en el mes de la diabetes la iniciativa invit\u00f3 a equipos de salud y unidades de diabetes de los distintos centros de salud p\u00fablicos de la regi\u00f3n, para abordar cuidados y tratamientos de los [&hellip;]<\/p>\n","protected":false},"author":8,"featured_media":0,"comment_status":"closed","ping_status":"closed","sticky":false,"template":"","format":"standard","meta":{"footnotes":""},"categories":[5],"tags":[],"class_list":["post-12906","post","type-post","status-publish","format-standard","hentry","category-destacados"],"_links":{"self":[{"href":"https:\/\/www.hospitaldelinares.gob.cl\/index.php?rest_route=\/wp\/v2\/posts\/12906","targetHints":{"allow":["GET"]}}],"collection":[{"href":"https:\/\/www.hospitaldelinares.gob.cl\/index.php?rest_route=\/wp\/v2\/posts"}],"about":[{"href":"https:\/\/www.hospitaldelinares.gob.cl\/index.php?rest_route=\/wp\/v2\/types\/post"}],"author":[{"embeddable":true,"href":"https:\/\/www.hospitaldelinares.gob.cl\/index.php?rest_route=\/wp\/v2\/users\/8"}],"replies":[{"embeddable":true,"href":"https:\/\/www.hospitaldelinares.gob.cl\/index.php?rest_route=%2Fwp%2Fv2%2Fcomments&post=12906"}],"version-history":[{"count":1,"href":"https:\/\/www.hospitaldelinares.gob.cl\/index.php?rest_route=\/wp\/v2\/posts\/12906\/revisions"}],"predecessor-version":[{"id":12912,"href":"https:\/\/www.hospitaldelinares.gob.cl\/index.php?rest_route=\/wp\/v2\/posts\/12906\/revisions\/12912"}],"wp:attachment":[{"href":"https:\/\/www.hospitaldelinares.gob.cl\/index.php?rest_route=%2Fwp%2Fv2%2Fmedia&parent=12906"}],"wp:term":[{"taxonomy":"category","embeddable":true,"href":"https:\/\/www.hospitaldelinares.gob.cl\/index.php?rest_route=%2Fwp%2Fv2%2Fcategories&post=12906"},{"taxonomy":"post_tag","embeddable":true,"href":"https:\/\/www.hospitaldelinares.gob.cl\/index.php?rest_route=%2Fwp%2Fv2%2Ftags&post=12906"}],"curies":[{"name":"wp","href":"https:\/\/api.w.org\/{rel}","templated":true}]}}