{"id":12896,"date":"2023-11-28T11:32:20","date_gmt":"2023-11-28T15:32:20","guid":{"rendered":"https:\/\/www.hospitaldelinares.gob.cl\/?p=12896"},"modified":"2023-11-28T11:40:12","modified_gmt":"2023-11-28T15:40:12","slug":"bases-concurso-fotografico-navidad-en-familia-del-hospital-de-linares","status":"publish","type":"post","link":"https:\/\/www.hospitaldelinares.gob.cl\/?p=12896","title":{"rendered":"Bases Concurso Fotogr\u00e1fico \u00abNavidad en Familia\u00bb del Hospital de Linares"},"content":{"rendered":"<h2 style=\"text-align: center;\">Para no olvidar que la Navidad es m\u00e1s que regalos, invitamos a todos los funcionarios y funcionarias del Hospital de Linares a presentar a sus familias, de origen o elegidas, a trav\u00e9s de una fotograf\u00eda de tem\u00e1tica de festividades de fin de a\u00f1o que muestre su alegr\u00eda, creatividad y esp\u00edritu festivo.<\/h2>\n<h2 style=\"text-align: center;\">\u00a1\u00a1\u00a1Todas las familias son \u00fanicas y queremos conocer la tuya!!!<\/h2>\n<h2 style=\"text-align: center;\">En el siguiente enlace descarga las bases del concurso.<\/h2>\n<h3 style=\"text-align: center;\"><em><a href=\"\/wp-content\/uploads\/2023\/11\/Bases-concurso-fotografico-2023.pdf\">Enlace: Bases concurso fotogr\u00e1fico 2023 (haga clic aqu\u00ed)<\/a><\/em><\/h3>\n<p style=\"text-align: center;\">\n","protected":false},"excerpt":{"rendered":"<p>Para no olvidar que la Navidad es m\u00e1s que regalos, invitamos a todos los funcionarios y funcionarias del Hospital de Linares a presentar a sus familias, de origen o elegidas, a trav\u00e9s de una fotograf\u00eda [&hellip;]<\/p>\n","protected":false},"author":14,"featured_media":0,"comment_status":"closed","ping_status":"closed","sticky":false,"template":"","format":"standard","meta":{"footnotes":""},"categories":[79,81],"tags":[],"class_list":["post-12896","post","type-post","status-publish","format-standard","hentry","category-_bienestar","category-_desarrolloorganizacional"],"_links":{"self":[{"href":"https:\/\/www.hospitaldelinares.gob.cl\/index.php?rest_route=\/wp\/v2\/posts\/12896","targetHints":{"allow":["GET"]}}],"collection":[{"href":"https:\/\/www.hospitaldelinares.gob.cl\/index.php?rest_route=\/wp\/v2\/posts"}],"about":[{"href":"https:\/\/www.hospitaldelinares.gob.cl\/index.php?rest_route=\/wp\/v2\/types\/post"}],"author":[{"embeddable":true,"href":"https:\/\/www.hospitaldelinares.gob.cl\/index.php?rest_route=\/wp\/v2\/users\/14"}],"replies":[{"embeddable":true,"href":"https:\/\/www.hospitaldelinares.gob.cl\/index.php?rest_route=%2Fwp%2Fv2%2Fcomments&post=12896"}],"version-history":[{"count":5,"href":"https:\/\/www.hospitaldelinares.gob.cl\/index.php?rest_route=\/wp\/v2\/posts\/12896\/revisions"}],"predecessor-version":[{"id":12902,"href":"https:\/\/www.hospitaldelinares.gob.cl\/index.php?rest_route=\/wp\/v2\/posts\/12896\/revisions\/12902"}],"wp:attachment":[{"href":"https:\/\/www.hospitaldelinares.gob.cl\/index.php?rest_route=%2Fwp%2Fv2%2Fmedia&parent=12896"}],"wp:term":[{"taxonomy":"category","embeddable":true,"href":"https:\/\/www.hospitaldelinares.gob.cl\/index.php?rest_route=%2Fwp%2Fv2%2Fcategories&post=12896"},{"taxonomy":"post_tag","embeddable":true,"href":"https:\/\/www.hospitaldelinares.gob.cl\/index.php?rest_route=%2Fwp%2Fv2%2Ftags&post=12896"}],"curies":[{"name":"wp","href":"https:\/\/api.w.org\/{rel}","templated":true}]}}