{"id":12885,"date":"2023-11-23T14:31:45","date_gmt":"2023-11-23T18:31:45","guid":{"rendered":"https:\/\/www.hospitaldelinares.gob.cl\/?p=12885"},"modified":"2023-11-23T14:31:45","modified_gmt":"2023-11-23T18:31:45","slug":"voluntariado-e-iglesias-participaron-de-jornada-acompanando-y-humanizando-en-el-corazon-de-nuestros-","status":"publish","type":"post","link":"https:\/\/www.hospitaldelinares.gob.cl\/?p=12885","title":{"rendered":"Voluntariado e Iglesias Participaron de Jornada \u201cAcompa\u00f1ando y Humanizando en el Coraz\u00f3n de Nuestros Usuarios\u201d"},"content":{"rendered":"<p><img loading=\"lazy\" decoding=\"async\" class=\"size-medium wp-image-12886 aligncenter\" src=\"\/wp-content\/uploads\/2023\/11\/Capacitacion-Voluntariado-HBL-590x320.jpg\" alt=\"\" width=\"590\" height=\"320\" srcset=\"https:\/\/www.hospitaldelinares.gob.cl\/wp-content\/uploads\/2023\/11\/Capacitacion-Voluntariado-HBL-590x320.jpg 590w, https:\/\/www.hospitaldelinares.gob.cl\/wp-content\/uploads\/2023\/11\/Capacitacion-Voluntariado-HBL.jpg 640w\" sizes=\"auto, (max-width: 590px) 100vw, 590px\" \/><\/p>\n<p>Los participantes conocieron e interactuaron con profesionales del hospital de Linares en temas de inter\u00e9s para la colaboraci\u00f3n, apoyo y asistencia al paciente<\/p>\n<p>&nbsp;<\/p>\n<p>La instancia organizada por la Unidad de Acompa\u00f1amiento Espiritual del centro asistencial busca acercar los trabajos colaborativos con las instituciones voluntarias en distintas \u00e1reas de servicios y es as\u00ed como trataron temas de:<\/p>\n<ul>\n<li>Inducci\u00f3n institucional en Emergencia y Desastre<\/li>\n<li>Incorporando al voluntariado a la prevenci\u00f3n de Infecciones Asociada a la Atenci\u00f3n en Salud (IASS)<\/li>\n<li>Duelo y relaci\u00f3n de ayuda<\/li>\n<li>Acompa\u00f1amiento espiritual y humanizaci\u00f3n en el coraz\u00f3n en nuestros usuarios<\/li>\n<li>Autonom\u00eda del adulto mayor<\/li>\n<\/ul>\n<p>Blanca Reyes, encargada de la Unidad de Acompa\u00f1amiento Espiritual, agradeci\u00f3 la asistencia de las organizaciones entre las que estuvieron presentes Pastorales de iglesias, damas de colores y otras agrupaciones, quienes refuerzan su compromiso con los usuarios del establecimiento de salud.<\/p>\n<p><img loading=\"lazy\" decoding=\"async\" class=\"alignnone size-medium wp-image-12887\" src=\"\/wp-content\/uploads\/2023\/11\/Capacitacion-Voluntariado-HBL-82-481x320.jpg\" alt=\"\" width=\"481\" height=\"320\" srcset=\"https:\/\/www.hospitaldelinares.gob.cl\/wp-content\/uploads\/2023\/11\/Capacitacion-Voluntariado-HBL-82-481x320.jpg 481w, https:\/\/www.hospitaldelinares.gob.cl\/wp-content\/uploads\/2023\/11\/Capacitacion-Voluntariado-HBL-82.jpg 640w\" sizes=\"auto, (max-width: 481px) 100vw, 481px\" \/> <img loading=\"lazy\" decoding=\"async\" class=\"alignnone size-medium wp-image-12888\" src=\"\/wp-content\/uploads\/2023\/11\/Capacitacion-Voluntariado-HBL-11-1-481x320.jpg\" alt=\"\" width=\"481\" height=\"320\" srcset=\"https:\/\/www.hospitaldelinares.gob.cl\/wp-content\/uploads\/2023\/11\/Capacitacion-Voluntariado-HBL-11-1-481x320.jpg 481w, https:\/\/www.hospitaldelinares.gob.cl\/wp-content\/uploads\/2023\/11\/Capacitacion-Voluntariado-HBL-11-1.jpg 640w\" sizes=\"auto, (max-width: 481px) 100vw, 481px\" \/> <img loading=\"lazy\" decoding=\"async\" class=\"alignnone size-medium wp-image-12889\" src=\"\/wp-content\/uploads\/2023\/11\/Capacitacion-Voluntariado-HBL-233-481x320.jpg\" alt=\"\" width=\"481\" height=\"320\" srcset=\"https:\/\/www.hospitaldelinares.gob.cl\/wp-content\/uploads\/2023\/11\/Capacitacion-Voluntariado-HBL-233-481x320.jpg 481w, https:\/\/www.hospitaldelinares.gob.cl\/wp-content\/uploads\/2023\/11\/Capacitacion-Voluntariado-HBL-233.jpg 640w\" sizes=\"auto, (max-width: 481px) 100vw, 481px\" \/><\/p>\n","protected":false},"excerpt":{"rendered":"<p>Los participantes conocieron e interactuaron con profesionales del hospital de Linares en temas de inter\u00e9s para la colaboraci\u00f3n, apoyo y asistencia al paciente &nbsp; La instancia organizada por la Unidad de Acompa\u00f1amiento Espiritual del centro [&hellip;]<\/p>\n","protected":false},"author":8,"featured_media":0,"comment_status":"closed","ping_status":"closed","sticky":false,"template":"","format":"standard","meta":{"footnotes":""},"categories":[5],"tags":[],"class_list":["post-12885","post","type-post","status-publish","format-standard","hentry","category-destacados"],"_links":{"self":[{"href":"https:\/\/www.hospitaldelinares.gob.cl\/index.php?rest_route=\/wp\/v2\/posts\/12885","targetHints":{"allow":["GET"]}}],"collection":[{"href":"https:\/\/www.hospitaldelinares.gob.cl\/index.php?rest_route=\/wp\/v2\/posts"}],"about":[{"href":"https:\/\/www.hospitaldelinares.gob.cl\/index.php?rest_route=\/wp\/v2\/types\/post"}],"author":[{"embeddable":true,"href":"https:\/\/www.hospitaldelinares.gob.cl\/index.php?rest_route=\/wp\/v2\/users\/8"}],"replies":[{"embeddable":true,"href":"https:\/\/www.hospitaldelinares.gob.cl\/index.php?rest_route=%2Fwp%2Fv2%2Fcomments&post=12885"}],"version-history":[{"count":1,"href":"https:\/\/www.hospitaldelinares.gob.cl\/index.php?rest_route=\/wp\/v2\/posts\/12885\/revisions"}],"predecessor-version":[{"id":12890,"href":"https:\/\/www.hospitaldelinares.gob.cl\/index.php?rest_route=\/wp\/v2\/posts\/12885\/revisions\/12890"}],"wp:attachment":[{"href":"https:\/\/www.hospitaldelinares.gob.cl\/index.php?rest_route=%2Fwp%2Fv2%2Fmedia&parent=12885"}],"wp:term":[{"taxonomy":"category","embeddable":true,"href":"https:\/\/www.hospitaldelinares.gob.cl\/index.php?rest_route=%2Fwp%2Fv2%2Fcategories&post=12885"},{"taxonomy":"post_tag","embeddable":true,"href":"https:\/\/www.hospitaldelinares.gob.cl\/index.php?rest_route=%2Fwp%2Fv2%2Ftags&post=12885"}],"curies":[{"name":"wp","href":"https:\/\/api.w.org\/{rel}","templated":true}]}}