{"id":12850,"date":"2023-11-10T11:29:37","date_gmt":"2023-11-10T15:29:37","guid":{"rendered":"https:\/\/www.hospitaldelinares.gob.cl\/?p=12850"},"modified":"2023-11-10T11:30:11","modified_gmt":"2023-11-10T15:30:11","slug":"enfermeria-del-cr-quirurgico-se-capacitan-en-manejo-de-paciente-quemado-heridas-y-ulceras","status":"publish","type":"post","link":"https:\/\/www.hospitaldelinares.gob.cl\/?p=12850","title":{"rendered":"Enfermer\u00eda del CR Quir\u00fargico se Capacita en \u00abManejo de Paciente Quemado, Heridas y \u00dalceras\u00bb"},"content":{"rendered":"<p><img loading=\"lazy\" decoding=\"async\" class=\"size-full wp-image-12851 aligncenter\" src=\"\/wp-content\/uploads\/2023\/11\/Capacitacion-Quemaduras-Enfermeria-2.jpg\" alt=\"\" width=\"640\" height=\"288\" \/><\/p>\n<p>La iniciativa tuvo por objeto fortalecer conocimientos y perfeccionarse en curaciones avanzadas para entregar una atenci\u00f3n de calidad a nuestros usuarios.<\/p>\n<p>Gracias a la alianza y coordinaci\u00f3n con la Corporaci\u00f3n de Ayuda al Ni\u00f1o Quemado COANIQUEM, estuvieron presentes Claudia Ramirez, Enfermera Pdta. de la Sociedad Cient\u00edfica Chilena, junto a Karen Perez, Enfermera Coordinadora ambas de COANIQUEM, expertas en quemados y curaciones.<\/p>\n<p><img loading=\"lazy\" decoding=\"async\" class=\"size-medium wp-image-12852 aligncenter\" src=\"\/wp-content\/uploads\/2023\/11\/Capacitacion-Quemaduras-Enfermeria-3-473x320.jpg\" alt=\"\" width=\"473\" height=\"320\" srcset=\"https:\/\/www.hospitaldelinares.gob.cl\/wp-content\/uploads\/2023\/11\/Capacitacion-Quemaduras-Enfermeria-3-473x320.jpg 473w, https:\/\/www.hospitaldelinares.gob.cl\/wp-content\/uploads\/2023\/11\/Capacitacion-Quemaduras-Enfermeria-3.jpg 640w\" sizes=\"auto, (max-width: 473px) 100vw, 473px\" \/><\/p>\n<p><img loading=\"lazy\" decoding=\"async\" class=\"size-medium wp-image-12853 aligncenter\" src=\"\/wp-content\/uploads\/2023\/11\/Capacitacion-Quemaduras-Enfermeria-1-319x320.jpg\" alt=\"\" width=\"319\" height=\"320\" srcset=\"https:\/\/www.hospitaldelinares.gob.cl\/wp-content\/uploads\/2023\/11\/Capacitacion-Quemaduras-Enfermeria-1-319x320.jpg 319w, https:\/\/www.hospitaldelinares.gob.cl\/wp-content\/uploads\/2023\/11\/Capacitacion-Quemaduras-Enfermeria-1-150x150.jpg 150w, https:\/\/www.hospitaldelinares.gob.cl\/wp-content\/uploads\/2023\/11\/Capacitacion-Quemaduras-Enfermeria-1.jpg 640w\" sizes=\"auto, (max-width: 319px) 100vw, 319px\" \/><\/p>\n","protected":false},"excerpt":{"rendered":"<p>La iniciativa tuvo por objeto fortalecer conocimientos y perfeccionarse en curaciones avanzadas para entregar una atenci\u00f3n de calidad a nuestros usuarios. Gracias a la alianza y coordinaci\u00f3n con la Corporaci\u00f3n de Ayuda al Ni\u00f1o Quemado [&hellip;]<\/p>\n","protected":false},"author":8,"featured_media":0,"comment_status":"closed","ping_status":"closed","sticky":false,"template":"","format":"standard","meta":{"footnotes":""},"categories":[5],"tags":[],"class_list":["post-12850","post","type-post","status-publish","format-standard","hentry","category-destacados"],"_links":{"self":[{"href":"https:\/\/www.hospitaldelinares.gob.cl\/index.php?rest_route=\/wp\/v2\/posts\/12850","targetHints":{"allow":["GET"]}}],"collection":[{"href":"https:\/\/www.hospitaldelinares.gob.cl\/index.php?rest_route=\/wp\/v2\/posts"}],"about":[{"href":"https:\/\/www.hospitaldelinares.gob.cl\/index.php?rest_route=\/wp\/v2\/types\/post"}],"author":[{"embeddable":true,"href":"https:\/\/www.hospitaldelinares.gob.cl\/index.php?rest_route=\/wp\/v2\/users\/8"}],"replies":[{"embeddable":true,"href":"https:\/\/www.hospitaldelinares.gob.cl\/index.php?rest_route=%2Fwp%2Fv2%2Fcomments&post=12850"}],"version-history":[{"count":2,"href":"https:\/\/www.hospitaldelinares.gob.cl\/index.php?rest_route=\/wp\/v2\/posts\/12850\/revisions"}],"predecessor-version":[{"id":12855,"href":"https:\/\/www.hospitaldelinares.gob.cl\/index.php?rest_route=\/wp\/v2\/posts\/12850\/revisions\/12855"}],"wp:attachment":[{"href":"https:\/\/www.hospitaldelinares.gob.cl\/index.php?rest_route=%2Fwp%2Fv2%2Fmedia&parent=12850"}],"wp:term":[{"taxonomy":"category","embeddable":true,"href":"https:\/\/www.hospitaldelinares.gob.cl\/index.php?rest_route=%2Fwp%2Fv2%2Fcategories&post=12850"},{"taxonomy":"post_tag","embeddable":true,"href":"https:\/\/www.hospitaldelinares.gob.cl\/index.php?rest_route=%2Fwp%2Fv2%2Ftags&post=12850"}],"curies":[{"name":"wp","href":"https:\/\/api.w.org\/{rel}","templated":true}]}}