{"id":12828,"date":"2023-11-08T08:56:16","date_gmt":"2023-11-08T12:56:16","guid":{"rendered":"https:\/\/www.hospitaldelinares.gob.cl\/?p=12828"},"modified":"2023-11-08T08:56:16","modified_gmt":"2023-11-08T12:56:16","slug":"funcionarios-del-hbl-participaron-en-capacitacion-actualizacion-en-problemas-de-salud-ges-ley-19-966","status":"publish","type":"post","link":"https:\/\/www.hospitaldelinares.gob.cl\/?p=12828","title":{"rendered":"Funcionarios del HBL Participaron en Capacitaci\u00f3n  \u00abActualizaci\u00f3n en Problemas de Salud GES, Ley 19.966.\u00bb"},"content":{"rendered":"<p><img loading=\"lazy\" decoding=\"async\" class=\"size-medium wp-image-12829 aligncenter\" src=\"\/wp-content\/uploads\/2023\/11\/Capacitacion-GES-4-427x320.jpg\" alt=\"\" width=\"427\" height=\"320\" srcset=\"https:\/\/www.hospitaldelinares.gob.cl\/wp-content\/uploads\/2023\/11\/Capacitacion-GES-4-427x320.jpg 427w, https:\/\/www.hospitaldelinares.gob.cl\/wp-content\/uploads\/2023\/11\/Capacitacion-GES-4.jpg 640w\" sizes=\"auto, (max-width: 427px) 100vw, 427px\" \/><\/p>\n<p>En la oportunidad se dio \u00e9nfasis a los cambios en las garant\u00edas que han surgido luego de la publicaci\u00f3n del Decreto N\u00ba72, en octubre 2022, lo que significa un aumento de la cobertura de 85 a 87 Problemas de Salud, incluyendo el PS Agresi\u00f3n Sexual Aguda y Rehabilitaci\u00f3n en Sars-Cov2.<\/p>\n<p>En esta capacitaci\u00f3n participaron profesionales y administrativos de todas las \u00e1reas que tienen relaci\u00f3n con Problemas de Salud GES.\u00a0 Como son la Unidad Coordinadora de la Red Asistencial UCRA, Unidad Gesti\u00f3n de Camas, Servicio de Emergencia, adem\u00e1s de los Servicios Cl\u00ednicos Cirug\u00eda, Medicina, Gineco-obstetricia, Pediatr\u00eda, Pensionado y Centro Adosado de Especialidades.\u00a0 Con el fin de unificar los conocimientos sobre la Ley GES de los profesionales de la instituci\u00f3n, y as\u00ed asegurar el cumplimiento de los derechos de los usuarios.<\/p>\n<p>&nbsp;<\/p>\n<p><strong>\u00bfQu\u00e9 es el GES?<\/strong><\/p>\n<p>Es el plan de Garant\u00edas Expl\u00edcitas de Salud (GES o AUGE), que tiene por objeto garantizar la cobertura de un n\u00famero de problemas de salud por parte de Fonasa y las Isapres.<\/p>\n<p>Cuando el plan comenz\u00f3 en julio de 2006 cubr\u00eda 56 problemas, m\u00e1s tarde aument\u00f3 a 69. En julio de 2013 se aument\u00f3 a 80; en octubre de 2019, a 85, y en septiembre de 2022, a 87.<\/p>\n<p>&nbsp;<\/p>\n<p>\u00bfCu\u00e1les son las garant\u00edas que otorga este plan de salud?<\/p>\n<p>Garant\u00eda expl\u00edcita de acceso: es la obligaci\u00f3n de Fonasa y las Isapres de asegurar las prestaciones de salud.<\/p>\n<p>Garant\u00eda expl\u00edcita de calidad: otorgar la atenci\u00f3n de salud garantizada por un prestador registrado o acreditado.<\/p>\n<p>Garant\u00eda expl\u00edcita de oportunidad: existencia de un plazo m\u00e1ximo para el otorgamiento de las prestaciones de salud garantizadas, en las etapas de diagn\u00f3stico, tratamiento y seguimiento.<\/p>\n<p>Garant\u00eda expl\u00edcita de protecci\u00f3n financiera: es la contribuci\u00f3n, pago o copago m\u00e1ximo que deber\u00e1 efectuar el afiliado por prestaci\u00f3n o grupo de prestaciones, considerando el monto de sus ingresos.<\/p>\n<p>&nbsp;<\/p>\n<p>m\u00e1s sobre el GES<\/p>\n<p><a href=\"https:\/\/www.bcn.cl\/portal\/leyfacil\/recurso\/plan-ges-ex-auge\">https:\/\/www.bcn.cl\/portal\/leyfacil\/recurso\/plan-ges-ex-auge<\/a><\/p>\n<p>&nbsp;<\/p>\n\n\t\t<style type=\"text\/css\">\n\t\t\t#gallery-1 {\n\t\t\t\tmargin: auto;\n\t\t\t}\n\t\t\t#gallery-1 .gallery-item {\n\t\t\t\tfloat: left;\n\t\t\t\tmargin-top: 10px;\n\t\t\t\ttext-align: center;\n\t\t\t\twidth: 33%;\n\t\t\t}\n\t\t\t#gallery-1 img {\n\t\t\t\tborder: 2px solid #cfcfcf;\n\t\t\t}\n\t\t\t#gallery-1 .gallery-caption {\n\t\t\t\tmargin-left: 0;\n\t\t\t}\n\t\t\t\/* see gallery_shortcode() in wp-includes\/media.php *\/\n\t\t<\/style>\n\t\t<div id='gallery-1' class='gallery galleryid-12828 gallery-columns-3 gallery-size-thumbnail'><dl class='gallery-item'>\n\t\t\t<dt class='gallery-icon landscape'>\n\t\t\t\t<a href='https:\/\/www.hospitaldelinares.gob.cl\/?attachment_id=12830'><img loading=\"lazy\" decoding=\"async\" width=\"150\" height=\"150\" src=\"\/wp-content\/uploads\/2023\/11\/Capacitacion-GES-1-150x150.jpg\" class=\"attachment-thumbnail size-thumbnail\" alt=\"\" \/><\/a>\n\t\t\t<\/dt><\/dl><dl class='gallery-item'>\n\t\t\t<dt class='gallery-icon landscape'>\n\t\t\t\t<a href='https:\/\/www.hospitaldelinares.gob.cl\/?attachment_id=12831'><img loading=\"lazy\" decoding=\"async\" width=\"150\" height=\"150\" src=\"\/wp-content\/uploads\/2023\/11\/Capacitacion-GES-2-150x150.jpg\" class=\"attachment-thumbnail size-thumbnail\" alt=\"\" \/><\/a>\n\t\t\t<\/dt><\/dl><dl class='gallery-item'>\n\t\t\t<dt class='gallery-icon landscape'>\n\t\t\t\t<a href='https:\/\/www.hospitaldelinares.gob.cl\/?attachment_id=12832'><img loading=\"lazy\" decoding=\"async\" width=\"150\" height=\"150\" src=\"\/wp-content\/uploads\/2023\/11\/Capacitacion-GES-3-150x150.jpg\" class=\"attachment-thumbnail size-thumbnail\" alt=\"\" \/><\/a>\n\t\t\t<\/dt><\/dl><br style=\"clear: both\" \/><dl class='gallery-item'>\n\t\t\t<dt class='gallery-icon landscape'>\n\t\t\t\t<a href='https:\/\/www.hospitaldelinares.gob.cl\/?attachment_id=12833'><img loading=\"lazy\" decoding=\"async\" width=\"150\" height=\"150\" src=\"\/wp-content\/uploads\/2023\/11\/Capacitacion-GES-4-1-150x150.jpg\" class=\"attachment-thumbnail size-thumbnail\" alt=\"\" \/><\/a>\n\t\t\t<\/dt><\/dl><dl class='gallery-item'>\n\t\t\t<dt class='gallery-icon landscape'>\n\t\t\t\t<a href='https:\/\/www.hospitaldelinares.gob.cl\/?attachment_id=12834'><img loading=\"lazy\" decoding=\"async\" width=\"150\" height=\"150\" src=\"\/wp-content\/uploads\/2023\/11\/Capacitacion-GES-5-150x150.jpg\" class=\"attachment-thumbnail size-thumbnail\" alt=\"\" \/><\/a>\n\t\t\t<\/dt><\/dl><dl class='gallery-item'>\n\t\t\t<dt class='gallery-icon landscape'>\n\t\t\t\t<a href='https:\/\/www.hospitaldelinares.gob.cl\/?attachment_id=12835'><img loading=\"lazy\" decoding=\"async\" width=\"150\" height=\"150\" src=\"\/wp-content\/uploads\/2023\/11\/Capacitacion-GES-6-150x150.jpg\" class=\"attachment-thumbnail size-thumbnail\" alt=\"\" \/><\/a>\n\t\t\t<\/dt><\/dl><br style=\"clear: both\" \/><dl class='gallery-item'>\n\t\t\t<dt class='gallery-icon landscape'>\n\t\t\t\t<a href='https:\/\/www.hospitaldelinares.gob.cl\/?attachment_id=12836'><img loading=\"lazy\" decoding=\"async\" width=\"150\" height=\"150\" src=\"\/wp-content\/uploads\/2023\/11\/Capacitacion-GES-7-150x150.jpg\" class=\"attachment-thumbnail size-thumbnail\" alt=\"\" \/><\/a>\n\t\t\t<\/dt><\/dl><dl class='gallery-item'>\n\t\t\t<dt class='gallery-icon landscape'>\n\t\t\t\t<a href='https:\/\/www.hospitaldelinares.gob.cl\/?attachment_id=12837'><img loading=\"lazy\" decoding=\"async\" width=\"150\" height=\"150\" src=\"\/wp-content\/uploads\/2023\/11\/Capacitacion-GES-8-150x150.jpg\" class=\"attachment-thumbnail size-thumbnail\" alt=\"\" \/><\/a>\n\t\t\t<\/dt><\/dl><dl class='gallery-item'>\n\t\t\t<dt class='gallery-icon landscape'>\n\t\t\t\t<a href='https:\/\/www.hospitaldelinares.gob.cl\/?attachment_id=12838'><img loading=\"lazy\" decoding=\"async\" width=\"150\" height=\"150\" src=\"\/wp-content\/uploads\/2023\/11\/Capacitacion-GES-9-150x150.jpg\" class=\"attachment-thumbnail size-thumbnail\" alt=\"\" \/><\/a>\n\t\t\t<\/dt><\/dl><br style=\"clear: both\" \/><dl class='gallery-item'>\n\t\t\t<dt class='gallery-icon landscape'>\n\t\t\t\t<a href='https:\/\/www.hospitaldelinares.gob.cl\/?attachment_id=12839'><img loading=\"lazy\" decoding=\"async\" width=\"150\" height=\"150\" src=\"\/wp-content\/uploads\/2023\/11\/Capacitacion-GES-10-150x150.jpg\" class=\"attachment-thumbnail size-thumbnail\" alt=\"\" \/><\/a>\n\t\t\t<\/dt><\/dl>\n\t\t\t<br style='clear: both' \/>\n\t\t<\/div>\n\n","protected":false},"excerpt":{"rendered":"<p>En la oportunidad se dio \u00e9nfasis a los cambios en las garant\u00edas que han surgido luego de la publicaci\u00f3n del Decreto N\u00ba72, en octubre 2022, lo que significa un aumento de la cobertura de 85 [&hellip;]<\/p>\n","protected":false},"author":8,"featured_media":0,"comment_status":"closed","ping_status":"closed","sticky":false,"template":"","format":"standard","meta":{"footnotes":""},"categories":[5],"tags":[],"class_list":["post-12828","post","type-post","status-publish","format-standard","hentry","category-destacados"],"_links":{"self":[{"href":"https:\/\/www.hospitaldelinares.gob.cl\/index.php?rest_route=\/wp\/v2\/posts\/12828","targetHints":{"allow":["GET"]}}],"collection":[{"href":"https:\/\/www.hospitaldelinares.gob.cl\/index.php?rest_route=\/wp\/v2\/posts"}],"about":[{"href":"https:\/\/www.hospitaldelinares.gob.cl\/index.php?rest_route=\/wp\/v2\/types\/post"}],"author":[{"embeddable":true,"href":"https:\/\/www.hospitaldelinares.gob.cl\/index.php?rest_route=\/wp\/v2\/users\/8"}],"replies":[{"embeddable":true,"href":"https:\/\/www.hospitaldelinares.gob.cl\/index.php?rest_route=%2Fwp%2Fv2%2Fcomments&post=12828"}],"version-history":[{"count":1,"href":"https:\/\/www.hospitaldelinares.gob.cl\/index.php?rest_route=\/wp\/v2\/posts\/12828\/revisions"}],"predecessor-version":[{"id":12840,"href":"https:\/\/www.hospitaldelinares.gob.cl\/index.php?rest_route=\/wp\/v2\/posts\/12828\/revisions\/12840"}],"wp:attachment":[{"href":"https:\/\/www.hospitaldelinares.gob.cl\/index.php?rest_route=%2Fwp%2Fv2%2Fmedia&parent=12828"}],"wp:term":[{"taxonomy":"category","embeddable":true,"href":"https:\/\/www.hospitaldelinares.gob.cl\/index.php?rest_route=%2Fwp%2Fv2%2Fcategories&post=12828"},{"taxonomy":"post_tag","embeddable":true,"href":"https:\/\/www.hospitaldelinares.gob.cl\/index.php?rest_route=%2Fwp%2Fv2%2Ftags&post=12828"}],"curies":[{"name":"wp","href":"https:\/\/api.w.org\/{rel}","templated":true}]}}