{"id":12819,"date":"2023-11-06T16:25:32","date_gmt":"2023-11-06T20:25:32","guid":{"rendered":"https:\/\/www.hospitaldelinares.gob.cl\/?p=12819"},"modified":"2023-11-06T16:25:32","modified_gmt":"2023-11-06T20:25:32","slug":"operativo-dermatologico-y-reumatologico-beneficio-a-mas-de-130-pacientes-de-la-provincia-de-linares","status":"publish","type":"post","link":"https:\/\/www.hospitaldelinares.gob.cl\/?p=12819","title":{"rendered":"Operativo Dermatol\u00f3gico y Reumatol\u00f3gico Benefici\u00f3 a m\u00e1s de 130 Pacientes de la Provincia de Linares"},"content":{"rendered":"<p><strong><em>La instancia se realiz\u00f3 gracias a la alianza entre Cl\u00ednica Alemana, Desaf\u00edo Levantemos chile y el hospital de Linares<\/em><\/strong><\/p>\n<p><img loading=\"lazy\" decoding=\"async\" class=\"size-medium wp-image-12821 aligncenter\" src=\"\/wp-content\/uploads\/2023\/11\/Op-Dermatologico-1-481x320.jpg\" alt=\"\" width=\"481\" height=\"320\" srcset=\"https:\/\/www.hospitaldelinares.gob.cl\/wp-content\/uploads\/2023\/11\/Op-Dermatologico-1-481x320.jpg 481w, https:\/\/www.hospitaldelinares.gob.cl\/wp-content\/uploads\/2023\/11\/Op-Dermatologico-1.jpg 640w\" sizes=\"auto, (max-width: 481px) 100vw, 481px\" \/><\/p>\n<p>Ocupar fotoprotector salva vidas<\/p>\n<p>En el 2022 fallecieron m\u00e1s de 530 personas por c\u00e1ncer de piel, siendo la cifra m\u00e1s alta de los \u00faltimos 20 a\u00f1os. 9 de cada 10 personas con c\u00e1ncer de piel lo desarrollan por sobreexponerse al sol. De acuerdo con varias investigaciones, la proporci\u00f3n de trabajadores al aire libre que ocupa protecci\u00f3n no llega al 50 por ciento, por lo que es urgente lograr un cambio en la principal medida de prevenci\u00f3n de esta enfermedad.<\/p>\n<p>Entre las principales funciones de la piel est\u00e1 la protecci\u00f3n, es decir, resguarda al organismo de factores externos como bacterias, sustancias qu\u00edmicas y temperatura y protegernos de los rayos ultravioleta, los cuales son el principal responsable del c\u00e1ncer de piel.<\/p>\n<p>Seg\u00fan las \u00faltimas cifras publicadas por el Departamento de Estad\u00edstica e Informaci\u00f3n de Salud (DEIS), durante los \u00faltimos 10 a\u00f1os (2012-2022) la tasa nacional de mortalidad espec\u00edfica por este c\u00e1ncer se ha incrementado en un 22%. De las m\u00e1s de 530 muertes registradas el a\u00f1o pasado en nuestro pa\u00eds, el 53% correspondieron a hombres y el 47% a mujeres.<\/p>\n<p>Con la finalidad de educar sobre la importancia de los cuidados de la piel y para reducir las listas de espera en la especialidad de dermatolog\u00eda en la regi\u00f3n es que m\u00e1s de 30 especialistas en salud entre personal m\u00e9dico, enfermeras y tens de Cl\u00ednica Alemana realizaron un operativo m\u00e9dico de detecci\u00f3n y prevenci\u00f3n del c\u00e1ncer de piel el pasado viernes y s\u00e1bado en el Hospital de Linares, junto a Desaf\u00edo Levantemos Chile.<\/p>\n<p>\u201ceste fin de semana reci\u00e9n pasado en nuestra alianza con Cl\u00ednica Alemana realizamos m\u00e1s de 130 prestaciones de especialidad de dermatolog\u00eda y reumatolog\u00eda, esto viene a aliviar tambi\u00e9n nuestras listas de espera y fortalece el trabajo que hemos mantenido por a\u00f1os con cl\u00ednica Alemana de Santiago\u201d. explic\u00f3 Director del Hospital de Linares Nolasco P\u00e9rez.<\/p>\n<p>Se trata de pacientes que en un alto porcentaje se dedican a faenas al aire libre por lo que su piel est\u00e1 expuesta a la radiaci\u00f3n solar de manera constante. Seg\u00fan los datos del VIII Censo Agropecuario y Forestal (2020-2021) del total de los trabajadores agr\u00edcolas el 49, 2% corresponde a varones temporeros y el 90,6% a mujeres. Los meses de mayor demanda son justamente de noviembre a enero siendo la cosecha de cerezas y ar\u00e1ndanos los m\u00e1s requeridos por concepto de exportaci\u00f3n.<\/p>\n<div style=\"width: 1280px;\" class=\"wp-video\"><video class=\"wp-video-shortcode\" id=\"video-12819-1\" width=\"1280\" height=\"720\" preload=\"metadata\" controls=\"controls\"><source type=\"video\/mp4\" src=\"\/wp-content\/uploads\/2023\/11\/Operativo-dermatologico.mp4?_=1\" \/><a href=\"\/wp-content\/uploads\/2023\/11\/Operativo-dermatologico.mp4\">\/wp-content\/uploads\/2023\/11\/Operativo-dermatologico.mp4<\/a><\/video><\/div>\n","protected":false},"excerpt":{"rendered":"<p>La instancia se realiz\u00f3 gracias a la alianza entre Cl\u00ednica Alemana, Desaf\u00edo Levantemos chile y el hospital de Linares Ocupar fotoprotector salva vidas En el 2022 fallecieron m\u00e1s de 530 personas por c\u00e1ncer de piel, [&hellip;]<\/p>\n","protected":false},"author":8,"featured_media":0,"comment_status":"closed","ping_status":"closed","sticky":false,"template":"","format":"standard","meta":{"footnotes":""},"categories":[5],"tags":[],"class_list":["post-12819","post","type-post","status-publish","format-standard","hentry","category-destacados"],"_links":{"self":[{"href":"https:\/\/www.hospitaldelinares.gob.cl\/index.php?rest_route=\/wp\/v2\/posts\/12819","targetHints":{"allow":["GET"]}}],"collection":[{"href":"https:\/\/www.hospitaldelinares.gob.cl\/index.php?rest_route=\/wp\/v2\/posts"}],"about":[{"href":"https:\/\/www.hospitaldelinares.gob.cl\/index.php?rest_route=\/wp\/v2\/types\/post"}],"author":[{"embeddable":true,"href":"https:\/\/www.hospitaldelinares.gob.cl\/index.php?rest_route=\/wp\/v2\/users\/8"}],"replies":[{"embeddable":true,"href":"https:\/\/www.hospitaldelinares.gob.cl\/index.php?rest_route=%2Fwp%2Fv2%2Fcomments&post=12819"}],"version-history":[{"count":1,"href":"https:\/\/www.hospitaldelinares.gob.cl\/index.php?rest_route=\/wp\/v2\/posts\/12819\/revisions"}],"predecessor-version":[{"id":12823,"href":"https:\/\/www.hospitaldelinares.gob.cl\/index.php?rest_route=\/wp\/v2\/posts\/12819\/revisions\/12823"}],"wp:attachment":[{"href":"https:\/\/www.hospitaldelinares.gob.cl\/index.php?rest_route=%2Fwp%2Fv2%2Fmedia&parent=12819"}],"wp:term":[{"taxonomy":"category","embeddable":true,"href":"https:\/\/www.hospitaldelinares.gob.cl\/index.php?rest_route=%2Fwp%2Fv2%2Fcategories&post=12819"},{"taxonomy":"post_tag","embeddable":true,"href":"https:\/\/www.hospitaldelinares.gob.cl\/index.php?rest_route=%2Fwp%2Fv2%2Ftags&post=12819"}],"curies":[{"name":"wp","href":"https:\/\/api.w.org\/{rel}","templated":true}]}}