{"id":12168,"date":"2023-01-16T15:20:01","date_gmt":"2023-01-16T19:20:01","guid":{"rendered":"https:\/\/www.hospitaldelinares.gob.cl\/?p=12168"},"modified":"2023-01-16T15:20:01","modified_gmt":"2023-01-16T19:20:01","slug":"nuevo-formato-permisos-y-feriados-ano-2023","status":"publish","type":"post","link":"https:\/\/www.hospitaldelinares.gob.cl\/?p=12168","title":{"rendered":"Nuevo Formato Permisos y Feriados A\u00f1o 2023"},"content":{"rendered":"<p>Se adjunta nuevo formato de solicitud de Permisos y Feriados a usarse a contar del Lunes 23\/01\/2023 en adelante.<\/p>\n<p>En este formato se encuentra: <strong>Solicitud de feriado legal, feriados compensatorios, permiso administrativo, permiso paternal (nacimiento de hijo), permiso por matrimonio, y permisos por defunci\u00f3n<\/strong>.<\/p>\n<p>Recordar que:<\/p>\n<p>-De acuerdo al Art\u00edculo 103. de la Ley 18.834; El funcionario solicitar\u00e1 su feriado indicando la fecha en que har\u00e1 uso de este derecho, el cual no podr\u00e1 en ning\u00fan caso ser denegado discrecionalmente, solo adelantado o retrasado por razones de buen servicio. Los funcionarios podr\u00e1n solicitar hacer uso del feriado en forma fraccionada, pero una de las fracciones no podr\u00e1 ser inferior a diez d\u00edas. La autoridad correspondiente autorizar\u00e1 dicho fraccionamiento de acuerdo a las necesidades del servicio.<\/p>\n<p>-De acuerdo al inciso 1\u00b0 del <b>art\u00edculo 109<\/b>\u00a0del Estatuto Administrativo, \u201cLos\u00a0<b>funcionarios podr\u00e1n solicitar permisos para ausentarse de sus labores por motivos particulares hasta por seis d\u00edas h\u00e1biles en el a\u00f1o calendario, con goce de remuneraciones<\/b>.\u00a0<b>Estos permisos podr\u00e1n fraccionarse por d\u00edas o medios d\u00edas<\/b>\u201d.<\/p>\n<p>Por tanto, solicitamos difusi\u00f3n de dicho formato en sus equipos, a fin de que quienes soliciten alguno de los permisos detallados anteriormente y que no puedan hacerlo por el Autoconsulta, lo hagan con este formato, con las firmas y tramitaci\u00f3n correspondiente.<\/p>\n<p><a href=\"\/wp-content\/uploads\/2023\/01\/PERMISOS-Y-FERIADO-NUEVO-FORMATO.docx\">PERMISOS Y FERIADO NUEVO FORMATO<\/a><\/p>\n","protected":false},"excerpt":{"rendered":"<p>Se adjunta nuevo formato de solicitud de Permisos y Feriados a usarse a contar del Lunes 23\/01\/2023 en adelante. En este formato se encuentra: Solicitud de feriado legal, feriados compensatorios, permiso administrativo, permiso paternal (nacimiento [&hellip;]<\/p>\n","protected":false},"author":14,"featured_media":0,"comment_status":"closed","ping_status":"closed","sticky":false,"template":"","format":"standard","meta":{"footnotes":""},"categories":[84],"tags":[],"class_list":["post-12168","post","type-post","status-publish","format-standard","hentry","category-_gestionpersonas-archivos"],"_links":{"self":[{"href":"https:\/\/www.hospitaldelinares.gob.cl\/index.php?rest_route=\/wp\/v2\/posts\/12168","targetHints":{"allow":["GET"]}}],"collection":[{"href":"https:\/\/www.hospitaldelinares.gob.cl\/index.php?rest_route=\/wp\/v2\/posts"}],"about":[{"href":"https:\/\/www.hospitaldelinares.gob.cl\/index.php?rest_route=\/wp\/v2\/types\/post"}],"author":[{"embeddable":true,"href":"https:\/\/www.hospitaldelinares.gob.cl\/index.php?rest_route=\/wp\/v2\/users\/14"}],"replies":[{"embeddable":true,"href":"https:\/\/www.hospitaldelinares.gob.cl\/index.php?rest_route=%2Fwp%2Fv2%2Fcomments&post=12168"}],"version-history":[{"count":1,"href":"https:\/\/www.hospitaldelinares.gob.cl\/index.php?rest_route=\/wp\/v2\/posts\/12168\/revisions"}],"predecessor-version":[{"id":12170,"href":"https:\/\/www.hospitaldelinares.gob.cl\/index.php?rest_route=\/wp\/v2\/posts\/12168\/revisions\/12170"}],"wp:attachment":[{"href":"https:\/\/www.hospitaldelinares.gob.cl\/index.php?rest_route=%2Fwp%2Fv2%2Fmedia&parent=12168"}],"wp:term":[{"taxonomy":"category","embeddable":true,"href":"https:\/\/www.hospitaldelinares.gob.cl\/index.php?rest_route=%2Fwp%2Fv2%2Fcategories&post=12168"},{"taxonomy":"post_tag","embeddable":true,"href":"https:\/\/www.hospitaldelinares.gob.cl\/index.php?rest_route=%2Fwp%2Fv2%2Ftags&post=12168"}],"curies":[{"name":"wp","href":"https:\/\/api.w.org\/{rel}","templated":true}]}}