{"id":11990,"date":"2022-10-25T07:01:36","date_gmt":"2022-10-25T11:01:36","guid":{"rendered":"https:\/\/www.hospitaldelinares.gob.cl\/?p=11990"},"modified":"2022-10-25T07:01:36","modified_gmt":"2022-10-25T11:01:36","slug":"concurso-asignacion-responsabilidad-ley-18-834-2","status":"publish","type":"post","link":"https:\/\/www.hospitaldelinares.gob.cl\/?p=11990","title":{"rendered":"CONCURSO ASIGNACION RESPONSABILIDAD LEY 18.834"},"content":{"rendered":"<p>Las presentes Bases regulan el Concurso de otorgamiento de la Asignaci\u00f3n de Responsabilidad considerada en los art. 76 y siguientes del DL N\u00ba 2.763 y el DS N\u00ba 137\/2004, publicado en el D.O EL 04.01.05, de los profesionales del Hospital de Linares.<\/p>\n<p>A.-\u00a0\u00a0\u00a0\u00a0\u00a0 REQUISITOS DE POSTULACION:<\/p>\n<ul>\n<li>Pertenecer a la Planta de profesionales.<\/li>\n<li>Tener calidad jur\u00eddica de planta o a contrata.<\/li>\n<li>Tener jornada de 44 horas semanales.<\/li>\n<li>Desempe\u00f1ar funciones de direcci\u00f3n, coordinaci\u00f3n, supervisi\u00f3n o mando de unidades de hospitales, consultorios generales urbanos y rurales, Centros de Referencia de Salud (CRS), y Centros de Diagn\u00f3stico Terap\u00e9uticos (CDT).<\/li>\n<li>Que las unidades de trabajo se\u00f1aladas en el punto anterior est\u00e9n definidas en el organigrama del establecimiento aprobado por la correspondiente resoluci\u00f3n exenta del director.<\/li>\n<\/ul>\n<p>B.-\u00a0\u00a0\u00a0\u00a0\u00a0 CUPOS DE ASIGNACION DE RESPONSABILIDAD POR UNIDADES DE GESTION:<\/p>\n<table style=\"height: 1716px;\" width=\"912\">\n<tbody>\n<tr>\n<td width=\"56\">N\u00ba CUPOS<\/td>\n<td width=\"104\">Unidades De Gesti\u00f3n<\/td>\n<td width=\"113\">Nivel Responsabilidad<\/td>\n<td width=\"104\">Funci\u00f3n de Responsabilidad<\/td>\n<td width=\"308\">Requisito Legal Perfil De Competencias<\/td>\n<\/tr>\n<tr>\n<td width=\"56\">&nbsp;<\/p>\n<p>1<\/td>\n<td width=\"104\">&nbsp;<\/p>\n<p>UNIDAD COORDINADORA RED ASISTENCIAL (UCRA)<\/td>\n<td width=\"113\">&nbsp;<\/p>\n<p>UNIDAD<\/td>\n<td width=\"104\">&nbsp;<\/p>\n<p>JEFE(A) DE UNIDAD<\/p>\n<p>&nbsp;<\/td>\n<td width=\"308\">Profesi\u00f3n: Nutricionista, Matr\u00f3n (a) o Enfermera (o)<\/p>\n<p>Experiencia en funciones de responsabilidad y manejo de personal.<\/p>\n<p>Capacitaci\u00f3n: Taller de Liderazgo y trabajo en equipo, gesti\u00f3n de informaci\u00f3n territorial en salud, gesti\u00f3n interconsultas, gesti\u00f3n referencia y contrarreferencia, listas de espera, coordinaci\u00f3n de la red asistencial hospitales y GES.<\/p>\n<p>Competencias:<\/p>\n<p>&#8211;\u00a0\u00a0\u00a0\u00a0\u00a0\u00a0\u00a0\u00a0\u00a0 Liderazgo<\/p>\n<p>&#8211;\u00a0\u00a0\u00a0\u00a0\u00a0\u00a0\u00a0\u00a0\u00a0 Capacidad resolutiva.<\/p>\n<p>&#8211;\u00a0\u00a0\u00a0\u00a0\u00a0\u00a0\u00a0\u00a0\u00a0 Capacidad de trabajo en equipo<\/p>\n<p>&#8211;\u00a0\u00a0\u00a0\u00a0\u00a0\u00a0\u00a0\u00a0\u00a0 Orientaci\u00f3n al usuario.<\/p>\n<p>&#8211;\u00a0\u00a0\u00a0\u00a0\u00a0\u00a0\u00a0\u00a0\u00a0 Poseer los siguientes valores: Responsabilidad, Compromiso Institucional, Lealtad.<\/td>\n<\/tr>\n<tr>\n<td width=\"56\">&nbsp;<\/p>\n<p>2<\/td>\n<td width=\"104\">&nbsp;<\/p>\n<p>GESTION DE CAMAS<\/td>\n<td width=\"113\">&nbsp;<\/p>\n<p>UNIDAD<\/td>\n<td width=\"104\">&nbsp;<\/p>\n<p>JEFE(A) DE UNIDAD<\/td>\n<td width=\"308\">Profesi\u00f3n: Enfermera (o)<\/p>\n<p>Experiencia en funciones de responsabilidad y manejo de personal.<\/p>\n<p>Capacitaci\u00f3n: gesti\u00f3n de hospitalizados, GES, cartera de servicios hospitalarios, liderazgo y trabajo en equipo, curso IAAS.<\/p>\n<p>Competencias:<\/p>\n<p>&#8211;\u00a0\u00a0\u00a0\u00a0\u00a0\u00a0\u00a0\u00a0\u00a0\u00a0\u00a0\u00a0\u00a0 Liderazgo<\/p>\n<p>&#8211;\u00a0\u00a0\u00a0\u00a0\u00a0\u00a0\u00a0\u00a0\u00a0\u00a0\u00a0\u00a0\u00a0 Capacidad resolutiva.<\/p>\n<p>&#8211;\u00a0\u00a0\u00a0\u00a0\u00a0\u00a0\u00a0\u00a0\u00a0\u00a0\u00a0\u00a0\u00a0 Capacidad de trabajo en equipo<\/p>\n<p>&#8211;\u00a0\u00a0\u00a0\u00a0\u00a0\u00a0\u00a0\u00a0\u00a0\u00a0\u00a0\u00a0\u00a0 Orientaci\u00f3n al usuario.<\/p>\n<p>&#8211;\u00a0\u00a0\u00a0\u00a0\u00a0\u00a0\u00a0\u00a0\u00a0\u00a0\u00a0\u00a0\u00a0 Poseer los siguientes valores: Responsabilidad,<\/p>\n<p>&#8211; \u00a0\u00a0\u00a0\u00a0\u00a0\u00a0\u00a0\u00a0\u00a0\u00a0\u00a0\u00a0Compromiso Institucional, Lealtad.<\/td>\n<\/tr>\n<tr>\n<td width=\"56\">&nbsp;<\/p>\n<p>3<\/td>\n<td width=\"104\">&nbsp;<\/p>\n<p>PREVENCI\u00d3N DE RIESGOS LABORALES<\/td>\n<td width=\"113\">&nbsp;<\/p>\n<p>UNIDAD<\/td>\n<td width=\"104\">&nbsp;<\/p>\n<p>JEFE(A) DE UNIDAD<\/td>\n<td width=\"308\">Profesi\u00f3n: Ing. Prevenci\u00f3n de Riesgos<\/p>\n<p>Experiencia en funciones de responsabilidad y manejo de personal.<\/p>\n<p>Capacitaci\u00f3n: Calidad y acreditaci\u00f3n, emergencias y desastres, vigilancia epidemiol\u00f3gica, riesgos laborales y gesti\u00f3n ergon\u00f3mica, riesgos psicosociales, trabajo pesado, liderazgo y trabajo en equipo.<\/p>\n<p>Competencias:<\/p>\n<p>&#8211;\u00a0\u00a0\u00a0\u00a0\u00a0\u00a0\u00a0\u00a0\u00a0\u00a0\u00a0\u00a0\u00a0 Liderazgo<\/p>\n<p>&#8211;\u00a0\u00a0\u00a0\u00a0\u00a0\u00a0\u00a0\u00a0\u00a0\u00a0\u00a0\u00a0\u00a0 Capacidad resolutiva.<\/p>\n<p>&#8211;\u00a0\u00a0\u00a0\u00a0\u00a0\u00a0\u00a0\u00a0\u00a0\u00a0\u00a0\u00a0\u00a0 Capacidad de trabajo en equipo<\/p>\n<p>&#8211;\u00a0\u00a0\u00a0\u00a0\u00a0\u00a0\u00a0\u00a0\u00a0\u00a0\u00a0\u00a0\u00a0 Orientaci\u00f3n al usuario.<\/p>\n<p>&#8211;\u00a0\u00a0\u00a0\u00a0\u00a0\u00a0\u00a0\u00a0\u00a0\u00a0\u00a0\u00a0\u00a0 Poseer los siguientes valores: Responsabilidad,<\/p>\n<p>&#8211;\u00a0\u00a0\u00a0\u00a0\u00a0\u00a0\u00a0\u00a0\u00a0\u00a0\u00a0\u00a0 Compromiso Institucional, Lealtad.<\/td>\n<\/tr>\n<\/tbody>\n<\/table>\n<p><a href=\"\/wp-content\/uploads\/2022\/10\/LLAMADO-A-CONCURSO-ASIGNACION-RESPONSABILIDAD-LEY-18.834.pdf\">LLAMADO A CONCURSO ASIGNACION RESPONSABILIDAD LEY 18.834<\/a><\/p>\n<p><a href=\"\/wp-content\/uploads\/2022\/10\/Bases-Asignacion-de-Responsabilidad.doc\">Bases Asignaci\u00f3n de Responsabilidad<\/a><\/p>\n<p><a href=\"\/wp-content\/uploads\/2022\/10\/RESOL.-EX.-N\u00b03773-LLAMA-A-CONCURSO-ASIG.-RESPONSABILIDAD-3-CUPOS-OCTUBRE-2022.pdf\">RESOL. EX. N\u00b03773 LLAMA A CONCURSO ASIG. RESPONSABILIDAD 3 CUPOS OCTUBRE 2022<\/a><\/p>\n","protected":false},"excerpt":{"rendered":"<p>Las presentes Bases regulan el Concurso de otorgamiento de la Asignaci\u00f3n de Responsabilidad considerada en los art. 76 y siguientes del DL N\u00ba 2.763 y el DS N\u00ba 137\/2004, publicado en el D.O EL 04.01.05, [&hellip;]<\/p>\n","protected":false},"author":14,"featured_media":0,"comment_status":"closed","ping_status":"closed","sticky":false,"template":"","format":"standard","meta":{"footnotes":""},"categories":[84],"tags":[],"class_list":["post-11990","post","type-post","status-publish","format-standard","hentry","category-_gestionpersonas-archivos"],"_links":{"self":[{"href":"https:\/\/www.hospitaldelinares.gob.cl\/index.php?rest_route=\/wp\/v2\/posts\/11990","targetHints":{"allow":["GET"]}}],"collection":[{"href":"https:\/\/www.hospitaldelinares.gob.cl\/index.php?rest_route=\/wp\/v2\/posts"}],"about":[{"href":"https:\/\/www.hospitaldelinares.gob.cl\/index.php?rest_route=\/wp\/v2\/types\/post"}],"author":[{"embeddable":true,"href":"https:\/\/www.hospitaldelinares.gob.cl\/index.php?rest_route=\/wp\/v2\/users\/14"}],"replies":[{"embeddable":true,"href":"https:\/\/www.hospitaldelinares.gob.cl\/index.php?rest_route=%2Fwp%2Fv2%2Fcomments&post=11990"}],"version-history":[{"count":1,"href":"https:\/\/www.hospitaldelinares.gob.cl\/index.php?rest_route=\/wp\/v2\/posts\/11990\/revisions"}],"predecessor-version":[{"id":11994,"href":"https:\/\/www.hospitaldelinares.gob.cl\/index.php?rest_route=\/wp\/v2\/posts\/11990\/revisions\/11994"}],"wp:attachment":[{"href":"https:\/\/www.hospitaldelinares.gob.cl\/index.php?rest_route=%2Fwp%2Fv2%2Fmedia&parent=11990"}],"wp:term":[{"taxonomy":"category","embeddable":true,"href":"https:\/\/www.hospitaldelinares.gob.cl\/index.php?rest_route=%2Fwp%2Fv2%2Fcategories&post=11990"},{"taxonomy":"post_tag","embeddable":true,"href":"https:\/\/www.hospitaldelinares.gob.cl\/index.php?rest_route=%2Fwp%2Fv2%2Ftags&post=11990"}],"curies":[{"name":"wp","href":"https:\/\/api.w.org\/{rel}","templated":true}]}}