{"id":11925,"date":"2022-10-04T14:42:16","date_gmt":"2022-10-04T18:42:16","guid":{"rendered":"https:\/\/www.hospitaldelinares.gob.cl\/?p=11925"},"modified":"2022-10-04T14:42:16","modified_gmt":"2022-10-04T18:42:16","slug":"con-charla-magistral-tecnologos-medicos-celebraron-su-dia-profesional","status":"publish","type":"post","link":"https:\/\/www.hospitaldelinares.gob.cl\/?p=11925","title":{"rendered":"Con Charla Magistral Tecn\u00f3logos M\u00e9dicos Celebraron su D\u00eda Profesional"},"content":{"rendered":"<p><img loading=\"lazy\" decoding=\"async\" class=\"size-medium wp-image-11926 aligncenter\" src=\"\/wp-content\/uploads\/2022\/10\/Dia-del-Tecnolo-Medico-web-1-481x320.jpg\" alt=\"\" width=\"481\" height=\"320\" srcset=\"https:\/\/www.hospitaldelinares.gob.cl\/wp-content\/uploads\/2022\/10\/Dia-del-Tecnolo-Medico-web-1-481x320.jpg 481w, https:\/\/www.hospitaldelinares.gob.cl\/wp-content\/uploads\/2022\/10\/Dia-del-Tecnolo-Medico-web-1.jpg 640w\" sizes=\"auto, (max-width: 481px) 100vw, 481px\" \/>En auditorio central del Hospital de Linares brindaron un reconociendo a los profesionales destacados y participaron de la charla \u201cEnvejecimiento, una Mirada desde el Maule\u201d dictada p<\/p>\n<p>or el Tecn\u00f3logo M\u00e9dico Dr. En Biolog\u00eda Molecular y Celular Marcelo Alarc\u00f3n<\/p>\n<p>La actividad enmarcada en la conmemoraci\u00f3n de los 74 a\u00f1os de la carrera profesional de Tecnolog\u00eda M\u00e9dica adem\u00e1s brind\u00f3 un reconocimiento a los profesionales que se han destacado en sus especialidades:<\/p>\n<p>Gladys Cancino de Patolog\u00eda Mamaria, Diego Huenulef, de Otorrinolaringolog\u00eda, Marcos Troncoso de Laboratorio Cl\u00ednico Mat\u00edas Sabaj de Medicina Transfusional y Constanza Villanueva de Oftalmolog\u00eda.<\/p>\n\n\t\t<style type=\"text\/css\">\n\t\t\t#gallery-1 {\n\t\t\t\tmargin: auto;\n\t\t\t}\n\t\t\t#gallery-1 .gallery-item {\n\t\t\t\tfloat: left;\n\t\t\t\tmargin-top: 10px;\n\t\t\t\ttext-align: center;\n\t\t\t\twidth: 33%;\n\t\t\t}\n\t\t\t#gallery-1 img {\n\t\t\t\tborder: 2px solid #cfcfcf;\n\t\t\t}\n\t\t\t#gallery-1 .gallery-caption {\n\t\t\t\tmargin-left: 0;\n\t\t\t}\n\t\t\t\/* see gallery_shortcode() in wp-includes\/media.php *\/\n\t\t<\/style>\n\t\t<div id='gallery-1' class='gallery galleryid-11925 gallery-columns-3 gallery-size-thumbnail'><dl class='gallery-item'>\n\t\t\t<dt class='gallery-icon landscape'>\n\t\t\t\t<a href='https:\/\/www.hospitaldelinares.gob.cl\/?attachment_id=11926'><img loading=\"lazy\" decoding=\"async\" width=\"150\" height=\"150\" src=\"\/wp-content\/uploads\/2022\/10\/Dia-del-Tecnolo-Medico-web-1-150x150.jpg\" class=\"attachment-thumbnail size-thumbnail\" alt=\"\" \/><\/a>\n\t\t\t<\/dt><\/dl><dl class='gallery-item'>\n\t\t\t<dt class='gallery-icon landscape'>\n\t\t\t\t<a href='https:\/\/www.hospitaldelinares.gob.cl\/?attachment_id=11927'><img loading=\"lazy\" decoding=\"async\" width=\"150\" height=\"150\" src=\"\/wp-content\/uploads\/2022\/10\/Dia-del-Tecnolo-Medico-web-2-150x150.jpg\" class=\"attachment-thumbnail size-thumbnail\" alt=\"\" \/><\/a>\n\t\t\t<\/dt><\/dl><dl class='gallery-item'>\n\t\t\t<dt class='gallery-icon landscape'>\n\t\t\t\t<a href='https:\/\/www.hospitaldelinares.gob.cl\/?attachment_id=11928'><img loading=\"lazy\" decoding=\"async\" width=\"150\" height=\"150\" src=\"\/wp-content\/uploads\/2022\/10\/Dia-del-Tecnolo-Medico-web-3-150x150.jpg\" class=\"attachment-thumbnail size-thumbnail\" alt=\"\" \/><\/a>\n\t\t\t<\/dt><\/dl><br style=\"clear: both\" \/><dl class='gallery-item'>\n\t\t\t<dt class='gallery-icon landscape'>\n\t\t\t\t<a href='https:\/\/www.hospitaldelinares.gob.cl\/?attachment_id=11929'><img loading=\"lazy\" decoding=\"async\" width=\"150\" height=\"150\" src=\"\/wp-content\/uploads\/2022\/10\/Dia-del-Tecnolo-Medico-web-150x150.jpg\" class=\"attachment-thumbnail size-thumbnail\" alt=\"\" \/><\/a>\n\t\t\t<\/dt><\/dl>\n\t\t\t<br style='clear: both' \/>\n\t\t<\/div>\n\n","protected":false},"excerpt":{"rendered":"<p>En auditorio central del Hospital de Linares brindaron un reconociendo a los profesionales destacados y participaron de la charla \u201cEnvejecimiento, una Mirada desde el Maule\u201d dictada p or el Tecn\u00f3logo M\u00e9dico Dr. En Biolog\u00eda Molecular [&hellip;]<\/p>\n","protected":false},"author":8,"featured_media":0,"comment_status":"closed","ping_status":"closed","sticky":false,"template":"","format":"standard","meta":{"footnotes":""},"categories":[5],"tags":[],"class_list":["post-11925","post","type-post","status-publish","format-standard","hentry","category-destacados"],"_links":{"self":[{"href":"https:\/\/www.hospitaldelinares.gob.cl\/index.php?rest_route=\/wp\/v2\/posts\/11925","targetHints":{"allow":["GET"]}}],"collection":[{"href":"https:\/\/www.hospitaldelinares.gob.cl\/index.php?rest_route=\/wp\/v2\/posts"}],"about":[{"href":"https:\/\/www.hospitaldelinares.gob.cl\/index.php?rest_route=\/wp\/v2\/types\/post"}],"author":[{"embeddable":true,"href":"https:\/\/www.hospitaldelinares.gob.cl\/index.php?rest_route=\/wp\/v2\/users\/8"}],"replies":[{"embeddable":true,"href":"https:\/\/www.hospitaldelinares.gob.cl\/index.php?rest_route=%2Fwp%2Fv2%2Fcomments&post=11925"}],"version-history":[{"count":1,"href":"https:\/\/www.hospitaldelinares.gob.cl\/index.php?rest_route=\/wp\/v2\/posts\/11925\/revisions"}],"predecessor-version":[{"id":11930,"href":"https:\/\/www.hospitaldelinares.gob.cl\/index.php?rest_route=\/wp\/v2\/posts\/11925\/revisions\/11930"}],"wp:attachment":[{"href":"https:\/\/www.hospitaldelinares.gob.cl\/index.php?rest_route=%2Fwp%2Fv2%2Fmedia&parent=11925"}],"wp:term":[{"taxonomy":"category","embeddable":true,"href":"https:\/\/www.hospitaldelinares.gob.cl\/index.php?rest_route=%2Fwp%2Fv2%2Fcategories&post=11925"},{"taxonomy":"post_tag","embeddable":true,"href":"https:\/\/www.hospitaldelinares.gob.cl\/index.php?rest_route=%2Fwp%2Fv2%2Ftags&post=11925"}],"curies":[{"name":"wp","href":"https:\/\/api.w.org\/{rel}","templated":true}]}}