{"id":11900,"date":"2022-10-03T15:46:36","date_gmt":"2022-10-03T19:46:36","guid":{"rendered":"https:\/\/www.hospitaldelinares.gob.cl\/?p=11900"},"modified":"2022-10-03T15:46:36","modified_gmt":"2022-10-03T19:46:36","slug":"hospital-de-linares-reconoce-a-funcionarios-con-20-30-y-40-anos-de-servicio-en-el-dia-del-hospital","status":"publish","type":"post","link":"https:\/\/www.hospitaldelinares.gob.cl\/?p=11900","title":{"rendered":"Hospital de Linares Reconoce a Funcionarios con 20, 30 y 40 A\u00f1os de Servicio en el D\u00eda del Hospital"},"content":{"rendered":"<p><em>Como cada 3 de octubre se celebr\u00f3 en nuestro pa\u00eds el d\u00eda del Hospital, instancia en que se reconoci\u00f3 la importante labor de los distintos estamentos que permiten el desarrollo de la salud p\u00fablica<\/em><\/p>\n<p><img loading=\"lazy\" decoding=\"async\" class=\"size-medium wp-image-11901 aligncenter\" src=\"\/wp-content\/uploads\/2022\/10\/Dia-del-Hospital-2022-1-481x320.jpg\" alt=\"\" width=\"481\" height=\"320\" srcset=\"https:\/\/www.hospitaldelinares.gob.cl\/wp-content\/uploads\/2022\/10\/Dia-del-Hospital-2022-1-481x320.jpg 481w, https:\/\/www.hospitaldelinares.gob.cl\/wp-content\/uploads\/2022\/10\/Dia-del-Hospital-2022-1.jpg 640w\" sizes=\"auto, (max-width: 481px) 100vw, 481px\" \/><\/p>\n<p>La jornada inici\u00f3 con el izamiento de la bandera junto a la Banda orquestal de la Escuela de Artiller\u00eda de Linares, para luego dar paso a una ceremonia en que se reconoci\u00f3 los a\u00f1os de trabajo en la instituci\u00f3n de los funcionarios pertenecientes a los distintos servicios del centro asistencial.<\/p>\n<p>Los funcionarios que cumplieron 40 a\u00f1os de servicio son:<\/p>\n<p>Pedro Ignacio Reyes Cofr\u00e9, M\u00f3nica del Rosario Cofr\u00e9 Montecino, Mirsa del Carmen Alarcon Leiva, H\u00e9ctor Manuel Amigo Salgado, Gladys Rosa Aguilar Ram\u00edrez, Maria Isabel Saez Castro y Julio C\u00e9sar Hern\u00e1ndez Acevedo.<\/p>\n<p>Funcionarios con 30 a\u00f1os de servicio:<\/p>\n<p>Mar\u00eda del Rosario Cifuentes Castro, Juan Alejandro Valenzuela Tapia, Marco Antonio Urrutia Vald\u00e9s, Miguel \u00c1ngel Lecaros Mu\u00f1oz, Claudio David Paredes Vyhmeister.<\/p>\n<p>Funcionarios con 20 a\u00f1os de servicio:<\/p>\n<p>Carmen Gloria Gajardo Quero, Carolina Ivette Cheausu Venegas, Carmen Gloria Montesino Morales, Viviana Alejandra M\u00e9ndez Norambuena, Paula Fabiola Maureira Vizcarra, Sandra Paola Andaur Rojas y Silvia Elcira Reyes Delgado.<\/p>\n<p>Adem\u00e1s, en la oportunidad recibieron un reconocimiento especial las Subdirectoras de Gesti\u00f3n Administrativa y de Gesti\u00f3n del Cuidad, Caroline Beals Campos y Gu\u00edsela Krause Ram\u00edrez, respectivamente, por su trayectoria, entrega y compromiso institucional.<\/p>\n<p>El director (s) del Servicio de Salud Maule, Sr. Nolasco P\u00e9rez destac\u00f3 el tremendo trabajo desarrollado por los funcionarios de salud, en especial durante estos a\u00f1os de pandemia en que se ha demostrado su compromiso por brindar la mejor atenci\u00f3n a los usuarios a pesar de las dificultades, como infraestructura o personal y que a\u00fan as\u00ed han logrado sacar adelante su trabajo, lo que es un orgullo institucional.<\/p>\n<p>Finalmente, el Dr. Francisco Az\u00f3car, director (s) del establecimiento asistencial linarense resalt\u00f3 el desarrollo de la salud p\u00fablica en chile desde 1552 con el primer hospital del pa\u00eds y que durante a\u00f1os se han realizado enormes esfuerzos para mejorar las prestaciones, sosteniendo junto al saludo a los funcionarios, que hay que esforzarse por mejorar la oportunidad de atenci\u00f3n y as\u00ed apuntar a la disminuci\u00f3n de las listas de espera.<\/p>\n\n\t\t<style type=\"text\/css\">\n\t\t\t#gallery-1 {\n\t\t\t\tmargin: auto;\n\t\t\t}\n\t\t\t#gallery-1 .gallery-item {\n\t\t\t\tfloat: left;\n\t\t\t\tmargin-top: 10px;\n\t\t\t\ttext-align: center;\n\t\t\t\twidth: 33%;\n\t\t\t}\n\t\t\t#gallery-1 img {\n\t\t\t\tborder: 2px solid #cfcfcf;\n\t\t\t}\n\t\t\t#gallery-1 .gallery-caption {\n\t\t\t\tmargin-left: 0;\n\t\t\t}\n\t\t\t\/* see gallery_shortcode() in wp-includes\/media.php *\/\n\t\t<\/style>\n\t\t<div id='gallery-1' class='gallery galleryid-11900 gallery-columns-3 gallery-size-thumbnail'><dl class='gallery-item'>\n\t\t\t<dt class='gallery-icon landscape'>\n\t\t\t\t<a href='https:\/\/www.hospitaldelinares.gob.cl\/?attachment_id=11901'><img loading=\"lazy\" decoding=\"async\" width=\"150\" height=\"150\" src=\"\/wp-content\/uploads\/2022\/10\/Dia-del-Hospital-2022-1-150x150.jpg\" class=\"attachment-thumbnail size-thumbnail\" alt=\"\" \/><\/a>\n\t\t\t<\/dt><\/dl><dl class='gallery-item'>\n\t\t\t<dt class='gallery-icon landscape'>\n\t\t\t\t<a href='https:\/\/www.hospitaldelinares.gob.cl\/?attachment_id=11902'><img loading=\"lazy\" decoding=\"async\" width=\"150\" height=\"150\" src=\"\/wp-content\/uploads\/2022\/10\/Dia-del-Hospital-2022-6-150x150.jpg\" class=\"attachment-thumbnail size-thumbnail\" alt=\"\" \/><\/a>\n\t\t\t<\/dt><\/dl><dl class='gallery-item'>\n\t\t\t<dt class='gallery-icon landscape'>\n\t\t\t\t<a href='https:\/\/www.hospitaldelinares.gob.cl\/?attachment_id=11903'><img loading=\"lazy\" decoding=\"async\" width=\"150\" height=\"150\" src=\"\/wp-content\/uploads\/2022\/10\/Dia-del-Hospital-2022-2-150x150.jpg\" class=\"attachment-thumbnail size-thumbnail\" alt=\"\" \/><\/a>\n\t\t\t<\/dt><\/dl><br style=\"clear: both\" \/><dl class='gallery-item'>\n\t\t\t<dt class='gallery-icon landscape'>\n\t\t\t\t<a href='https:\/\/www.hospitaldelinares.gob.cl\/?attachment_id=11904'><img loading=\"lazy\" decoding=\"async\" width=\"150\" height=\"150\" src=\"\/wp-content\/uploads\/2022\/10\/Dia-del-Hospital-2022-3-150x150.jpg\" class=\"attachment-thumbnail size-thumbnail\" alt=\"\" \/><\/a>\n\t\t\t<\/dt><\/dl><dl class='gallery-item'>\n\t\t\t<dt class='gallery-icon landscape'>\n\t\t\t\t<a href='https:\/\/www.hospitaldelinares.gob.cl\/?attachment_id=11905'><img loading=\"lazy\" decoding=\"async\" width=\"150\" height=\"150\" src=\"\/wp-content\/uploads\/2022\/10\/Dia-del-Hospital-2022-4-150x150.jpg\" class=\"attachment-thumbnail size-thumbnail\" alt=\"\" \/><\/a>\n\t\t\t<\/dt><\/dl><dl class='gallery-item'>\n\t\t\t<dt class='gallery-icon landscape'>\n\t\t\t\t<a href='https:\/\/www.hospitaldelinares.gob.cl\/?attachment_id=11906'><img loading=\"lazy\" decoding=\"async\" width=\"150\" height=\"150\" src=\"\/wp-content\/uploads\/2022\/10\/Dia-del-Hospital-2022-5-150x150.jpg\" class=\"attachment-thumbnail size-thumbnail\" alt=\"\" \/><\/a>\n\t\t\t<\/dt><\/dl><br style=\"clear: both\" \/><dl class='gallery-item'>\n\t\t\t<dt class='gallery-icon landscape'>\n\t\t\t\t<a href='https:\/\/www.hospitaldelinares.gob.cl\/?attachment_id=11907'><img loading=\"lazy\" decoding=\"async\" width=\"150\" height=\"150\" src=\"\/wp-content\/uploads\/2022\/10\/Dia-del-Hospital-2022-7-150x150.jpg\" class=\"attachment-thumbnail size-thumbnail\" alt=\"\" \/><\/a>\n\t\t\t<\/dt><\/dl><dl class='gallery-item'>\n\t\t\t<dt class='gallery-icon landscape'>\n\t\t\t\t<a href='https:\/\/www.hospitaldelinares.gob.cl\/?attachment_id=11908'><img loading=\"lazy\" decoding=\"async\" width=\"150\" height=\"150\" src=\"\/wp-content\/uploads\/2022\/10\/Dia-del-Hospital-2022-8-150x150.jpg\" class=\"attachment-thumbnail size-thumbnail\" alt=\"\" \/><\/a>\n\t\t\t<\/dt><\/dl><dl class='gallery-item'>\n\t\t\t<dt class='gallery-icon landscape'>\n\t\t\t\t<a href='https:\/\/www.hospitaldelinares.gob.cl\/?attachment_id=11909'><img loading=\"lazy\" decoding=\"async\" width=\"150\" height=\"150\" src=\"\/wp-content\/uploads\/2022\/10\/Dia-del-Hospital-2022-9-150x150.jpg\" class=\"attachment-thumbnail size-thumbnail\" alt=\"\" \/><\/a>\n\t\t\t<\/dt><\/dl><br style=\"clear: both\" \/><dl class='gallery-item'>\n\t\t\t<dt class='gallery-icon landscape'>\n\t\t\t\t<a href='https:\/\/www.hospitaldelinares.gob.cl\/?attachment_id=11910'><img loading=\"lazy\" decoding=\"async\" width=\"150\" height=\"150\" src=\"\/wp-content\/uploads\/2022\/10\/Dia-del-Hospital-2022-10-150x150.jpg\" class=\"attachment-thumbnail size-thumbnail\" alt=\"\" \/><\/a>\n\t\t\t<\/dt><\/dl><dl class='gallery-item'>\n\t\t\t<dt class='gallery-icon landscape'>\n\t\t\t\t<a href='https:\/\/www.hospitaldelinares.gob.cl\/?attachment_id=11911'><img loading=\"lazy\" decoding=\"async\" width=\"150\" height=\"150\" src=\"\/wp-content\/uploads\/2022\/10\/Dia-del-Hospital-2022-11-150x150.jpg\" class=\"attachment-thumbnail size-thumbnail\" alt=\"\" \/><\/a>\n\t\t\t<\/dt><\/dl><dl class='gallery-item'>\n\t\t\t<dt class='gallery-icon landscape'>\n\t\t\t\t<a href='https:\/\/www.hospitaldelinares.gob.cl\/?attachment_id=11912'><img loading=\"lazy\" decoding=\"async\" width=\"150\" height=\"150\" src=\"\/wp-content\/uploads\/2022\/10\/Dia-del-Hospital-2022-12-150x150.jpg\" class=\"attachment-thumbnail size-thumbnail\" alt=\"\" \/><\/a>\n\t\t\t<\/dt><\/dl><br style=\"clear: both\" \/><dl class='gallery-item'>\n\t\t\t<dt class='gallery-icon landscape'>\n\t\t\t\t<a href='https:\/\/www.hospitaldelinares.gob.cl\/?attachment_id=11913'><img loading=\"lazy\" decoding=\"async\" width=\"150\" height=\"150\" src=\"\/wp-content\/uploads\/2022\/10\/Dia-del-Hospital-2022-13-150x150.jpg\" class=\"attachment-thumbnail size-thumbnail\" alt=\"\" \/><\/a>\n\t\t\t<\/dt><\/dl><dl class='gallery-item'>\n\t\t\t<dt class='gallery-icon landscape'>\n\t\t\t\t<a href='https:\/\/www.hospitaldelinares.gob.cl\/?attachment_id=11914'><img loading=\"lazy\" decoding=\"async\" width=\"150\" height=\"150\" src=\"\/wp-content\/uploads\/2022\/10\/Dia-del-Hospital-2022-14-150x150.jpg\" class=\"attachment-thumbnail size-thumbnail\" alt=\"\" \/><\/a>\n\t\t\t<\/dt><\/dl><dl class='gallery-item'>\n\t\t\t<dt class='gallery-icon landscape'>\n\t\t\t\t<a href='https:\/\/www.hospitaldelinares.gob.cl\/?attachment_id=11915'><img loading=\"lazy\" decoding=\"async\" width=\"150\" height=\"150\" src=\"\/wp-content\/uploads\/2022\/10\/Dia-del-Hospital-2022-15-150x150.jpg\" class=\"attachment-thumbnail size-thumbnail\" alt=\"\" \/><\/a>\n\t\t\t<\/dt><\/dl><br style=\"clear: both\" \/><dl class='gallery-item'>\n\t\t\t<dt class='gallery-icon landscape'>\n\t\t\t\t<a href='https:\/\/www.hospitaldelinares.gob.cl\/?attachment_id=11916'><img loading=\"lazy\" decoding=\"async\" width=\"150\" height=\"150\" src=\"\/wp-content\/uploads\/2022\/10\/Dia-del-Hospital-2022-150x150.jpg\" class=\"attachment-thumbnail size-thumbnail\" alt=\"\" \/><\/a>\n\t\t\t<\/dt><\/dl>\n\t\t\t<br style='clear: both' \/>\n\t\t<\/div>\n\n","protected":false},"excerpt":{"rendered":"<p>Como cada 3 de octubre se celebr\u00f3 en nuestro pa\u00eds el d\u00eda del Hospital, instancia en que se reconoci\u00f3 la importante labor de los distintos estamentos que permiten el desarrollo de la salud p\u00fablica La [&hellip;]<\/p>\n","protected":false},"author":8,"featured_media":0,"comment_status":"closed","ping_status":"closed","sticky":false,"template":"","format":"standard","meta":{"footnotes":""},"categories":[5],"tags":[],"class_list":["post-11900","post","type-post","status-publish","format-standard","hentry","category-destacados"],"_links":{"self":[{"href":"https:\/\/www.hospitaldelinares.gob.cl\/index.php?rest_route=\/wp\/v2\/posts\/11900","targetHints":{"allow":["GET"]}}],"collection":[{"href":"https:\/\/www.hospitaldelinares.gob.cl\/index.php?rest_route=\/wp\/v2\/posts"}],"about":[{"href":"https:\/\/www.hospitaldelinares.gob.cl\/index.php?rest_route=\/wp\/v2\/types\/post"}],"author":[{"embeddable":true,"href":"https:\/\/www.hospitaldelinares.gob.cl\/index.php?rest_route=\/wp\/v2\/users\/8"}],"replies":[{"embeddable":true,"href":"https:\/\/www.hospitaldelinares.gob.cl\/index.php?rest_route=%2Fwp%2Fv2%2Fcomments&post=11900"}],"version-history":[{"count":2,"href":"https:\/\/www.hospitaldelinares.gob.cl\/index.php?rest_route=\/wp\/v2\/posts\/11900\/revisions"}],"predecessor-version":[{"id":11918,"href":"https:\/\/www.hospitaldelinares.gob.cl\/index.php?rest_route=\/wp\/v2\/posts\/11900\/revisions\/11918"}],"wp:attachment":[{"href":"https:\/\/www.hospitaldelinares.gob.cl\/index.php?rest_route=%2Fwp%2Fv2%2Fmedia&parent=11900"}],"wp:term":[{"taxonomy":"category","embeddable":true,"href":"https:\/\/www.hospitaldelinares.gob.cl\/index.php?rest_route=%2Fwp%2Fv2%2Fcategories&post=11900"},{"taxonomy":"post_tag","embeddable":true,"href":"https:\/\/www.hospitaldelinares.gob.cl\/index.php?rest_route=%2Fwp%2Fv2%2Ftags&post=11900"}],"curies":[{"name":"wp","href":"https:\/\/api.w.org\/{rel}","templated":true}]}}