{"id":11832,"date":"2022-09-05T11:10:05","date_gmt":"2022-09-05T15:10:05","guid":{"rendered":"https:\/\/www.hospitaldelinares.gob.cl\/?p=11832"},"modified":"2022-09-05T11:50:49","modified_gmt":"2022-09-05T15:50:49","slug":"concurso-interno-para-el-otorgamiento-de-la-asignacion-de-responsabilidad-de-los-profesionales-funci","status":"publish","type":"post","link":"https:\/\/www.hospitaldelinares.gob.cl\/?p=11832","title":{"rendered":"CONCURSO INTERNO PARA EL OTORGAMIENTO DE LA ASIGNACION DE RESPONSABILIDAD DE LOS PROFESIONALES FUNCIOANARIOS A QUE SE REFIERE EL ART. 34 LETRA C) DE LA LEY N\u00b019.664 Y EL ART. 3\u00b0 DE LA LEY 19.198."},"content":{"rendered":"<p>LLAMESE A CONCURSO INTERNO PARA EL OTORGAMIENTO DE LA ASIGNACION DE RESPONSABILIDAD DE LOS PROFESIONALES FUNCIOANARIOS A QUE SE REFIERE EL ART. 34 LETRA C) DE LA LEY N\u00b019.664 Y EL ART. 3\u00b0 DE LA LEY 19.198.<\/p>\n<ol>\n<li><strong>CONV\u00d3QUESE<\/strong> a Concurso interno para el otorgamiento de la asignaci\u00f3n de Responsabilidad, de acuerdo a lo dispuesto en el Decreto N\u00b029\/2015, de Salud, a los servicios y jefes de equipo que a continuaci\u00f3n se indican:<\/li>\n<\/ol>\n<table style=\"height: 1123px;\" width=\"693\">\n<tbody>\n<tr>\n<td width=\"173\">SERVICIO CLINICO Y\/O UNIDAD DE APOYO<\/td>\n<td width=\"80\">HORAS<\/td>\n<td width=\"88\">% ASIGNACION<\/td>\n<td width=\"242\">PROFESION REQUERIDA<\/td>\n<\/tr>\n<tr>\n<td width=\"173\"><strong>FARMACIA ASISTENCIAL<\/strong><\/td>\n<td width=\"80\"><strong>44 HRS.<\/strong><\/td>\n<td width=\"88\"><strong>85%<\/strong><\/td>\n<td width=\"242\">T\u00edtulo Prof. De Qu\u00edmico farmac\u00e9utico, certificada y registrada en la Superintendencia de Salud.<\/td>\n<\/tr>\n<tr>\n<td width=\"173\"><strong>CRF. ODONTOLOGICO<\/strong><\/td>\n<td width=\"80\"><strong>33 HRS.<\/strong><\/td>\n<td width=\"88\"><strong>100%<\/strong><\/td>\n<td width=\"242\">T\u00edtulo Prof. de Cirujano Dentista con especialidad de Endodoncia, certificada y registrada en la Superintendencia de Salud.<\/td>\n<\/tr>\n<tr>\n<td width=\"173\"><strong>CR. PACIENTE CRITICO (UPC)<\/strong><\/td>\n<td width=\"80\"><strong>33 HRS.<\/strong><\/td>\n<td width=\"88\"><strong>100%<\/strong><\/td>\n<td width=\"242\">T\u00edtulo Prof. de M\u00e9dico Cirujano con especialidad en Medicina Interna, certificada y registrada en la Superintendencia de Salud.<\/td>\n<\/tr>\n<tr>\n<td width=\"173\"><strong>CR. ATENCION ABIERTA<\/strong><\/td>\n<td width=\"80\"><strong>44 HRS.<\/strong><\/td>\n<td width=\"88\"><strong>100%<\/strong><\/td>\n<td width=\"242\">T\u00edtulo Prof. de M\u00e9dico Cirujano con especialidad en Medicina Familiar o especialidad b\u00e1sica, certificada y registrada en la Superintendencia de Salud.<\/td>\n<\/tr>\n<tr>\n<td width=\"173\"><strong>CRF. GINECO-OBSTETRICO<\/strong><\/td>\n<td width=\"80\"><strong>22 HRS.<\/strong><\/td>\n<td width=\"88\"><strong>100%<\/strong><\/td>\n<td width=\"242\">T\u00edtulo Prof. de M\u00e9dico Cirujano con especialidad en Ginecolog\u00eda y Obstetricia o especialidad B\u00e1sica, certificada y registrada en la Superintendencia de Salud.<\/td>\n<\/tr>\n<tr>\n<td width=\"173\"><strong>CR. PEDIATRICO Y NEONATOL\u00d3GICO<\/strong><\/td>\n<td width=\"80\"><strong>33 HRS.<\/strong><\/td>\n<td width=\"88\"><strong>100%<\/strong><\/td>\n<td width=\"242\">T\u00edtulo Prof. de M\u00e9dico Cirujano con especialidad en Pediatr\u00eda o especialidad B\u00e1sica, certificada y registrada en la Superintendencia de Salud.<\/td>\n<\/tr>\n<tr>\n<td width=\"173\"><strong>DEPARTAMENTO ADQUISICIONES<\/strong><\/td>\n<td width=\"80\"><strong>44<\/strong><\/td>\n<td width=\"88\"><strong>85%<\/strong><\/td>\n<td width=\"242\">T\u00edtulo Prof. De Qu\u00edmico farmac\u00e9utico, certificada y registrada en la Superintendencia de Salud.<\/td>\n<\/tr>\n<tr>\n<td width=\"173\"><strong>UNIDAD DE IMAGENOLOGIA<\/strong><\/td>\n<td width=\"80\"><strong>22<\/strong><\/td>\n<td width=\"88\"><strong>85%<\/strong><\/td>\n<td width=\"242\">T\u00edtulo Prof. de M\u00e9dico Cirujano con especialidad en Imagenolog\u00eda, certificada y registrada en la Superintendencia de Salud.<\/td>\n<\/tr>\n<tr>\n<td width=\"173\"><strong>CR. PABELLON Y RECUPERACION ANESTESIA<\/strong><\/td>\n<td width=\"80\"><strong>22<\/strong><\/td>\n<td width=\"88\"><strong>85%<\/strong><\/td>\n<td width=\"242\">T\u00edtulo Prof. de M\u00e9dico Cirujano con especialidad en Anestesiolog\u00eda o especialidad b\u00e1sica, certificada y registrada en la Superintendencia de Salud.<\/td>\n<\/tr>\n<tr>\n<td width=\"173\"><strong>CRF. QUIRURGICO<\/strong><\/td>\n<td width=\"80\"><strong>22<\/strong><\/td>\n<td width=\"88\"><strong>100%<\/strong><\/td>\n<td width=\"242\">T\u00edtulo Prof. de M\u00e9dico Cirujano con especialidad en Cirug\u00eda General o especialidad b\u00e1sica, certificada y registrada en la Superintendencia de Salud<\/td>\n<\/tr>\n<tr>\n<td width=\"173\"><strong>CR. APOYO DIAGNOSTICO Y TERAPEUTICO<\/strong><\/td>\n<td width=\"80\"><strong>22<\/strong><\/td>\n<td width=\"88\"><strong>85%<\/strong><\/td>\n<td width=\"242\">T\u00edtulo Prof. de M\u00e9dico Cirujano con especialidad en Medicina Familiar o especialidad b\u00e1sica, certificada y registrada en la Superintendencia de Salud.<\/td>\n<\/tr>\n<tr>\n<td width=\"173\"><strong>U. SALUD MENTAL Y PSIQUIATRIA<\/strong><\/td>\n<td width=\"80\"><strong>22<\/strong><\/td>\n<td width=\"88\"><strong>85%<\/strong><\/td>\n<td width=\"242\">T\u00edtulo Prof. de M\u00e9dico Cirujano con especialidad en psiquiatr\u00eda Adulto, certificada y registrada en la Superintendencia de Salud.<\/td>\n<\/tr>\n<\/tbody>\n<\/table>\n<p>2. Se adjuntan:<\/p>\n<p><a href=\"\/wp-content\/uploads\/2022\/09\/RESOL.-EX.-N\u00b03185-CONCURSO-INTERNO-PARA-EL-OTORGAMIENTO-DE-LA-ASIGNACION-DE-RESPONSABILIDAD..pdf\">RESOL. EX. N\u00b03185 CONCURSO INTERNO PARA EL OTORGAMIENTO DE LA ASIGNACION DE RESPONSABILIDAD.<\/a><\/p>\n<p><a href=\"\/wp-content\/uploads\/2022\/09\/Bases-Asignacion-Responsabilidad-2022-FINAL.docx\">Bases-Asignacion-Responsabilidad-2022 FINAL<\/a><\/p>\n","protected":false},"excerpt":{"rendered":"<p>LLAMESE A CONCURSO INTERNO PARA EL OTORGAMIENTO DE LA ASIGNACION DE RESPONSABILIDAD DE LOS PROFESIONALES FUNCIOANARIOS A QUE SE REFIERE EL ART. 34 LETRA C) DE LA LEY N\u00b019.664 Y EL ART. 3\u00b0 DE LA [&hellip;]<\/p>\n","protected":false},"author":14,"featured_media":0,"comment_status":"closed","ping_status":"closed","sticky":false,"template":"","format":"standard","meta":{"footnotes":""},"categories":[84],"tags":[],"class_list":["post-11832","post","type-post","status-publish","format-standard","hentry","category-_gestionpersonas-archivos"],"_links":{"self":[{"href":"https:\/\/www.hospitaldelinares.gob.cl\/index.php?rest_route=\/wp\/v2\/posts\/11832","targetHints":{"allow":["GET"]}}],"collection":[{"href":"https:\/\/www.hospitaldelinares.gob.cl\/index.php?rest_route=\/wp\/v2\/posts"}],"about":[{"href":"https:\/\/www.hospitaldelinares.gob.cl\/index.php?rest_route=\/wp\/v2\/types\/post"}],"author":[{"embeddable":true,"href":"https:\/\/www.hospitaldelinares.gob.cl\/index.php?rest_route=\/wp\/v2\/users\/14"}],"replies":[{"embeddable":true,"href":"https:\/\/www.hospitaldelinares.gob.cl\/index.php?rest_route=%2Fwp%2Fv2%2Fcomments&post=11832"}],"version-history":[{"count":4,"href":"https:\/\/www.hospitaldelinares.gob.cl\/index.php?rest_route=\/wp\/v2\/posts\/11832\/revisions"}],"predecessor-version":[{"id":11839,"href":"https:\/\/www.hospitaldelinares.gob.cl\/index.php?rest_route=\/wp\/v2\/posts\/11832\/revisions\/11839"}],"wp:attachment":[{"href":"https:\/\/www.hospitaldelinares.gob.cl\/index.php?rest_route=%2Fwp%2Fv2%2Fmedia&parent=11832"}],"wp:term":[{"taxonomy":"category","embeddable":true,"href":"https:\/\/www.hospitaldelinares.gob.cl\/index.php?rest_route=%2Fwp%2Fv2%2Fcategories&post=11832"},{"taxonomy":"post_tag","embeddable":true,"href":"https:\/\/www.hospitaldelinares.gob.cl\/index.php?rest_route=%2Fwp%2Fv2%2Ftags&post=11832"}],"curies":[{"name":"wp","href":"https:\/\/api.w.org\/{rel}","templated":true}]}}