{"id":11382,"date":"2021-12-03T09:26:27","date_gmt":"2021-12-03T12:26:27","guid":{"rendered":"https:\/\/www.hospitaldelinares.gob.cl\/?p=11382"},"modified":"2022-03-03T16:38:56","modified_gmt":"2022-03-03T19:38:56","slug":"res-exenta-n-4143-modifiquese-titulo-profesional-deseable-en-el-proceso-de-seleccion-para-jefea-dept","status":"publish","type":"post","link":"https:\/\/www.hospitaldelinares.gob.cl\/?p=11382","title":{"rendered":"Res. Exenta N\u00b0 4143. Modif\u00edquese t\u00edtulo profesional deseable en el proceso de selecci\u00f3n para Jefe(a) Depto. Laboratorio Cl\u00ednico."},"content":{"rendered":"<p><a href=\"\/wp-content\/uploads\/2021\/12\/Res.-Modifi\u0301quese.pdf\">Res. Ex. 4143<\/a><\/p>\n<p><strong>MODIF\u00cdQUESE<\/strong> Res. Exenta N\u00b0 4032 con fecha 26 de noviembre de 2021, en relaci\u00f3n al t\u00edtulo profesional deseable, se\u00f1alando que la formaci\u00f3n acad\u00e9mica acorde al perfil es: T\u00edtulo profesional de M\u00e9dico(a) Cirujano(a) con especializaci\u00f3n en Laboratorios Cl\u00ednicos o Anatom\u00eda Patol\u00f3gica; Tecn\u00f3logo(a) M\u00e9dico(a) con menci\u00f3n en Laboratorios Cl\u00ednicos, o menci\u00f3n en Morfofisiopatolog\u00eda y Citodiagn\u00f3stico; Qu\u00edmico(a) Farmac\u00e9utico(a); o Bioqu\u00edmico(a). Lo anterior, en vista de que no existe la menci\u00f3n de Tecnolog\u00eda M\u00e9dica mencionada en la Resoluci\u00f3n Exenta anterior.<\/p>\n","protected":false},"excerpt":{"rendered":"<p>Res. Ex. 4143 MODIF\u00cdQUESE Res. Exenta N\u00b0 4032 con fecha 26 de noviembre de 2021, en relaci\u00f3n al t\u00edtulo profesional deseable, se\u00f1alando que la formaci\u00f3n acad\u00e9mica acorde al perfil es: T\u00edtulo profesional de M\u00e9dico(a) Cirujano(a) [&hellip;]<\/p>\n","protected":false},"author":14,"featured_media":0,"comment_status":"closed","ping_status":"closed","sticky":false,"template":"","format":"standard","meta":{"footnotes":""},"categories":[81],"tags":[],"class_list":["post-11382","post","type-post","status-publish","format-standard","hentry","category-_desarrolloorganizacional"],"_links":{"self":[{"href":"https:\/\/www.hospitaldelinares.gob.cl\/index.php?rest_route=\/wp\/v2\/posts\/11382","targetHints":{"allow":["GET"]}}],"collection":[{"href":"https:\/\/www.hospitaldelinares.gob.cl\/index.php?rest_route=\/wp\/v2\/posts"}],"about":[{"href":"https:\/\/www.hospitaldelinares.gob.cl\/index.php?rest_route=\/wp\/v2\/types\/post"}],"author":[{"embeddable":true,"href":"https:\/\/www.hospitaldelinares.gob.cl\/index.php?rest_route=\/wp\/v2\/users\/14"}],"replies":[{"embeddable":true,"href":"https:\/\/www.hospitaldelinares.gob.cl\/index.php?rest_route=%2Fwp%2Fv2%2Fcomments&post=11382"}],"version-history":[{"count":1,"href":"https:\/\/www.hospitaldelinares.gob.cl\/index.php?rest_route=\/wp\/v2\/posts\/11382\/revisions"}],"predecessor-version":[{"id":11384,"href":"https:\/\/www.hospitaldelinares.gob.cl\/index.php?rest_route=\/wp\/v2\/posts\/11382\/revisions\/11384"}],"wp:attachment":[{"href":"https:\/\/www.hospitaldelinares.gob.cl\/index.php?rest_route=%2Fwp%2Fv2%2Fmedia&parent=11382"}],"wp:term":[{"taxonomy":"category","embeddable":true,"href":"https:\/\/www.hospitaldelinares.gob.cl\/index.php?rest_route=%2Fwp%2Fv2%2Fcategories&post=11382"},{"taxonomy":"post_tag","embeddable":true,"href":"https:\/\/www.hospitaldelinares.gob.cl\/index.php?rest_route=%2Fwp%2Fv2%2Ftags&post=11382"}],"curies":[{"name":"wp","href":"https:\/\/api.w.org\/{rel}","templated":true}]}}