{"id":11266,"date":"2021-11-15T16:56:09","date_gmt":"2021-11-15T19:56:09","guid":{"rendered":"https:\/\/www.hospitaldelinares.gob.cl\/?p=11266"},"modified":"2021-11-15T16:56:09","modified_gmt":"2021-11-15T19:56:09","slug":"operativo-quirurgico-en-alianza-con-clinica-alemana-beneficia-a-usuarios-agilizando-la-lista-de-espe","status":"publish","type":"post","link":"https:\/\/www.hospitaldelinares.gob.cl\/?p=11266","title":{"rendered":"Operativo quir\u00fargico en alianza con Cl\u00ednica Alemana beneficia a usuarios agilizando la lista de espera del Hospital de Linares"},"content":{"rendered":"<p>Se trata de aproximadamente 45 pacientes que ser\u00e1n intervenidos en esta oportunidad por v\u00e1rices y Colecistectom\u00eda, que es la cirug\u00eda para extirpar la ves\u00edcula<\/p>\n<p><a href=\"\/wp-content\/uploads\/2021\/11\/Operativo-SSM-HBL-Clinica-Las-Condes-5.jpg\" rel=\"lightbox\" title=\"Operativo quir\u00fargico en alianza con Cl\u00ednica Alemana beneficia a usuarios agilizando la lista de espera del Hospital de Linares\"><img loading=\"lazy\" decoding=\"async\" class=\"size-medium wp-image-11267 aligncenter\" src=\"\/wp-content\/uploads\/2021\/11\/Operativo-SSM-HBL-Clinica-Las-Condes-5-427x320.jpg\" alt=\"\" width=\"427\" height=\"320\" srcset=\"https:\/\/www.hospitaldelinares.gob.cl\/wp-content\/uploads\/2021\/11\/Operativo-SSM-HBL-Clinica-Las-Condes-5-427x320.jpg 427w, https:\/\/www.hospitaldelinares.gob.cl\/wp-content\/uploads\/2021\/11\/Operativo-SSM-HBL-Clinica-Las-Condes-5.jpg 640w\" sizes=\"auto, (max-width: 427px) 100vw, 427px\" \/><\/a><\/p>\n<p>Gracias al trabajo conjunto entre el Servicio de Salud Maule, la cl\u00ednica Alemana y el hospital de Linares, se ha podido materializar esta iniciativa que viene a apoyar la reducci\u00f3n de la lista de espera quir\u00fargica del centro asistencial linarense y por ende beneficiar a los usuarios de salud del maule sur.<\/p>\n<p>El operativo que se desarrolla los d\u00edas 12, 13 y 14 de noviembre con equipos t\u00e9cnicos y m\u00e9dicos del hospital junto a profesionales de cl\u00ednica Alemana, beneficiar\u00e1 a 45 pacientes adultos que se encuentren en lista de espera desde 2018.<\/p>\n<p>Se trata de cirug\u00edas ambulatorias, Safenectom\u00eda (v\u00e1rices) y Colecistectom\u00eda (ves\u00edcula), donde se espera no existan complejidades.<\/p>\n<p>El director del Servicio de Salud Maule Dr. Luis Jaime, indic\u00f3 \u201cQuiero relevar el trabajo que est\u00e1 haciendo la Cl\u00ednica Alemana, en conjunto con el Servicio de Salud Maule, esta alianza estrat\u00e9gica comenz\u00f3 a funcionar en el a\u00f1o 2019, es as\u00ed como se han desarrollado operativos tanto en Curic\u00f3 como en Linares, estamos trabajando para poder tambi\u00e9n hacerlos en otras \u00e1reas de la medicina como en otorrino, oftalmolog\u00eda y otros, adem\u00e1s estamos trabajando a trav\u00e9s de telemedicina con Cl\u00ednica Alemana. Esta es una alianza espectacular, es poder entregar una respuesta de alta calidad, estamos muy contentos. Tambi\u00e9n quiero agradecer al Desaf\u00edo Levantemos Chile, que han coordinado el operativo y obviamente a los funcionarios del Hospital de Linares, quienes junto al equipo de Cl\u00ednica Alemana est\u00e1n aqu\u00ed de forma voluntaria\u201d.<\/p>\n<p>Por su parte , el Dr. V\u00edctor Bianchi, Jefe de Enfermedades Cardiovasculares de Cl\u00ednica Alemana, sostuvo que \u201cEstamos aqu\u00ed en el Hospital de Linares para colaborar\u00a0 con el Servicio de Salud Maule y con el mismo Hospital respecto a la resoluci\u00f3n de patolog\u00edas que se han ido quedando atrasadas producto de la pandemia, producto de la presi\u00f3n asistencial, en fin, y es un gusto para nosotros poder ofrecer t\u00e9cnicas que son las modernas, con r\u00e1pida recuperaci\u00f3n y con un ejemplo de colaboraci\u00f3n que nos va a permitir operar a un importante n\u00famero de pacientes, sobre todo en forma ambulatoria, que es una realidad en el mundo desarrollado. Con el Servicio de Salud Maule se desarroll\u00f3 la colaboraci\u00f3n en el a\u00f1o 2019 en el Hospital de Curic\u00f3.<\/p>\n<p>Ahora despu\u00e9s de la gran ola de la pandemia hemos reanudado este convenio y la idea es seguir, esto no es algo puntual, estamos disponibles para apoyar en lo que sea necesario, como instituci\u00f3n estamos dispuestos a ayudar al sistema\u201d.<\/p>\n<p>En tanto, Mar\u00eda Francisca Aguirre, l\u00edder del Desaf\u00edo Levantemos Chile del Maule Sur, manifest\u00f3 \u201cNosotros queremos agradecer a la Cl\u00ednica Alemana y al Servicio de Salud Maule por permitirnos realizar este operativo que ya venimos trabajando desde el 2019. Creemos como fundaci\u00f3n que no hay nada m\u00e1s solidario que ser eficientes, es por eso que a pesar de la pandemia hemos continuado todo este trabajo, es un agrado trabajar con el Servicio de Salud Maule, con quienes hemos realizado diferentes acciones, as\u00ed que agradecemos a los equipos que hoy est\u00e1n haciendo posible concretar este operativo\u201d.<\/p>\n<p>Finalmente, Nolasco P\u00e9rez director del hospital de Linares expres\u00f3 \u201cQuiero agradecer la enorme disposici\u00f3n de todos quienes hoy hacen posible este operativo, principalmente por confiar en el Hospital de Linares para realizar esto. Nosotros como hospital realizamos diversos operativos, pero este particularmente es muy importante, lo ven\u00edamos trabajando hace bastante tiempo, son 45 pacientes que se est\u00e1n atendiendo y ha sido un gran despliegue, hemos generado coordinaciones y toda la log\u00edstica necesaria para materializar este gran trabajo que beneficia directamente a nuestros pacientes\u201d.<\/p>\n\n\t\t<style type=\"text\/css\">\n\t\t\t#gallery-1 {\n\t\t\t\tmargin: auto;\n\t\t\t}\n\t\t\t#gallery-1 .gallery-item {\n\t\t\t\tfloat: left;\n\t\t\t\tmargin-top: 10px;\n\t\t\t\ttext-align: center;\n\t\t\t\twidth: 33%;\n\t\t\t}\n\t\t\t#gallery-1 img {\n\t\t\t\tborder: 2px solid #cfcfcf;\n\t\t\t}\n\t\t\t#gallery-1 .gallery-caption {\n\t\t\t\tmargin-left: 0;\n\t\t\t}\n\t\t\t\/* see gallery_shortcode() in wp-includes\/media.php *\/\n\t\t<\/style>\n\t\t<div id='gallery-1' class='gallery galleryid-11266 gallery-columns-3 gallery-size-thumbnail'><dl class='gallery-item'>\n\t\t\t<dt class='gallery-icon landscape'>\n\t\t\t\t<a href='https:\/\/www.hospitaldelinares.gob.cl\/?attachment_id=11271'><img loading=\"lazy\" decoding=\"async\" width=\"150\" height=\"150\" src=\"\/wp-content\/uploads\/2021\/11\/Operativo-SSM-HBL-Clinica-Las-Condes-16-150x150.jpg\" class=\"attachment-thumbnail size-thumbnail\" alt=\"\" \/><\/a>\n\t\t\t<\/dt><\/dl><dl class='gallery-item'>\n\t\t\t<dt class='gallery-icon landscape'>\n\t\t\t\t<a href='https:\/\/www.hospitaldelinares.gob.cl\/?attachment_id=11270'><img loading=\"lazy\" decoding=\"async\" width=\"150\" height=\"150\" src=\"\/wp-content\/uploads\/2021\/11\/Operativo-SSM-HBL-Clinica-Las-Condes-15-150x150.jpg\" class=\"attachment-thumbnail size-thumbnail\" alt=\"\" \/><\/a>\n\t\t\t<\/dt><\/dl><dl class='gallery-item'>\n\t\t\t<dt class='gallery-icon landscape'>\n\t\t\t\t<a href='https:\/\/www.hospitaldelinares.gob.cl\/?attachment_id=11269'><img loading=\"lazy\" decoding=\"async\" width=\"150\" height=\"150\" src=\"\/wp-content\/uploads\/2021\/11\/Operativo-SSM-HBL-Clinica-Las-Condes-9-150x150.jpg\" class=\"attachment-thumbnail size-thumbnail\" alt=\"\" \/><\/a>\n\t\t\t<\/dt><\/dl><br style=\"clear: both\" \/><dl class='gallery-item'>\n\t\t\t<dt class='gallery-icon landscape'>\n\t\t\t\t<a href='https:\/\/www.hospitaldelinares.gob.cl\/?attachment_id=11268'><img loading=\"lazy\" decoding=\"async\" width=\"150\" height=\"150\" src=\"\/wp-content\/uploads\/2021\/11\/Operativo-SSM-HBL-Clinica-Las-Condes-1-150x150.jpg\" class=\"attachment-thumbnail size-thumbnail\" alt=\"\" \/><\/a>\n\t\t\t<\/dt><\/dl>\n\t\t\t<br style='clear: both' \/>\n\t\t<\/div>\n\n","protected":false},"excerpt":{"rendered":"<p>Se trata de aproximadamente 45 pacientes que ser\u00e1n intervenidos en esta oportunidad por v\u00e1rices y Colecistectom\u00eda, que es la cirug\u00eda para extirpar la ves\u00edcula Gracias al trabajo conjunto entre el Servicio de Salud Maule, la [&hellip;]<\/p>\n","protected":false},"author":8,"featured_media":11267,"comment_status":"closed","ping_status":"closed","sticky":false,"template":"","format":"standard","meta":{"footnotes":""},"categories":[5],"tags":[],"class_list":["post-11266","post","type-post","status-publish","format-standard","hentry","category-destacados"],"_links":{"self":[{"href":"https:\/\/www.hospitaldelinares.gob.cl\/index.php?rest_route=\/wp\/v2\/posts\/11266","targetHints":{"allow":["GET"]}}],"collection":[{"href":"https:\/\/www.hospitaldelinares.gob.cl\/index.php?rest_route=\/wp\/v2\/posts"}],"about":[{"href":"https:\/\/www.hospitaldelinares.gob.cl\/index.php?rest_route=\/wp\/v2\/types\/post"}],"author":[{"embeddable":true,"href":"https:\/\/www.hospitaldelinares.gob.cl\/index.php?rest_route=\/wp\/v2\/users\/8"}],"replies":[{"embeddable":true,"href":"https:\/\/www.hospitaldelinares.gob.cl\/index.php?rest_route=%2Fwp%2Fv2%2Fcomments&post=11266"}],"version-history":[{"count":1,"href":"https:\/\/www.hospitaldelinares.gob.cl\/index.php?rest_route=\/wp\/v2\/posts\/11266\/revisions"}],"predecessor-version":[{"id":11272,"href":"https:\/\/www.hospitaldelinares.gob.cl\/index.php?rest_route=\/wp\/v2\/posts\/11266\/revisions\/11272"}],"wp:featuredmedia":[{"embeddable":true,"href":"https:\/\/www.hospitaldelinares.gob.cl\/index.php?rest_route=\/wp\/v2\/media\/11267"}],"wp:attachment":[{"href":"https:\/\/www.hospitaldelinares.gob.cl\/index.php?rest_route=%2Fwp%2Fv2%2Fmedia&parent=11266"}],"wp:term":[{"taxonomy":"category","embeddable":true,"href":"https:\/\/www.hospitaldelinares.gob.cl\/index.php?rest_route=%2Fwp%2Fv2%2Fcategories&post=11266"},{"taxonomy":"post_tag","embeddable":true,"href":"https:\/\/www.hospitaldelinares.gob.cl\/index.php?rest_route=%2Fwp%2Fv2%2Ftags&post=11266"}],"curies":[{"name":"wp","href":"https:\/\/api.w.org\/{rel}","templated":true}]}}