{"id":11220,"date":"2021-10-18T11:43:44","date_gmt":"2021-10-18T14:43:44","guid":{"rendered":"https:\/\/www.hospitaldelinares.gob.cl\/?p=11220"},"modified":"2021-10-18T11:43:44","modified_gmt":"2021-10-18T14:43:44","slug":"servicio-de-salud-maule-y-clinica-alemana-sellan-acuerdo-para-realizar-cirugias-en-hospital-de-linar","status":"publish","type":"post","link":"https:\/\/www.hospitaldelinares.gob.cl\/?p=11220","title":{"rendered":"Servicio de Salud Maule y Cl\u00ednica Alemana sellan  acuerdo para realizar cirug\u00edas en Hospital de Linares"},"content":{"rendered":"<p>Hasta el Hospital de Linares lleg\u00f3 una delegaci\u00f3n de la Cl\u00ednica Alemana para trabajar junto a los equipos de este centro asistencial y de la Direcci\u00f3n del Servicio de Salud Maule en la definici\u00f3n de las cirug\u00edas que se llevar\u00e1n a cabo para disminuir la lista de espera existente en esta provincia.<\/p>\n<p><a href=\"\/wp-content\/uploads\/2021\/10\/Operativo-Clinica-Alemana-1.jpg\" rel=\"lightbox\" title=\"Servicio de Salud Maule y Cl\u00ednica Alemana sellan  acuerdo para realizar cirug\u00edas en Hospital de Linares\"><img loading=\"lazy\" decoding=\"async\" class=\"size-medium wp-image-11221 aligncenter\" src=\"\/wp-content\/uploads\/2021\/10\/Operativo-Clinica-Alemana-1-481x320.jpg\" alt=\"\" width=\"481\" height=\"320\" srcset=\"https:\/\/www.hospitaldelinares.gob.cl\/wp-content\/uploads\/2021\/10\/Operativo-Clinica-Alemana-1-481x320.jpg 481w, https:\/\/www.hospitaldelinares.gob.cl\/wp-content\/uploads\/2021\/10\/Operativo-Clinica-Alemana-1.jpg 640w\" sizes=\"auto, (max-width: 481px) 100vw, 481px\" \/><\/a><\/p>\n<p>Durante el encuentro, el Director del Servicio de Salud Maule, Luis Jaime valor\u00f3 la instancia como una forma concreta de aportar a la reducci\u00f3n de la lista de espera \u201cellos aportan personal y equipamiento calificado para reducir lista de espera. Es una alianza estrat\u00e9gica que hab\u00edamos iniciado en Curic\u00f3, pero por la pandemia tuvimos que suspender. Vamos a trabajar en conjunto los equipos de los hospitales de Linares y San Javier con la Cl\u00ednica Alemana\u201d, precis\u00f3 el Dr. Luis Jaime.<\/p>\n<p>En tanto el Subdirector de la Cl\u00ednica Alemana, Horacio R\u00edos, precis\u00f3 que el objetivo de la visita es coordinar una actividad de colaboraci\u00f3n con el Hospital de Linares para reducir listas de espera de aquellas personas que llevan mucho tiempo aguardando por una cirug\u00eda, sobretodo por la pandemia. \u00a0\u201cComenzar\u00edamos el 12 de noviembre, y a partir de ese fin de semana todos los fines de semana hasta el 12 de diciembre, se ver\u00e1 una especialidad diferente como trauma, otorrino y cirug\u00eda general que es lo que m\u00e1s apura al hospital para operar\u201d, concluy\u00f3 el facultativo.<\/p>\n<p>Por su parte el Director (s) del Hospital de Linares, Francisco Az\u00f3car, indic\u00f3 que la Cl\u00ednica Alemana tiene un \u00e1rea especial que se dedica a apoyar los hospitales para ayudar a disminuir las listas de espera quir\u00fargicas y de consultas de especialidad. \u201cEn este caso tuvieron la gentileza de venir a Linares y tienen toda la intenci\u00f3n de comenzar a operar durante los fines de semana, comenzando el 12 de noviembre con los cirujanos de la Cl\u00ednica Alemana y de nuestro hospital. Esto es muy beneficioso para darle soluci\u00f3n a nuestros pacientes que han quedado rezagados producto de la pandemia\u201d puntualiz\u00f3.<\/p>\n\n\t\t<style type=\"text\/css\">\n\t\t\t#gallery-1 {\n\t\t\t\tmargin: auto;\n\t\t\t}\n\t\t\t#gallery-1 .gallery-item {\n\t\t\t\tfloat: left;\n\t\t\t\tmargin-top: 10px;\n\t\t\t\ttext-align: center;\n\t\t\t\twidth: 33%;\n\t\t\t}\n\t\t\t#gallery-1 img {\n\t\t\t\tborder: 2px solid #cfcfcf;\n\t\t\t}\n\t\t\t#gallery-1 .gallery-caption {\n\t\t\t\tmargin-left: 0;\n\t\t\t}\n\t\t\t\/* see gallery_shortcode() in wp-includes\/media.php *\/\n\t\t<\/style>\n\t\t<div id='gallery-1' class='gallery galleryid-11220 gallery-columns-3 gallery-size-thumbnail'><dl class='gallery-item'>\n\t\t\t<dt class='gallery-icon landscape'>\n\t\t\t\t<a href='https:\/\/www.hospitaldelinares.gob.cl\/?attachment_id=11222'><img loading=\"lazy\" decoding=\"async\" width=\"150\" height=\"150\" src=\"\/wp-content\/uploads\/2021\/10\/Operativo-Clinica-Alemana-2-150x150.jpg\" class=\"attachment-thumbnail size-thumbnail\" alt=\"\" \/><\/a>\n\t\t\t<\/dt><\/dl><dl class='gallery-item'>\n\t\t\t<dt class='gallery-icon landscape'>\n\t\t\t\t<a href='https:\/\/www.hospitaldelinares.gob.cl\/?attachment_id=11223'><img loading=\"lazy\" decoding=\"async\" width=\"150\" height=\"150\" src=\"\/wp-content\/uploads\/2021\/10\/Operativo-Clinica-Alemana-3-150x150.jpg\" class=\"attachment-thumbnail size-thumbnail\" alt=\"\" \/><\/a>\n\t\t\t<\/dt><\/dl><dl class='gallery-item'>\n\t\t\t<dt class='gallery-icon landscape'>\n\t\t\t\t<a href='https:\/\/www.hospitaldelinares.gob.cl\/?attachment_id=11224'><img loading=\"lazy\" decoding=\"async\" width=\"150\" height=\"150\" src=\"\/wp-content\/uploads\/2021\/10\/Operativo-Clinica-Alemana-4-150x150.jpg\" class=\"attachment-thumbnail size-thumbnail\" alt=\"\" \/><\/a>\n\t\t\t<\/dt><\/dl><br style=\"clear: both\" \/>\n\t\t<\/div>\n\n","protected":false},"excerpt":{"rendered":"<p>Hasta el Hospital de Linares lleg\u00f3 una delegaci\u00f3n de la Cl\u00ednica Alemana para trabajar junto a los equipos de este centro asistencial y de la Direcci\u00f3n del Servicio de Salud Maule en la definici\u00f3n de [&hellip;]<\/p>\n","protected":false},"author":8,"featured_media":11221,"comment_status":"closed","ping_status":"closed","sticky":false,"template":"","format":"standard","meta":{"footnotes":""},"categories":[5],"tags":[],"class_list":["post-11220","post","type-post","status-publish","format-standard","hentry","category-destacados"],"_links":{"self":[{"href":"https:\/\/www.hospitaldelinares.gob.cl\/index.php?rest_route=\/wp\/v2\/posts\/11220","targetHints":{"allow":["GET"]}}],"collection":[{"href":"https:\/\/www.hospitaldelinares.gob.cl\/index.php?rest_route=\/wp\/v2\/posts"}],"about":[{"href":"https:\/\/www.hospitaldelinares.gob.cl\/index.php?rest_route=\/wp\/v2\/types\/post"}],"author":[{"embeddable":true,"href":"https:\/\/www.hospitaldelinares.gob.cl\/index.php?rest_route=\/wp\/v2\/users\/8"}],"replies":[{"embeddable":true,"href":"https:\/\/www.hospitaldelinares.gob.cl\/index.php?rest_route=%2Fwp%2Fv2%2Fcomments&post=11220"}],"version-history":[{"count":1,"href":"https:\/\/www.hospitaldelinares.gob.cl\/index.php?rest_route=\/wp\/v2\/posts\/11220\/revisions"}],"predecessor-version":[{"id":11225,"href":"https:\/\/www.hospitaldelinares.gob.cl\/index.php?rest_route=\/wp\/v2\/posts\/11220\/revisions\/11225"}],"wp:featuredmedia":[{"embeddable":true,"href":"https:\/\/www.hospitaldelinares.gob.cl\/index.php?rest_route=\/wp\/v2\/media\/11221"}],"wp:attachment":[{"href":"https:\/\/www.hospitaldelinares.gob.cl\/index.php?rest_route=%2Fwp%2Fv2%2Fmedia&parent=11220"}],"wp:term":[{"taxonomy":"category","embeddable":true,"href":"https:\/\/www.hospitaldelinares.gob.cl\/index.php?rest_route=%2Fwp%2Fv2%2Fcategories&post=11220"},{"taxonomy":"post_tag","embeddable":true,"href":"https:\/\/www.hospitaldelinares.gob.cl\/index.php?rest_route=%2Fwp%2Fv2%2Ftags&post=11220"}],"curies":[{"name":"wp","href":"https:\/\/api.w.org\/{rel}","templated":true}]}}