{"id":11210,"date":"2021-10-18T11:40:12","date_gmt":"2021-10-18T14:40:12","guid":{"rendered":"https:\/\/www.hospitaldelinares.gob.cl\/?p=11210"},"modified":"2021-10-18T11:40:12","modified_gmt":"2021-10-18T14:40:12","slug":"dia-mundial-de-la-concientizacion-sobre-la-muerte-gestacional-perinatal-y-neonatal","status":"publish","type":"post","link":"https:\/\/www.hospitaldelinares.gob.cl\/?p=11210","title":{"rendered":"D\u00eda Mundial de la Concientizaci\u00f3n sobre la Muerte Gestacional, Perinatal y Neonatal"},"content":{"rendered":"<p>Con el objetivo de reconocer la tem\u00e1tica se dispuso de un stand informativo en hall principal del establecimiento<\/p>\n<p><a href=\"\/wp-content\/uploads\/2021\/10\/Concientizacion-sobre-la-Muerte-Gestacional-Perinatal-y-Neonatal-3.jpg\" rel=\"lightbox\" title=\"D\u00eda Mundial de la Concientizaci\u00f3n sobre la Muerte Gestacional, Perinatal y Neonatal\"><img loading=\"lazy\" decoding=\"async\" class=\"size-medium wp-image-11211 aligncenter\" src=\"\/wp-content\/uploads\/2021\/10\/Concientizacion-sobre-la-Muerte-Gestacional-Perinatal-y-Neonatal-3-481x320.jpg\" alt=\"\" width=\"481\" height=\"320\" srcset=\"https:\/\/www.hospitaldelinares.gob.cl\/wp-content\/uploads\/2021\/10\/Concientizacion-sobre-la-Muerte-Gestacional-Perinatal-y-Neonatal-3-481x320.jpg 481w, https:\/\/www.hospitaldelinares.gob.cl\/wp-content\/uploads\/2021\/10\/Concientizacion-sobre-la-Muerte-Gestacional-Perinatal-y-Neonatal-3.jpg 640w\" sizes=\"auto, (max-width: 481px) 100vw, 481px\" \/><\/a><\/p>\n<p>El equipo del Programa de Acompa\u00f1amiento de la Ley 21.030 de la Interrupci\u00f3n Voluntaria del Embarazo del hospital de Linares present\u00f3 aspectos de la tem\u00e1tica, destacando sus conceptos.<\/p>\n<p><a href=\"\/wp-content\/uploads\/2021\/10\/duelo-perinatal-002.jpg\" rel=\"lightbox\" title=\"D\u00eda Mundial de la Concientizaci\u00f3n sobre la Muerte Gestacional, Perinatal y Neonatal\"><img loading=\"lazy\" decoding=\"async\" class=\"size-medium wp-image-11212 alignleft\" src=\"\/wp-content\/uploads\/2021\/10\/duelo-perinatal-002-213x320.jpg\" alt=\"\" width=\"213\" height=\"320\" srcset=\"https:\/\/www.hospitaldelinares.gob.cl\/wp-content\/uploads\/2021\/10\/duelo-perinatal-002-213x320.jpg 213w, https:\/\/www.hospitaldelinares.gob.cl\/wp-content\/uploads\/2021\/10\/duelo-perinatal-002.jpg 564w\" sizes=\"auto, (max-width: 213px) 100vw, 213px\" \/><\/a><a href=\"\/wp-content\/uploads\/2021\/10\/DUELO-GESTACIONAL-002.jpg\" rel=\"lightbox\" title=\"D\u00eda Mundial de la Concientizaci\u00f3n sobre la Muerte Gestacional, Perinatal y Neonatal\"><img loading=\"lazy\" decoding=\"async\" class=\"alignright size-medium wp-image-11213\" src=\"\/wp-content\/uploads\/2021\/10\/DUELO-GESTACIONAL-002-213x320.jpg\" alt=\"\" width=\"213\" height=\"320\" srcset=\"https:\/\/www.hospitaldelinares.gob.cl\/wp-content\/uploads\/2021\/10\/DUELO-GESTACIONAL-002-213x320.jpg 213w, https:\/\/www.hospitaldelinares.gob.cl\/wp-content\/uploads\/2021\/10\/DUELO-GESTACIONAL-002.jpg 564w\" sizes=\"auto, (max-width: 213px) 100vw, 213px\" \/><\/a><\/p>\n<p>El equipo del Programa de Acompa\u00f1amiento Ley 21.030 o Ley IVE, Interrupci\u00f3n Voluntaria del Embarazo en 3 causales, est\u00e1 compuesto por el dr. V\u00edctor Ch\u00e1vez P\u00e9rez, la Matrona Srta. Elizabeth V\u00e1squez Moya y la dupla Psicosocial: Ps. Mar\u00eda Fernanda Cofr\u00e9 Castro y la Ts. M\u00f3nica Wilson Cancino.<\/p>\n\n\t\t<style type=\"text\/css\">\n\t\t\t#gallery-1 {\n\t\t\t\tmargin: auto;\n\t\t\t}\n\t\t\t#gallery-1 .gallery-item {\n\t\t\t\tfloat: left;\n\t\t\t\tmargin-top: 10px;\n\t\t\t\ttext-align: center;\n\t\t\t\twidth: 33%;\n\t\t\t}\n\t\t\t#gallery-1 img {\n\t\t\t\tborder: 2px solid #cfcfcf;\n\t\t\t}\n\t\t\t#gallery-1 .gallery-caption {\n\t\t\t\tmargin-left: 0;\n\t\t\t}\n\t\t\t\/* see gallery_shortcode() in wp-includes\/media.php *\/\n\t\t<\/style>\n\t\t<div id='gallery-1' class='gallery galleryid-11210 gallery-columns-3 gallery-size-thumbnail'><dl class='gallery-item'>\n\t\t\t<dt class='gallery-icon landscape'>\n\t\t\t\t<a href='https:\/\/www.hospitaldelinares.gob.cl\/?attachment_id=11215'><img loading=\"lazy\" decoding=\"async\" width=\"150\" height=\"150\" src=\"\/wp-content\/uploads\/2021\/10\/frases-duelo-perinatal-150x150.jpg\" class=\"attachment-thumbnail size-thumbnail\" alt=\"\" \/><\/a>\n\t\t\t<\/dt><\/dl><dl class='gallery-item'>\n\t\t\t<dt class='gallery-icon landscape'>\n\t\t\t\t<a href='https:\/\/www.hospitaldelinares.gob.cl\/?attachment_id=11216'><img loading=\"lazy\" decoding=\"async\" width=\"150\" height=\"150\" src=\"\/wp-content\/uploads\/2021\/10\/Concientizacion-sobre-la-Muerte-Gestacional-Perinatal-y-Neonatal-1-150x150.jpg\" class=\"attachment-thumbnail size-thumbnail\" alt=\"\" \/><\/a>\n\t\t\t<\/dt><\/dl><dl class='gallery-item'>\n\t\t\t<dt class='gallery-icon landscape'>\n\t\t\t\t<a href='https:\/\/www.hospitaldelinares.gob.cl\/?attachment_id=11217'><img loading=\"lazy\" decoding=\"async\" width=\"150\" height=\"150\" src=\"\/wp-content\/uploads\/2021\/10\/Concientizacion-sobre-la-Muerte-Gestacional-Perinatal-y-Neonatal-2-150x150.jpg\" class=\"attachment-thumbnail size-thumbnail\" alt=\"\" \/><\/a>\n\t\t\t<\/dt><\/dl><br style=\"clear: both\" \/><dl class='gallery-item'>\n\t\t\t<dt class='gallery-icon landscape'>\n\t\t\t\t<a href='https:\/\/www.hospitaldelinares.gob.cl\/?attachment_id=11218'><img loading=\"lazy\" decoding=\"async\" width=\"150\" height=\"150\" src=\"\/wp-content\/uploads\/2021\/10\/Concientizacion-sobre-la-Muerte-Gestacional-Perinatal-y-Neonatal-4-150x150.jpg\" class=\"attachment-thumbnail size-thumbnail\" alt=\"\" \/><\/a>\n\t\t\t<\/dt><\/dl>\n\t\t\t<br style='clear: both' \/>\n\t\t<\/div>\n\n","protected":false},"excerpt":{"rendered":"<p>Con el objetivo de reconocer la tem\u00e1tica se dispuso de un stand informativo en hall principal del establecimiento El equipo del Programa de Acompa\u00f1amiento de la Ley 21.030 de la Interrupci\u00f3n Voluntaria del Embarazo del [&hellip;]<\/p>\n","protected":false},"author":8,"featured_media":11211,"comment_status":"closed","ping_status":"closed","sticky":false,"template":"","format":"standard","meta":{"footnotes":""},"categories":[5],"tags":[],"class_list":["post-11210","post","type-post","status-publish","format-standard","hentry","category-destacados"],"_links":{"self":[{"href":"https:\/\/www.hospitaldelinares.gob.cl\/index.php?rest_route=\/wp\/v2\/posts\/11210","targetHints":{"allow":["GET"]}}],"collection":[{"href":"https:\/\/www.hospitaldelinares.gob.cl\/index.php?rest_route=\/wp\/v2\/posts"}],"about":[{"href":"https:\/\/www.hospitaldelinares.gob.cl\/index.php?rest_route=\/wp\/v2\/types\/post"}],"author":[{"embeddable":true,"href":"https:\/\/www.hospitaldelinares.gob.cl\/index.php?rest_route=\/wp\/v2\/users\/8"}],"replies":[{"embeddable":true,"href":"https:\/\/www.hospitaldelinares.gob.cl\/index.php?rest_route=%2Fwp%2Fv2%2Fcomments&post=11210"}],"version-history":[{"count":2,"href":"https:\/\/www.hospitaldelinares.gob.cl\/index.php?rest_route=\/wp\/v2\/posts\/11210\/revisions"}],"predecessor-version":[{"id":11219,"href":"https:\/\/www.hospitaldelinares.gob.cl\/index.php?rest_route=\/wp\/v2\/posts\/11210\/revisions\/11219"}],"wp:featuredmedia":[{"embeddable":true,"href":"https:\/\/www.hospitaldelinares.gob.cl\/index.php?rest_route=\/wp\/v2\/media\/11211"}],"wp:attachment":[{"href":"https:\/\/www.hospitaldelinares.gob.cl\/index.php?rest_route=%2Fwp%2Fv2%2Fmedia&parent=11210"}],"wp:term":[{"taxonomy":"category","embeddable":true,"href":"https:\/\/www.hospitaldelinares.gob.cl\/index.php?rest_route=%2Fwp%2Fv2%2Fcategories&post=11210"},{"taxonomy":"post_tag","embeddable":true,"href":"https:\/\/www.hospitaldelinares.gob.cl\/index.php?rest_route=%2Fwp%2Fv2%2Ftags&post=11210"}],"curies":[{"name":"wp","href":"https:\/\/api.w.org\/{rel}","templated":true}]}}