{"id":11204,"date":"2021-10-18T11:37:03","date_gmt":"2021-10-18T14:37:03","guid":{"rendered":"https:\/\/www.hospitaldelinares.gob.cl\/?p=11204"},"modified":"2021-10-18T11:37:03","modified_gmt":"2021-10-18T14:37:03","slug":"destacan-el-dia-de-los-cuidados-paliativos","status":"publish","type":"post","link":"https:\/\/www.hospitaldelinares.gob.cl\/?p=11204","title":{"rendered":"Destacan el D\u00eda de los Cuidados Paliativos"},"content":{"rendered":"<p>La Unidad de Cuidados Paliativos del Hospital de Linares desarroll\u00f3 una serie de actividades con el fin de Informar y concientizar acerca de la existencia de este tipo de atenciones y su importancia<\/p>\n<p><a href=\"\/wp-content\/uploads\/2021\/10\/Dia-de-los-Cuidados-Paliativos.jpg\" rel=\"lightbox\" title=\"Destacan el D\u00eda de los Cuidados Paliativos\"><img loading=\"lazy\" decoding=\"async\" class=\"size-medium wp-image-11205 aligncenter\" src=\"\/wp-content\/uploads\/2021\/10\/Dia-de-los-Cuidados-Paliativos-481x320.jpg\" alt=\"\" width=\"481\" height=\"320\" srcset=\"https:\/\/www.hospitaldelinares.gob.cl\/wp-content\/uploads\/2021\/10\/Dia-de-los-Cuidados-Paliativos-481x320.jpg 481w, https:\/\/www.hospitaldelinares.gob.cl\/wp-content\/uploads\/2021\/10\/Dia-de-los-Cuidados-Paliativos.jpg 640w\" sizes=\"auto, (max-width: 481px) 100vw, 481px\" \/><\/a><\/p>\n<p>Con el lema 2021 \u00abNo dejar a nadie atr\u00e1s: equidad en el acceso a los cuidados paliativos\u00bb, se quiere destacar la existencia e importancia del acceso a los cuidados paliativos, buscar equidad y aumentar la concientizaci\u00f3n sobre su necesidad.<\/p>\n<p>La dra. Nilger Garc\u00eda, quien lidera el equipo de Cuidados Paliativos de nuestro centro asistencial destac\u00f3 en las distintas actividades organizadas para la ocasi\u00f3n, que es importante mejorar el bien estar, el confort y la dignidad de los pacientes y sus familias.<\/p>\n<p>Es por ello, que el trabajo consiste en la asistencia al paciente y a su entorno familiar, por un equipo multiprofesional: m\u00e9dico, enfermera, nutricionista, psic\u00f3logo y Tens, cuyos principales objetivos son, empat\u00eda, resiliencia, alivio el dolor y s\u00edntomas, sufrimiento psicol\u00f3gico, sufrimiento espiritual y necesidades sociales y mejorar su calidad de vida.<\/p>\n<p>Destac\u00f3 finalmente que personas de cualquier edad confirmadas de c\u00e1ncer (progresivo y no progresivo) acceden a las prestaciones con medicamentos: oral. Ev y sub. cut\u00e1neo; ayudas t\u00e9cnicas; suplemento alimenticio y Visita domiciliaria.<\/p>\n<p>&nbsp;<\/p>\n<p><a href=\"\/wp-content\/uploads\/2021\/10\/PENDON-PALIATIVOS-1.jpg\" rel=\"lightbox\" title=\"Destacan el D\u00eda de los Cuidados Paliativos\"><img loading=\"lazy\" decoding=\"async\" class=\"size-medium wp-image-11208 aligncenter\" src=\"\/wp-content\/uploads\/2021\/10\/PENDON-PALIATIVOS-1-160x320.jpg\" alt=\"\" width=\"160\" height=\"320\" srcset=\"https:\/\/www.hospitaldelinares.gob.cl\/wp-content\/uploads\/2021\/10\/PENDON-PALIATIVOS-1-160x320.jpg 160w, https:\/\/www.hospitaldelinares.gob.cl\/wp-content\/uploads\/2021\/10\/PENDON-PALIATIVOS-1.jpg 480w\" sizes=\"auto, (max-width: 160px) 100vw, 160px\" \/><\/a><\/p>\n","protected":false},"excerpt":{"rendered":"<p>La Unidad de Cuidados Paliativos del Hospital de Linares desarroll\u00f3 una serie de actividades con el fin de Informar y concientizar acerca de la existencia de este tipo de atenciones y su importancia Con el [&hellip;]<\/p>\n","protected":false},"author":8,"featured_media":11205,"comment_status":"closed","ping_status":"closed","sticky":false,"template":"","format":"standard","meta":{"footnotes":""},"categories":[5],"tags":[],"class_list":["post-11204","post","type-post","status-publish","format-standard","hentry","category-destacados"],"_links":{"self":[{"href":"https:\/\/www.hospitaldelinares.gob.cl\/index.php?rest_route=\/wp\/v2\/posts\/11204","targetHints":{"allow":["GET"]}}],"collection":[{"href":"https:\/\/www.hospitaldelinares.gob.cl\/index.php?rest_route=\/wp\/v2\/posts"}],"about":[{"href":"https:\/\/www.hospitaldelinares.gob.cl\/index.php?rest_route=\/wp\/v2\/types\/post"}],"author":[{"embeddable":true,"href":"https:\/\/www.hospitaldelinares.gob.cl\/index.php?rest_route=\/wp\/v2\/users\/8"}],"replies":[{"embeddable":true,"href":"https:\/\/www.hospitaldelinares.gob.cl\/index.php?rest_route=%2Fwp%2Fv2%2Fcomments&post=11204"}],"version-history":[{"count":2,"href":"https:\/\/www.hospitaldelinares.gob.cl\/index.php?rest_route=\/wp\/v2\/posts\/11204\/revisions"}],"predecessor-version":[{"id":11209,"href":"https:\/\/www.hospitaldelinares.gob.cl\/index.php?rest_route=\/wp\/v2\/posts\/11204\/revisions\/11209"}],"wp:featuredmedia":[{"embeddable":true,"href":"https:\/\/www.hospitaldelinares.gob.cl\/index.php?rest_route=\/wp\/v2\/media\/11205"}],"wp:attachment":[{"href":"https:\/\/www.hospitaldelinares.gob.cl\/index.php?rest_route=%2Fwp%2Fv2%2Fmedia&parent=11204"}],"wp:term":[{"taxonomy":"category","embeddable":true,"href":"https:\/\/www.hospitaldelinares.gob.cl\/index.php?rest_route=%2Fwp%2Fv2%2Fcategories&post=11204"},{"taxonomy":"post_tag","embeddable":true,"href":"https:\/\/www.hospitaldelinares.gob.cl\/index.php?rest_route=%2Fwp%2Fv2%2Ftags&post=11204"}],"curies":[{"name":"wp","href":"https:\/\/api.w.org\/{rel}","templated":true}]}}