{"id":11037,"date":"2021-09-21T10:42:58","date_gmt":"2021-09-21T13:42:58","guid":{"rendered":"https:\/\/www.hospitaldelinares.gob.cl\/?p=11037"},"modified":"2021-09-24T09:30:55","modified_gmt":"2021-09-24T12:30:55","slug":"hospital-de-linares-reconocio-a-sus-mas-de-1200-funcionarios-por-su-valiosa-labor-en-pandemia","status":"publish","type":"post","link":"https:\/\/www.hospitaldelinares.gob.cl\/?p=11037","title":{"rendered":"Hospital de Linares reconoci\u00f3 a sus m\u00e1s de 1200 funcionarios por su valiosa labor en pandemia"},"content":{"rendered":"<p>El equipo directivo destac\u00f3 el valor y compromiso de cada uno de los funcionarios que por m\u00e1s de un a\u00f1o y medio han enfrentado la dif\u00edcil situaci\u00f3n sanitaria<\/p>\n<p><a href=\"\/wp-content\/uploads\/2021\/09\/lamina-gracias.jpg\" rel=\"lightbox\" title=\"Hospital de Linares reconoci\u00f3 a sus m\u00e1s de 1200 funcionarios por su valiosa labor en pandemia\"><img loading=\"lazy\" decoding=\"async\" class=\"size-medium wp-image-11038 aligncenter\" src=\"\/wp-content\/uploads\/2021\/09\/lamina-gracias-549x320.jpg\" alt=\"\" width=\"549\" height=\"320\" srcset=\"https:\/\/www.hospitaldelinares.gob.cl\/wp-content\/uploads\/2021\/09\/lamina-gracias-549x320.jpg 549w, https:\/\/www.hospitaldelinares.gob.cl\/wp-content\/uploads\/2021\/09\/lamina-gracias.jpg 640w\" sizes=\"auto, (max-width: 549px) 100vw, 549px\" \/><\/a><\/p>\n<p>Diariamente y por m\u00e1s de un a\u00f1o y medio funcionarios de salud se han enfrentado a desaf\u00edos y situaciones complejas e inciertas a causa del Covid 19, sin embargo, le han hecho frente, utilizando conocimientos, habilidades y sobre todo compromiso, dejando de lado el miedo y el tener que enfrentar la distancia de los seres queridos.<\/p>\n<p>Es por lo anterior que el equipo directivo del centro asistencial linarense brind\u00f3 un merecido reconocimiento a cada uno de sus funcionarios que han estado a los cuidados de la comunidad.<\/p>\n<p>As\u00ed lo destac\u00f3 Nolasco P\u00e9rez, director del centro asistencial, quien valor\u00f3 el compromiso de los distintos estamentos que ha permitido mantener las atenciones de la mejor forma en el principal centro de salud del Maule sur.<\/p>\n<p><a href=\"\/wp-content\/uploads\/2021\/09\/Reconocimiento-funcionario-1.jpg\" rel=\"lightbox\" title=\"Hospital de Linares reconoci\u00f3 a sus m\u00e1s de 1200 funcionarios por su valiosa labor en pandemia\"><img loading=\"lazy\" decoding=\"async\" class=\"size-medium wp-image-11065 aligncenter\" src=\"\/wp-content\/uploads\/2021\/09\/Reconocimiento-funcionario-1-480x320.jpg\" alt=\"\" width=\"480\" height=\"320\" srcset=\"https:\/\/www.hospitaldelinares.gob.cl\/wp-content\/uploads\/2021\/09\/Reconocimiento-funcionario-1-480x320.jpg 480w, https:\/\/www.hospitaldelinares.gob.cl\/wp-content\/uploads\/2021\/09\/Reconocimiento-funcionario-1.jpg 640w\" sizes=\"auto, (max-width: 480px) 100vw, 480px\" \/><\/a><\/p>\n<p>\u201cEsta actividad tiene como finalidad homenajear a cada uno de los trabajadores de nuestro hospital y darles las gracias por el compromiso que han demostrado en esta pandemia, que va m\u00e1s all\u00e1 de un sueldo, sino que todos han puesta cari\u00f1o, coraz\u00f3n, voluntad, amor y honor por sacar adelante cientos de pacientes y gracias a ellos hoy est\u00e1n vivos, muchas gracias\u201d, destac\u00f3.<\/p>\n<p>Existe la certeza de que han sido cientos de personas a quienes han cuidado y hoy est\u00e1n junto a sus familias y seres queridos, felices porque tienen una oportunidad m\u00e1s.<\/p>\n<p>Por todo esto no debemos olvidar, que un hospital lo forman personas que ofrecen sus habilidades y su coraz\u00f3n por el bien de otros.<\/p>\n\n\t\t<style type=\"text\/css\">\n\t\t\t#gallery-1 {\n\t\t\t\tmargin: auto;\n\t\t\t}\n\t\t\t#gallery-1 .gallery-item {\n\t\t\t\tfloat: left;\n\t\t\t\tmargin-top: 10px;\n\t\t\t\ttext-align: center;\n\t\t\t\twidth: 33%;\n\t\t\t}\n\t\t\t#gallery-1 img {\n\t\t\t\tborder: 2px solid #cfcfcf;\n\t\t\t}\n\t\t\t#gallery-1 .gallery-caption {\n\t\t\t\tmargin-left: 0;\n\t\t\t}\n\t\t\t\/* see gallery_shortcode() in wp-includes\/media.php *\/\n\t\t<\/style>\n\t\t<div id='gallery-1' class='gallery galleryid-11037 gallery-columns-3 gallery-size-thumbnail'><dl class='gallery-item'>\n\t\t\t<dt class='gallery-icon landscape'>\n\t\t\t\t<a href='\/wp-content\/uploads\/2021\/09\/Ceremonia-Reconocimiento-Funcionarios-HBL-25.jpg' rel=\"lightbox[11037]\"><img loading=\"lazy\" decoding=\"async\" width=\"150\" height=\"150\" src=\"\/wp-content\/uploads\/2021\/09\/Ceremonia-Reconocimiento-Funcionarios-HBL-25-150x150.jpg\" class=\"attachment-thumbnail size-thumbnail\" alt=\"\" \/><\/a>\n\t\t\t<\/dt><\/dl><dl class='gallery-item'>\n\t\t\t<dt class='gallery-icon landscape'>\n\t\t\t\t<a href='\/wp-content\/uploads\/2021\/09\/Ceremonia-Reconocimiento-Funcionarios-HBL-24.jpg' rel=\"lightbox[11037]\"><img loading=\"lazy\" decoding=\"async\" width=\"150\" height=\"150\" src=\"\/wp-content\/uploads\/2021\/09\/Ceremonia-Reconocimiento-Funcionarios-HBL-24-150x150.jpg\" class=\"attachment-thumbnail size-thumbnail\" alt=\"\" \/><\/a>\n\t\t\t<\/dt><\/dl><dl class='gallery-item'>\n\t\t\t<dt class='gallery-icon landscape'>\n\t\t\t\t<a href='\/wp-content\/uploads\/2021\/09\/Ceremonia-Reconocimiento-Funcionarios-HBL-23.jpg' rel=\"lightbox[11037]\"><img loading=\"lazy\" decoding=\"async\" width=\"150\" height=\"150\" src=\"\/wp-content\/uploads\/2021\/09\/Ceremonia-Reconocimiento-Funcionarios-HBL-23-150x150.jpg\" class=\"attachment-thumbnail size-thumbnail\" alt=\"\" \/><\/a>\n\t\t\t<\/dt><\/dl><br style=\"clear: both\" \/><dl class='gallery-item'>\n\t\t\t<dt class='gallery-icon landscape'>\n\t\t\t\t<a href='\/wp-content\/uploads\/2021\/09\/Ceremonia-Reconocimiento-Funcionarios-HBL-22.jpg' rel=\"lightbox[11037]\"><img loading=\"lazy\" decoding=\"async\" width=\"150\" height=\"150\" src=\"\/wp-content\/uploads\/2021\/09\/Ceremonia-Reconocimiento-Funcionarios-HBL-22-150x150.jpg\" class=\"attachment-thumbnail size-thumbnail\" alt=\"\" \/><\/a>\n\t\t\t<\/dt><\/dl><dl class='gallery-item'>\n\t\t\t<dt class='gallery-icon landscape'>\n\t\t\t\t<a href='\/wp-content\/uploads\/2021\/09\/Ceremonia-Reconocimiento-Funcionarios-HBL-21.jpg' rel=\"lightbox[11037]\"><img loading=\"lazy\" decoding=\"async\" width=\"150\" height=\"150\" src=\"\/wp-content\/uploads\/2021\/09\/Ceremonia-Reconocimiento-Funcionarios-HBL-21-150x150.jpg\" class=\"attachment-thumbnail size-thumbnail\" alt=\"\" \/><\/a>\n\t\t\t<\/dt><\/dl><dl class='gallery-item'>\n\t\t\t<dt class='gallery-icon landscape'>\n\t\t\t\t<a href='\/wp-content\/uploads\/2021\/09\/Ceremonia-Reconocimiento-Funcionarios-HBL-20.jpg' rel=\"lightbox[11037]\"><img loading=\"lazy\" decoding=\"async\" width=\"150\" height=\"150\" src=\"\/wp-content\/uploads\/2021\/09\/Ceremonia-Reconocimiento-Funcionarios-HBL-20-150x150.jpg\" class=\"attachment-thumbnail size-thumbnail\" alt=\"\" \/><\/a>\n\t\t\t<\/dt><\/dl><br style=\"clear: both\" \/><dl class='gallery-item'>\n\t\t\t<dt class='gallery-icon landscape'>\n\t\t\t\t<a href='\/wp-content\/uploads\/2021\/09\/Ceremonia-Reconocimiento-Funcionarios-HBL-13.jpg' rel=\"lightbox[11037]\"><img loading=\"lazy\" decoding=\"async\" width=\"150\" height=\"150\" src=\"\/wp-content\/uploads\/2021\/09\/Ceremonia-Reconocimiento-Funcionarios-HBL-13-150x150.jpg\" class=\"attachment-thumbnail size-thumbnail\" alt=\"\" \/><\/a>\n\t\t\t<\/dt><\/dl><dl class='gallery-item'>\n\t\t\t<dt class='gallery-icon landscape'>\n\t\t\t\t<a href='\/wp-content\/uploads\/2021\/09\/Ceremonia-Reconocimiento-Funcionarios-HBL-14.jpg' rel=\"lightbox[11037]\"><img loading=\"lazy\" decoding=\"async\" width=\"150\" height=\"150\" src=\"\/wp-content\/uploads\/2021\/09\/Ceremonia-Reconocimiento-Funcionarios-HBL-14-150x150.jpg\" class=\"attachment-thumbnail size-thumbnail\" alt=\"\" \/><\/a>\n\t\t\t<\/dt><\/dl><dl class='gallery-item'>\n\t\t\t<dt class='gallery-icon landscape'>\n\t\t\t\t<a href='\/wp-content\/uploads\/2021\/09\/Ceremonia-Reconocimiento-Funcionarios-HBL-15.jpg' rel=\"lightbox[11037]\"><img loading=\"lazy\" decoding=\"async\" width=\"150\" height=\"150\" src=\"\/wp-content\/uploads\/2021\/09\/Ceremonia-Reconocimiento-Funcionarios-HBL-15-150x150.jpg\" class=\"attachment-thumbnail size-thumbnail\" alt=\"\" \/><\/a>\n\t\t\t<\/dt><\/dl><br style=\"clear: both\" \/><dl class='gallery-item'>\n\t\t\t<dt class='gallery-icon landscape'>\n\t\t\t\t<a href='\/wp-content\/uploads\/2021\/09\/Ceremonia-Reconocimiento-Funcionarios-HBL-16.jpg' rel=\"lightbox[11037]\"><img loading=\"lazy\" decoding=\"async\" width=\"150\" height=\"150\" src=\"\/wp-content\/uploads\/2021\/09\/Ceremonia-Reconocimiento-Funcionarios-HBL-16-150x150.jpg\" class=\"attachment-thumbnail size-thumbnail\" alt=\"\" \/><\/a>\n\t\t\t<\/dt><\/dl><dl class='gallery-item'>\n\t\t\t<dt class='gallery-icon landscape'>\n\t\t\t\t<a href='\/wp-content\/uploads\/2021\/09\/Ceremonia-Reconocimiento-Funcionarios-HBL-17.jpg' rel=\"lightbox[11037]\"><img loading=\"lazy\" decoding=\"async\" width=\"150\" height=\"150\" src=\"\/wp-content\/uploads\/2021\/09\/Ceremonia-Reconocimiento-Funcionarios-HBL-17-150x150.jpg\" class=\"attachment-thumbnail size-thumbnail\" alt=\"\" \/><\/a>\n\t\t\t<\/dt><\/dl><dl class='gallery-item'>\n\t\t\t<dt class='gallery-icon landscape'>\n\t\t\t\t<a href='\/wp-content\/uploads\/2021\/09\/Ceremonia-Reconocimiento-Funcionarios-HBL-18.jpg' rel=\"lightbox[11037]\"><img loading=\"lazy\" decoding=\"async\" width=\"150\" height=\"150\" src=\"\/wp-content\/uploads\/2021\/09\/Ceremonia-Reconocimiento-Funcionarios-HBL-18-150x150.jpg\" class=\"attachment-thumbnail size-thumbnail\" alt=\"\" \/><\/a>\n\t\t\t<\/dt><\/dl><br style=\"clear: both\" \/><dl class='gallery-item'>\n\t\t\t<dt class='gallery-icon landscape'>\n\t\t\t\t<a href='\/wp-content\/uploads\/2021\/09\/Ceremonia-Reconocimiento-Funcionarios-HBL-19.jpg' rel=\"lightbox[11037]\"><img loading=\"lazy\" decoding=\"async\" width=\"150\" height=\"150\" src=\"\/wp-content\/uploads\/2021\/09\/Ceremonia-Reconocimiento-Funcionarios-HBL-19-150x150.jpg\" class=\"attachment-thumbnail size-thumbnail\" alt=\"\" \/><\/a>\n\t\t\t<\/dt><\/dl><dl class='gallery-item'>\n\t\t\t<dt class='gallery-icon landscape'>\n\t\t\t\t<a href='\/wp-content\/uploads\/2021\/09\/Ceremonia-Reconocimiento-Funcionarios-HBL-12.jpg' rel=\"lightbox[11037]\"><img loading=\"lazy\" decoding=\"async\" width=\"150\" height=\"150\" src=\"\/wp-content\/uploads\/2021\/09\/Ceremonia-Reconocimiento-Funcionarios-HBL-12-150x150.jpg\" class=\"attachment-thumbnail size-thumbnail\" alt=\"\" \/><\/a>\n\t\t\t<\/dt><\/dl><dl class='gallery-item'>\n\t\t\t<dt class='gallery-icon landscape'>\n\t\t\t\t<a href='\/wp-content\/uploads\/2021\/09\/Ceremonia-Reconocimiento-Funcionarios-HBL-11.jpg' rel=\"lightbox[11037]\"><img loading=\"lazy\" decoding=\"async\" width=\"150\" height=\"150\" src=\"\/wp-content\/uploads\/2021\/09\/Ceremonia-Reconocimiento-Funcionarios-HBL-11-150x150.jpg\" class=\"attachment-thumbnail size-thumbnail\" alt=\"\" \/><\/a>\n\t\t\t<\/dt><\/dl><br style=\"clear: both\" \/><dl class='gallery-item'>\n\t\t\t<dt class='gallery-icon landscape'>\n\t\t\t\t<a href='\/wp-content\/uploads\/2021\/09\/Ceremonia-Reconocimiento-Funcionarios-HBL-10.jpg' rel=\"lightbox[11037]\"><img loading=\"lazy\" decoding=\"async\" width=\"150\" height=\"150\" src=\"\/wp-content\/uploads\/2021\/09\/Ceremonia-Reconocimiento-Funcionarios-HBL-10-150x150.jpg\" class=\"attachment-thumbnail size-thumbnail\" alt=\"\" \/><\/a>\n\t\t\t<\/dt><\/dl><dl class='gallery-item'>\n\t\t\t<dt class='gallery-icon landscape'>\n\t\t\t\t<a href='\/wp-content\/uploads\/2021\/09\/Ceremonia-Reconocimiento-Funcionarios-HBL-9.jpg' rel=\"lightbox[11037]\"><img loading=\"lazy\" decoding=\"async\" width=\"150\" height=\"150\" src=\"\/wp-content\/uploads\/2021\/09\/Ceremonia-Reconocimiento-Funcionarios-HBL-9-150x150.jpg\" class=\"attachment-thumbnail size-thumbnail\" alt=\"\" \/><\/a>\n\t\t\t<\/dt><\/dl><dl class='gallery-item'>\n\t\t\t<dt class='gallery-icon landscape'>\n\t\t\t\t<a href='\/wp-content\/uploads\/2021\/09\/Ceremonia-Reconocimiento-Funcionarios-HBL-8.jpg' rel=\"lightbox[11037]\"><img loading=\"lazy\" decoding=\"async\" width=\"150\" height=\"150\" src=\"\/wp-content\/uploads\/2021\/09\/Ceremonia-Reconocimiento-Funcionarios-HBL-8-150x150.jpg\" class=\"attachment-thumbnail size-thumbnail\" alt=\"\" \/><\/a>\n\t\t\t<\/dt><\/dl><br style=\"clear: both\" \/><dl class='gallery-item'>\n\t\t\t<dt class='gallery-icon landscape'>\n\t\t\t\t<a href='\/wp-content\/uploads\/2021\/09\/Ceremonia-Reconocimiento-Funcionarios-HBL-7.jpg' rel=\"lightbox[11037]\"><img loading=\"lazy\" decoding=\"async\" width=\"150\" height=\"150\" src=\"\/wp-content\/uploads\/2021\/09\/Ceremonia-Reconocimiento-Funcionarios-HBL-7-150x150.jpg\" class=\"attachment-thumbnail size-thumbnail\" alt=\"\" \/><\/a>\n\t\t\t<\/dt><\/dl><dl class='gallery-item'>\n\t\t\t<dt class='gallery-icon landscape'>\n\t\t\t\t<a href='\/wp-content\/uploads\/2021\/09\/Ceremonia-Reconocimiento-Funcionarios-HBL-6.jpg' rel=\"lightbox[11037]\"><img loading=\"lazy\" decoding=\"async\" width=\"150\" height=\"150\" src=\"\/wp-content\/uploads\/2021\/09\/Ceremonia-Reconocimiento-Funcionarios-HBL-6-150x150.jpg\" class=\"attachment-thumbnail size-thumbnail\" alt=\"\" \/><\/a>\n\t\t\t<\/dt><\/dl><dl class='gallery-item'>\n\t\t\t<dt class='gallery-icon landscape'>\n\t\t\t\t<a href='\/wp-content\/uploads\/2021\/09\/Ceremonia-Reconocimiento-Funcionarios-HBL-1.jpg' rel=\"lightbox[11037]\"><img loading=\"lazy\" decoding=\"async\" width=\"150\" height=\"150\" src=\"\/wp-content\/uploads\/2021\/09\/Ceremonia-Reconocimiento-Funcionarios-HBL-1-150x150.jpg\" class=\"attachment-thumbnail size-thumbnail\" alt=\"\" \/><\/a>\n\t\t\t<\/dt><\/dl><br style=\"clear: both\" \/><dl class='gallery-item'>\n\t\t\t<dt class='gallery-icon landscape'>\n\t\t\t\t<a href='\/wp-content\/uploads\/2021\/09\/Ceremonia-Reconocimiento-Funcionarios-HBL-2.jpg' rel=\"lightbox[11037]\"><img loading=\"lazy\" decoding=\"async\" width=\"150\" height=\"150\" src=\"\/wp-content\/uploads\/2021\/09\/Ceremonia-Reconocimiento-Funcionarios-HBL-2-150x150.jpg\" class=\"attachment-thumbnail size-thumbnail\" alt=\"\" \/><\/a>\n\t\t\t<\/dt><\/dl><dl class='gallery-item'>\n\t\t\t<dt class='gallery-icon landscape'>\n\t\t\t\t<a href='\/wp-content\/uploads\/2021\/09\/Ceremonia-Reconocimiento-Funcionarios-HBL-3.jpg' rel=\"lightbox[11037]\"><img loading=\"lazy\" decoding=\"async\" width=\"150\" height=\"150\" src=\"\/wp-content\/uploads\/2021\/09\/Ceremonia-Reconocimiento-Funcionarios-HBL-3-150x150.jpg\" class=\"attachment-thumbnail size-thumbnail\" alt=\"\" \/><\/a>\n\t\t\t<\/dt><\/dl><dl class='gallery-item'>\n\t\t\t<dt class='gallery-icon landscape'>\n\t\t\t\t<a href='\/wp-content\/uploads\/2021\/09\/Ceremonia-Reconocimiento-Funcionarios-HBL-4.jpg' rel=\"lightbox[11037]\"><img loading=\"lazy\" decoding=\"async\" width=\"150\" height=\"150\" src=\"\/wp-content\/uploads\/2021\/09\/Ceremonia-Reconocimiento-Funcionarios-HBL-4-150x150.jpg\" class=\"attachment-thumbnail size-thumbnail\" alt=\"\" \/><\/a>\n\t\t\t<\/dt><\/dl><br style=\"clear: both\" \/><dl class='gallery-item'>\n\t\t\t<dt class='gallery-icon landscape'>\n\t\t\t\t<a href='\/wp-content\/uploads\/2021\/09\/Ceremonia-Reconocimiento-Funcionarios-HBL-5.jpg' rel=\"lightbox[11037]\"><img loading=\"lazy\" decoding=\"async\" width=\"150\" height=\"150\" src=\"\/wp-content\/uploads\/2021\/09\/Ceremonia-Reconocimiento-Funcionarios-HBL-5-150x150.jpg\" class=\"attachment-thumbnail size-thumbnail\" alt=\"\" \/><\/a>\n\t\t\t<\/dt><\/dl><dl class='gallery-item'>\n\t\t\t<dt class='gallery-icon landscape'>\n\t\t\t\t<a href='\/wp-content\/uploads\/2021\/09\/Reconocimiento-funcionario-2.jpg' rel=\"lightbox[11037]\"><img loading=\"lazy\" decoding=\"async\" width=\"150\" height=\"150\" src=\"\/wp-content\/uploads\/2021\/09\/Reconocimiento-funcionario-2-150x150.jpg\" class=\"attachment-thumbnail size-thumbnail\" alt=\"\" \/><\/a>\n\t\t\t<\/dt><\/dl>\n\t\t\t<br style='clear: both' \/>\n\t\t<\/div>\n\n<p>&nbsp;<\/p>\n","protected":false},"excerpt":{"rendered":"<p>El equipo directivo destac\u00f3 el valor y compromiso de cada uno de los funcionarios que por m\u00e1s de un a\u00f1o y medio han enfrentado la dif\u00edcil situaci\u00f3n sanitaria Diariamente y por m\u00e1s de un a\u00f1o [&hellip;]<\/p>\n","protected":false},"author":8,"featured_media":11038,"comment_status":"closed","ping_status":"closed","sticky":false,"template":"","format":"standard","meta":{"footnotes":""},"categories":[5],"tags":[],"class_list":["post-11037","post","type-post","status-publish","format-standard","hentry","category-destacados"],"_links":{"self":[{"href":"https:\/\/www.hospitaldelinares.gob.cl\/index.php?rest_route=\/wp\/v2\/posts\/11037","targetHints":{"allow":["GET"]}}],"collection":[{"href":"https:\/\/www.hospitaldelinares.gob.cl\/index.php?rest_route=\/wp\/v2\/posts"}],"about":[{"href":"https:\/\/www.hospitaldelinares.gob.cl\/index.php?rest_route=\/wp\/v2\/types\/post"}],"author":[{"embeddable":true,"href":"https:\/\/www.hospitaldelinares.gob.cl\/index.php?rest_route=\/wp\/v2\/users\/8"}],"replies":[{"embeddable":true,"href":"https:\/\/www.hospitaldelinares.gob.cl\/index.php?rest_route=%2Fwp%2Fv2%2Fcomments&post=11037"}],"version-history":[{"count":7,"href":"https:\/\/www.hospitaldelinares.gob.cl\/index.php?rest_route=\/wp\/v2\/posts\/11037\/revisions"}],"predecessor-version":[{"id":11119,"href":"https:\/\/www.hospitaldelinares.gob.cl\/index.php?rest_route=\/wp\/v2\/posts\/11037\/revisions\/11119"}],"wp:featuredmedia":[{"embeddable":true,"href":"https:\/\/www.hospitaldelinares.gob.cl\/index.php?rest_route=\/wp\/v2\/media\/11038"}],"wp:attachment":[{"href":"https:\/\/www.hospitaldelinares.gob.cl\/index.php?rest_route=%2Fwp%2Fv2%2Fmedia&parent=11037"}],"wp:term":[{"taxonomy":"category","embeddable":true,"href":"https:\/\/www.hospitaldelinares.gob.cl\/index.php?rest_route=%2Fwp%2Fv2%2Fcategories&post=11037"},{"taxonomy":"post_tag","embeddable":true,"href":"https:\/\/www.hospitaldelinares.gob.cl\/index.php?rest_route=%2Fwp%2Fv2%2Ftags&post=11037"}],"curies":[{"name":"wp","href":"https:\/\/api.w.org\/{rel}","templated":true}]}}